{"id":40545,"date":"2025-07-08T15:28:07","date_gmt":"2025-07-08T18:28:07","guid":{"rendered":"https:\/\/13.com.ar\/index.php\/la-um-firmo-un-convenio-para-que-sus-estudiantes-de-derecho-accedan-a-un-titulo-europeo\/"},"modified":"2025-07-08T15:28:07","modified_gmt":"2025-07-08T18:28:07","slug":"la-um-firmo-un-convenio-para-que-sus-estudiantes-de-derecho-accedan-a-un-titulo-europeo","status":"publish","type":"post","link":"https:\/\/13.com.ar\/index.php\/la-um-firmo-un-convenio-para-que-sus-estudiantes-de-derecho-accedan-a-un-titulo-europeo\/","title":{"rendered":"La UM firm\u00f3 un convenio para que sus estudiantes de Derecho accedan a un t\u00edtulo europeo"},"content":{"rendered":"<p> <br \/>\n<br \/><img decoding=\"async\" src=\"https:\/\/13.com.ar\/wp-content\/uploads\/2025\/07\/La-UM-firmo-un-convenio-para-que-sus-estudiantes-de.jpg\" \/><\/p>\n<div id=\"element-body-0\">\n<p>La <strong>Universidad de Mor\u00f3n<\/strong> dio un paso importante para sus estudiantes y egresados de Derecho al firmar un acuerdo con la <strong>Universidad Internacional de La Rioja<\/strong> (UNIR), una reconocida instituci\u00f3n espa\u00f1ola especializada en formaci\u00f3n online. <\/p>\n<\/div>\n<div id=\"element-body-1\">\n<p>Gracias a este convenio, quienes cursan o ya completaron la carrera de abogac\u00eda en la UM podr\u00e1n acceder a una doble titulaci\u00f3n con validez tanto en Argentina como en toda Europa.<\/p>\n<\/div>\n<div id=\"element-body-2\">\n<p>Este proceso se realiza de manera <strong>completamente virtual<\/strong>, sin necesidad de trasladarse ni realizar tr\u00e1mites presenciales. Los interesados deben ingresar al sitio web de UNIR para iniciar el procedimiento, que fue dise\u00f1ado para ser \u00e1gil, claro y accesible. \u201cPensamos un sistema para que cualquiera pueda hacerlo desde donde est\u00e9, con la universidad acompa\u00f1ando en cada paso\u201d, se\u00f1ala Pablo Navarro, decano de la Escuela Superior de Leyes de la UM.<\/p>\n<\/div>\n<div id=\"element-body-4\">\n<p>Uno de los aspectos destacados de este programa es su accesibilidad: <strong>no es necesario estar por recibirse para participar<\/strong>. Cualquier estudiante que haya aprobado al menos un semestre ya puede comenzar el proceso. El \u00fanico requisito acad\u00e9mico es contar con 30 cr\u00e9ditos, equivalentes a seis materias. De esta forma, desde etapas tempranas de la carrera, los alumnos pueden incorporar una experiencia internacional que enriquece su formaci\u00f3n y potencia su perfil profesional, cada vez m\u00e1s valorado en un entorno globalizado.<\/p>\n<\/div>\n<div id=\"element-body-5\">\n<p><strong>La doble titulaci\u00f3n<\/strong> no implica tener que cursar nuevamente toda la carrera ni interrumpir los estudios en la UM. El trayecto adicional se realiza en el campus virtual de UNIR, donde los estudiantes acceden a contenidos especialmente desarrollados para este convenio. Las materias incluyen asignaturas como <strong>Derecho procesal espa\u00f1ol y las fuentes del ordenamiento jur\u00eddico europeo<\/strong>, lo que permite adquirir una mirada comparada y comprender distintos sistemas legales, m\u00e1s all\u00e1 del enfoque local.<\/p>\n<\/div>\n<div id=\"element-body-7\">\n<p>Una vez completado el programa, los estudiantes reciben un t\u00edtulo con <strong>reconocimiento oficial en toda Europa<\/strong>. Para quienes deseen ejercer como abogados en Espa\u00f1a, se requiere cursar un m\u00e1ster adicional de un a\u00f1o, tambi\u00e9n dictado por UNIR en modalidad virtual. \u201cEste m\u00e1ster facilita mucho el camino para quienes quieran dar ese salto profesional y proyectarse internacionalmente\u201d, explica Navarro. No obstante, incluso sin ese paso extra, la doble titulaci\u00f3n ya representa un diferencial importante para perfiles orientados al derecho corporativo, el comercio exterior o las organizaciones internacionales.<\/p>\n<\/div>\n<div id=\"element-body-8\">\n<p>Adem\u00e1s, el convenio contempla beneficios econ\u00f3micos concretos. Los estudiantes y egresados de la UM pueden acceder a descuentos que van del <strong>10 al 30 % en los programas de grado y posgrado<\/strong> ofrecidos por UNIR, as\u00ed como becas completas para cursar maestr\u00edas en distintas disciplinas del derecho y las ciencias sociales.<\/p>\n<\/div>\n<div id=\"element-body-9\">\n<p>\u201cLa doble titulaci\u00f3n es m\u00e1s que un t\u00edtulo extra. Es una herramienta estrat\u00e9gica para destacarse en un mercado laboral cada vez m\u00e1s competitivo, desarrollar una mirada internacional y enriquecer la formaci\u00f3n con experiencias culturales y acad\u00e9micas diversas\u201d, se\u00f1al\u00f3 el decano.<\/p>\n<\/div>\n<p><br \/>\n<br \/><a href=\"https:\/\/www.clarin.com\/zonales\/um-firmo-convenio-estudiantes-derecho-accedan-titulo-europeo_0_X7iJBbX6QT.html\">Fuente Clarin.com <\/a><\/p>\n","protected":false},"excerpt":{"rendered":"<p>La Universidad de Mor\u00f3n dio un paso importante para sus estudiantes y egresados de Derecho al firmar un acuerdo con la Universidad Internacional de La Rioja (UNIR), una reconocida instituci\u00f3n espa\u00f1ola especializada en formaci\u00f3n online. Gracias a este convenio, quienes cursan o ya completaron la carrera de abogac\u00eda en la UM podr\u00e1n acceder a una [&hellip;]<\/p>\n","protected":false},"author":1,"featured_media":40546,"comment_status":"open","ping_status":"open","sticky":false,"template":"","format":"standard","meta":{"footnotes":""},"categories":[2],"tags":[23267,19844,2936,605,6508,4352,16,40,5752],"class_list":["post-40545","post","type-post","status-publish","format-standard","has-post-thumbnail","hentry","category-ultimas-noticias","tag-accedan","tag-convenio","tag-derecho","tag-estudiantes","tag-europeo","tag-firmo","tag-para","tag-sus","tag-titulo"],"_links":{"self":[{"href":"https:\/\/13.com.ar\/index.php\/wp-json\/wp\/v2\/posts\/40545","targetHints":{"allow":["GET"]}}],"collection":[{"href":"https:\/\/13.com.ar\/index.php\/wp-json\/wp\/v2\/posts"}],"about":[{"href":"https:\/\/13.com.ar\/index.php\/wp-json\/wp\/v2\/types\/post"}],"author":[{"embeddable":true,"href":"https:\/\/13.com.ar\/index.php\/wp-json\/wp\/v2\/users\/1"}],"replies":[{"embeddable":true,"href":"https:\/\/13.com.ar\/index.php\/wp-json\/wp\/v2\/comments?post=40545"}],"version-history":[{"count":0,"href":"https:\/\/13.com.ar\/index.php\/wp-json\/wp\/v2\/posts\/40545\/revisions"}],"wp:featuredmedia":[{"embeddable":true,"href":"https:\/\/13.com.ar\/index.php\/wp-json\/wp\/v2\/media\/40546"}],"wp:attachment":[{"href":"https:\/\/13.com.ar\/index.php\/wp-json\/wp\/v2\/media?parent=40545"}],"wp:term":[{"taxonomy":"category","embeddable":true,"href":"https:\/\/13.com.ar\/index.php\/wp-json\/wp\/v2\/categories?post=40545"},{"taxonomy":"post_tag","embeddable":true,"href":"https:\/\/13.com.ar\/index.php\/wp-json\/wp\/v2\/tags?post=40545"}],"curies":[{"name":"wp","href":"https:\/\/api.w.org\/{rel}","templated":true}]}}