{"id":40543,"date":"2025-07-08T15:25:01","date_gmt":"2025-07-08T18:25:01","guid":{"rendered":"https:\/\/13.com.ar\/index.php\/como-el-clima-la-geografia-y-las-politicas-fallidas-causaron-un-desastre\/"},"modified":"2025-07-08T15:25:01","modified_gmt":"2025-07-08T18:25:01","slug":"como-el-clima-la-geografia-y-las-politicas-fallidas-causaron-un-desastre","status":"publish","type":"post","link":"https:\/\/13.com.ar\/index.php\/como-el-clima-la-geografia-y-las-politicas-fallidas-causaron-un-desastre\/","title":{"rendered":"c\u00f3mo el clima, la geograf\u00eda y las pol\u00edticas fallidas causaron un desastre"},"content":{"rendered":"<p> <br \/>\n<\/p>\n<div id=\"cuerpo\">\n<div class=\"sc-45461e9c-0 eqiBeF container-text text-embed \" id=\"element-body-0\">\n<p>La esperanza de encontrar sobrevivientes de las<strong> catastr\u00f3ficas inundaciones en Texas <\/strong>se desvaneci\u00f3 el martes, un d\u00eda despu\u00e9s de que el n\u00famero de muertos superara los 100, y los equipos continuaban la b\u00fasqueda de personas desaparecidas tras el desastre.<\/p>\n<\/div>\n<div class=\"sc-45461e9c-0 eqiBeF container-text text-embed \" id=\"element-body-1\">\n<p>El clima, la posici\u00f3n geogr\u00e1fica y las deficiencias en las pol\u00edticas son algunos de los factores que explican el dram\u00e1tico balance del desastre, en el que murieron decenas de chicos, entre ellos un grupo que estaba en un campamento de verano.<\/p>\n<\/div>\n<div class=\"sc-45461e9c-0 eqiBeF container-text text-embed \" id=\"element-body-2\">\n<p>&#13;<br \/>\n Aqu\u00ed un an\u00e1lisis de las fuerzas entrelazadas que amplificaron el impacto de esta cat\u00e1strofe en ese estado del sur de Estados Unidos:<\/p>\n<\/div>\n<p><h2>&#8220;Callej\u00f3n de las inundaciones repentinas&#8221;<\/h2>\n<\/p>\n<div class=\"sc-45461e9c-0 eqiBeF container-text text-embed \" id=\"element-body-4\">\n<p>La regi\u00f3n texana de Hill Country se encuentra en una zona conocida como el &#8220;callej\u00f3n de las inundaciones repentinas&#8221;, explica Hatim Sharif, hidr\u00f3logo de la Universidad de Texas en San Antonio.<\/p>\n<\/div>\n<div class=\"sc-45461e9c-0 eqiBeF container-text text-embed \" id=\"element-body-5\">\n<p>&#13;<br \/>\n El aire c\u00e1lido del golfo sube por el escarpe de Balcones -una l\u00ednea de colinas abruptas y acantilados que se arquea hacia el suroeste desde Dallas-, se enfr\u00eda y vierte torrentes sobre suelos finos que ceden r\u00e1pidamente el paso al lecho rocoso.<\/p>\n<\/div>\n<p><iframe title=\"La zona m\u00e1s afectada por las inundaciones rel\u00e1mpago en Texas\" aria-label=\"Mapas de ubicaci\u00f3n\" id=\"datawrapper-chart-woUGe\" src=\"https:\/\/datawrapper.dwcdn.net\/woUGe\/2\/\" scrolling=\"no\" frameborder=\"0\" style=\"width: 0; min-width: 100% !important; border: none;\" height=\"668\" data-external=\"1\"><\/iframe><\/p>\n<div class=\"sc-45461e9c-0 eqiBeF container-text text-embed \" id=\"element-body-7\">\n<p>&#13;<br \/>\n A continuaci\u00f3n, la escorrent\u00eda se canaliza a trav\u00e9s de una densa red de arroyos.<\/p>\n<\/div>\n<div class=\"sc-45461e9c-0 eqiBeF container-text text-embed \" id=\"element-body-8\">\n<p>&#13;<br \/>\n &#8220;El agua subir\u00e1 (de nivel) muy, muy r\u00e1pido, en cuesti\u00f3n de minutos o de horas&#8221;, declar\u00f3 Sharif a la AFP.<\/p>\n<\/div>\n<div class=\"sc-45461e9c-0 eqiBeF container-text text-embed \" id=\"element-body-9\">\n<p>&#13;<br \/>\n Y las primeras horas del 4 de julio lo demostraron.<\/p>\n<\/div>\n<div class=\"sc-45461e9c-0 eqiBeF container-text text-embed \" id=\"element-body-10\">\n<p>Hacia las 3 de la madrugada, hora local, un medidor situado cerca de campamento Mystic, en Hunt, indicaba que el r\u00edo Guadalupe crec\u00eda casi 30 cent\u00edmetros cada cinco minutos. A las 04H30 el nivel del afluente subi\u00f3 m\u00e1s de 6 metros, seg\u00fan los datos del Servicio Meteorol\u00f3gico Nacional de Estados Unidos (NWS).<\/p>\n<\/div>\n<div class=\"sc-98b114a2-0 bkqiHH image-embed  image-embed \" id=\"element-body-11\"><picture class=\"sc-98b114a2-1 jRUlDm\"><source media=\"(min-width: 975px)\" width=\"720\" height=\"480\" \/><img alt=\"Polic\u00edas de Austin, Texas, en el operativo de b\u00fasqueda de v\u00edctimas tras las feroces inundaciones. Foto:  EFE\" loading=\"lazy\" width=\"720\" height=\"480\" decoding=\"async\" data-nimg=\"1\" style=\"color:transparent\" src=\"https:\/\/13.com.ar\/wp-content\/uploads\/2025\/07\/como-el-clima-la-geografia-y-las-politicas-fallidas-causaron.jpg\"\/><span class=\"epigraphe\">Polic\u00edas de Austin, Texas, en el operativo de b\u00fasqueda de v\u00edctimas tras las feroces inundaciones. Foto:  EFE<\/span><span class=\"picture-open\"><button class=\"open-image\" aria-label=\"Open Image\"\/><\/span><\/picture><\/div>\n<div class=\"sc-45461e9c-0 eqiBeF container-text text-embed \" id=\"element-body-12\">\n<p>Era <strong>agua suficiente para arrastrar personas, veh\u00edculos y edificios<\/strong>.<\/p>\n<\/div>\n<div class=\"sc-45461e9c-0 eqiBeF container-text text-embed \" id=\"element-body-13\">\n<p>Poco despu\u00e9s de la 1, se emiti\u00f3 una alerta del NWS, pero la mayor\u00eda de los campistas estaban durmiendo. Los tel\u00e9fonos estaban prohibidos y la cobertura era irregular, mientras que la oscuridad hace que las v\u00edas de escape sean dif\u00edciles de definir.<\/p>\n<\/div>\n<div class=\"sc-45461e9c-0 eqiBeF container-text text-embed \" id=\"element-body-14\">\n<p>&#13;<br \/>\n Sharif insta a utilizar previsiones hidrol\u00f3gicas que conviertan las precipitaciones en niveles probables de los r\u00edos.<\/p>\n<\/div>\n<div class=\"sc-45461e9c-0 eqiBeF container-text text-embed \" id=\"element-body-15\">\n<p>&#8220;Las precipitaciones deben traducirse en escorrent\u00eda&#8221;, afirma. &#8220;Si tienes 25 cent\u00edmetros, \u00bfqu\u00e9 pasar\u00e1?&#8221;<\/p>\n<\/div>\n<div class=\"sc-45461e9c-0 eqiBeF container-text text-embed \" id=\"element-body-16\">\n<p>Los campamentos de verano atraen desde hace mucho tiempo a la regi\u00f3n por su belleza natural. Pero con el aumento de los riesgos, Sharif advierte que <strong>no es prudente tratar estos lugares como seguros o permanentes.<\/strong><\/p>\n<\/div>\n<div class=\"sc-98b114a2-0 bkqiHH image-embed  image-embed \" id=\"element-body-17\"><picture class=\"sc-98b114a2-1 jRUlDm\"><source media=\"(min-width: 975px)\" width=\"720\" height=\"480\" \/><img alt=\"Un autopista en condado de Kerr, en Texas, tras el desborde del r\u00edo Guadalupe River por las lluvias torrencials del s\u00e1bado. Foto: REUTERS\" loading=\"lazy\" width=\"720\" height=\"480\" decoding=\"async\" data-nimg=\"1\" style=\"color:transparent\" src=\"https:\/\/13.com.ar\/wp-content\/uploads\/2025\/07\/1751999101_282_como-el-clima-la-geografia-y-las-politicas-fallidas-causaron.jpg\"\/><span class=\"epigraphe\">Un autopista en condado de Kerr, en Texas, tras el desborde del r\u00edo Guadalupe River por las lluvias torrencials del s\u00e1bado. Foto: REUTERS<\/span><span class=\"picture-open\"><button class=\"open-image\" aria-label=\"Open Image\"\/><\/span><\/picture><\/div>\n<div class=\"sc-45461e9c-0 eqiBeF container-text text-embed \" id=\"element-body-18\">\n<p>Una atm\u00f3sfera m\u00e1s c\u00e1lida retiene m\u00e1s humedad, lo que favorece las lluvias torrenciales.<\/p>\n<\/div>\n<div class=\"sc-45461e9c-0 eqiBeF container-text text-embed \" id=\"element-body-19\">\n<p>Seg\u00fan un nuevo an\u00e1lisis de ClimaMeter, las condiciones meteorol\u00f3gicas que precedieron a las inundaciones, en las que se registr\u00f3<strong> m\u00e1s del doble del promedio mensual de precipitaciones en un solo d\u00eda<\/strong>, no pueden explicarse \u00fanicamente por la variabilidad natural.<\/p>\n<\/div>\n<div class=\"sc-45461e9c-0 eqiBeF container-text text-embed \" id=\"element-body-20\">\n<p>&#13;<br \/>\n &#8220;El cambio clim\u00e1tico ya nos est\u00e1 afectando, as\u00ed que tenemos que adaptarnos&#8221;, apunta Mireia Ginesta, climat\u00f3loga de la Universidad de Oxford y coautora de la investigaci\u00f3n, financiada por la Uni\u00f3n Europea y el Centro Nacional de Investigaci\u00f3n Cient\u00edfica de Francia (CNRS).<\/p>\n<\/div>\n<div class=\"sc-45461e9c-0 eqiBeF container-text text-embed \" id=\"element-body-21\">\n<p>&#13;<br \/>\n &#8220;Tambi\u00e9n tenemos que reducir nuestras emisiones y asegurarnos de que se proporciona la financiaci\u00f3n adecuada a los servicios de previsi\u00f3n y a la investigaci\u00f3n en general sobre el cambio clim\u00e1tico&#8221;, agreg\u00f3.<\/p>\n<\/div>\n<div class=\"sc-45461e9c-0 eqiBeF container-text text-embed \" id=\"element-body-22\">\n<p>El llamado se produce cuando el servicio meteorol\u00f3gico, al igual que otras agencias, ha experimentado profundos recortes de personal bajo el gobierno del republicano Donald Trump.<\/p>\n<\/div>\n<div class=\"sc-98b114a2-0 bkqiHH image-embed  image-embed \" id=\"element-body-23\"><picture class=\"sc-98b114a2-1 jRUlDm\"><source media=\"(min-width: 975px)\" width=\"720\" height=\"480\" \/><img alt=\"El desastre en Texas fue una suma de clima adverso y malas pol\u00edticas de aviso y protecci\u00f3n. Foto: EFE\" loading=\"lazy\" width=\"720\" height=\"480\" decoding=\"async\" data-nimg=\"1\" style=\"color:transparent\" src=\"https:\/\/13.com.ar\/wp-content\/uploads\/2025\/07\/1751999101_196_como-el-clima-la-geografia-y-las-politicas-fallidas-causaron.jpg\"\/><span class=\"epigraphe\">El desastre en Texas fue una suma de clima adverso y malas pol\u00edticas de aviso y protecci\u00f3n. Foto: EFE<\/span><span class=\"picture-open\"><button class=\"open-image\" aria-label=\"Open Image\"\/><\/span><\/picture><\/div>\n<div class=\"sc-45461e9c-0 eqiBeF container-text text-embed \" id=\"element-body-24\">\n<p>Los expertos subrayan, sin embargo, que los meteor\u00f3logos del NWS se desempe\u00f1aron admirablemente bajo las circunstancias.<\/p>\n<\/div>\n<p><h2>Sistemas de alerta<\/h2>\n<\/p>\n<div class=\"sc-45461e9c-0 eqiBeF container-text text-embed \" id=\"element-body-26\">\n<p>Durante a\u00f1os, los comisionados del condado de Kerr, el m\u00e1s afectado, consideraron las <strong>sirenas de inundaci\u00f3n y las alertas digitales <\/strong>para reemplazar la pr\u00e1ctica informal de que el personal de un campamento de verano se comunique por radio y avise a los dem\u00e1s albergues.<\/p>\n<\/div>\n<div class=\"sc-45461e9c-0 eqiBeF container-text text-embed \" id=\"element-body-27\">\n<p>&#13;<br \/>\n Las actas de una reuni\u00f3n de 2016 muestran que los funcionarios calificaron incluso un estudio de viabilidad como &#8220;un poco extravagante&#8221;, al sugerir que las sirenas ayudar\u00edan principalmente a los turistas y avalaron el sistema de boca en boca.<\/p>\n<\/div>\n<div class=\"sc-45461e9c-0 eqiBeF container-text text-embed \" id=\"element-body-28\">\n<p>&#13;<br \/>\n &#8220;La idea de que nuestro hermoso condado de Kerr tenga estas malditas sirenas sonando en mitad de la noche me va a obligar a volver a beber para poder resistir&#8221;, declar\u00f3 el comisionado H.A. Buster Baldwin seg\u00fan una transcripci\u00f3n.<\/p>\n<\/div>\n<div class=\"sc-45461e9c-0 eqiBeF container-text text-embed \" id=\"element-body-29\">\n<p>&#13;<br \/>\n Tras el desastre, Nicole Wilson, una madre de San Antonio que estuvo a punto de enviar a sus hijas al campamento Mystic, lanz\u00f3 una petici\u00f3n en Change.org en la que insta al gobernador Greg Abbott a aprobar una red de alerta moderna.<\/p>\n<\/div>\n<div class=\"sc-45461e9c-0 eqiBeF container-text text-embed \" id=\"element-body-30\">\n<p>&#13;<br \/>\n &#8220;Cinco minutos de esa sirena podr\u00edan haber salvado a cada uno de esos ni\u00f1os&#8221;, dijo a la AFP.<\/p>\n<\/div>\n<\/div>\n<p><br \/>\n<br \/><a href=\"https:\/\/www.clarin.com\/mundo\/100-muertos-inundaciones-texas-clima-geografia-politicas-fallidas-causaron-desastre_0_rwfZoPamOM.html\">Fuente Clarin.com <\/a><\/p>\n","protected":false},"excerpt":{"rendered":"<p>La esperanza de encontrar sobrevivientes de las catastr\u00f3ficas inundaciones en Texas se desvaneci\u00f3 el martes, un d\u00eda despu\u00e9s de que el n\u00famero de muertos superara los 100, y los equipos continuaban la b\u00fasqueda de personas desaparecidas tras el desastre. El clima, la posici\u00f3n geogr\u00e1fica y las deficiencias en las pol\u00edticas son algunos de los factores [&hellip;]<\/p>\n","protected":false},"author":1,"featured_media":40544,"comment_status":"open","ping_status":"open","sticky":false,"template":"","format":"standard","meta":{"footnotes":""},"categories":[2],"tags":[8108,1511,66,3120,23266,17119,48,3591],"class_list":["post-40543","post","type-post","status-publish","format-standard","has-post-thumbnail","hentry","category-ultimas-noticias","tag-causaron","tag-clima","tag-como","tag-desastre","tag-fallidas","tag-geografia","tag-las","tag-politicas"],"_links":{"self":[{"href":"https:\/\/13.com.ar\/index.php\/wp-json\/wp\/v2\/posts\/40543","targetHints":{"allow":["GET"]}}],"collection":[{"href":"https:\/\/13.com.ar\/index.php\/wp-json\/wp\/v2\/posts"}],"about":[{"href":"https:\/\/13.com.ar\/index.php\/wp-json\/wp\/v2\/types\/post"}],"author":[{"embeddable":true,"href":"https:\/\/13.com.ar\/index.php\/wp-json\/wp\/v2\/users\/1"}],"replies":[{"embeddable":true,"href":"https:\/\/13.com.ar\/index.php\/wp-json\/wp\/v2\/comments?post=40543"}],"version-history":[{"count":0,"href":"https:\/\/13.com.ar\/index.php\/wp-json\/wp\/v2\/posts\/40543\/revisions"}],"wp:featuredmedia":[{"embeddable":true,"href":"https:\/\/13.com.ar\/index.php\/wp-json\/wp\/v2\/media\/40544"}],"wp:attachment":[{"href":"https:\/\/13.com.ar\/index.php\/wp-json\/wp\/v2\/media?parent=40543"}],"wp:term":[{"taxonomy":"category","embeddable":true,"href":"https:\/\/13.com.ar\/index.php\/wp-json\/wp\/v2\/categories?post=40543"},{"taxonomy":"post_tag","embeddable":true,"href":"https:\/\/13.com.ar\/index.php\/wp-json\/wp\/v2\/tags?post=40543"}],"curies":[{"name":"wp","href":"https:\/\/api.w.org\/{rel}","templated":true}]}}