{"id":4050,"date":"2025-02-11T20:30:28","date_gmt":"2025-02-11T23:30:28","guid":{"rendered":"https:\/\/13.com.ar\/index.php\/si-fuera-por-el-no-estariamos-casados-ni-en-pareja\/"},"modified":"2025-02-11T20:30:28","modified_gmt":"2025-02-11T23:30:28","slug":"si-fuera-por-el-no-estariamos-casados-ni-en-pareja","status":"publish","type":"post","link":"https:\/\/13.com.ar\/index.php\/si-fuera-por-el-no-estariamos-casados-ni-en-pareja\/","title":{"rendered":"Si fuera por \u00e9l no estar\u00edamos casados ni en pareja"},"content":{"rendered":"<p> <br \/>\n<\/p>\n<div id=\"cuerpo\">\n<div class=\"sc-80531b6b-0 chRIGJ container-text text-embed\">\n<p><strong>Estefan\u00eda Pasquini <\/strong>(39)<strong> sorprendi\u00f3 a Alberto Cormillot<\/strong> (86) al aire en <em>Cuesti\u00f3n de Peso<\/em> (El Trece) con un planteo inesperado.<\/p>\n<\/div>\n<div class=\"sc-80531b6b-0 chRIGJ container-text text-embed\">\n<p>Hablando del romance de dos participantes del programa, Mario Massaccesi, conductor del ciclo, le pregunt\u00f3 a Pasquini c\u00f3mo hab\u00edan sido las propuestas de noviazgo y casamiento que recibi\u00f3 de parte de Cormillot.<\/p>\n<\/div>\n<div class=\"sc-80531b6b-0 chRIGJ container-text text-embed\">\n<p>Entonces, la nutricionista r\u00e1pidamente respondi\u00f3: &#8220;\u00bfCu\u00e1l de las dos propuestas que no hizo?&#8221;. Y lanz\u00f3, picante: &#8220;Porque <strong>si es por \u00e9l hoy no estar\u00edamos casados ni en pareja&#8221;.<\/strong><\/p>\n<\/div>\n<div class=\"sc-80531b6b-0 chRIGJ container-text text-embed\">\n<p>Al escucharla, el reconocido m\u00e9dico no pudo escuchar su cara de sorpresa. &#8220;\u00bfPar\u00e1, c\u00f3mo es esto?&#8221;, le pregunt\u00f3.<\/p>\n<\/div>\n<div class=\"sc-80531b6b-0 chRIGJ container-text text-embed\">\n<p>Entonces, Pasquini relat\u00f3 primero c\u00f3mo fue que ella tom\u00f3 conocimiento que oficialmente estaban en pareja. <\/p>\n<\/div>\n<div class=\"sc-80531b6b-0 chRIGJ container-text text-embed\">\n<p>&#8220;Un d\u00eda lo escuch\u00e9 hablando por tel\u00e9fono y dice &#8216;ac\u00e1 estoy, con mi pareja&#8217;. Yo estaba una tercera persona en la casa, porque \u00e9l nunca me hab\u00eda dicho que eramos pareja. Yo pens\u00e9 que iba a ser de alguna manera&#8230;&#8221;, detall\u00f3.<\/p>\n<\/div>\n<div class=\"sc-198be8ec-0 cynXbu image-embed  image-embed \"><picture class=\"sc-198be8ec-1 kOjRiQ\"><source media=\"(min-width: 975px)\" width=\"720\" height=\"480\" \/><img alt=\"Estefan\u00eda Pasquini sorprendi\u00f3 a Alberto Cormillot con un reclamo al aire. Captura TV.\" loading=\"lazy\" width=\"720\" height=\"480\" decoding=\"async\" data-nimg=\"1\" style=\"color:transparent\" src=\"https:\/\/13.com.ar\/wp-content\/uploads\/2025\/02\/Si-fuera-por-el-no-estariamos-casados-ni-en-pareja.jpg\"\/><span class=\"epigraphe\">Estefan\u00eda Pasquini sorprendi\u00f3 a Alberto Cormillot con un reclamo al aire. Captura TV.<\/span><span class=\"bkg\"\/><span class=\"picture-open\"><button class=\"open-image\" aria-label=\"Open Image\"\/><\/span><\/picture><\/div>\n<div class=\"sc-80531b6b-0 chRIGJ container-text text-embed\">\n<p>Y sigui\u00f3 con el reproche dirigido a su marido y padre de su hijo, Emilio: <strong>&#8220;Cuando nos casamos no me pediste a m\u00ed casamiento&#8230;<\/strong> Lo comunic\u00f3 en una charla. Dijo &#8216;porque ahora nos casamos en Las Vegas y cuando volvamos al mes nos casamos ac\u00e1&#8217;. Y se pusieron todos a brindar. Y yo dije &#8216;\u00a1Esper\u00e1! \u00a1Esper\u00e1! Est\u00e1 diciendo cualquier boludez, es mentira&#8217;. O sea, <strong>yo no sab\u00eda que era verdad lo que estaba diciendo. Nunca me lo comunic\u00f3 a m\u00ed que nos cas\u00e1bamos&#8221;. <\/strong><\/p>\n<\/div>\n<div class=\"sc-80531b6b-0 chRIGJ container-text text-embed\">\n<p><strong>&#8220;Lo di por sentado&#8221;<\/strong>, se defendi\u00f3 Cormillot, justificando su accionar.<\/p>\n<\/div>\n<p><h2>La historia de amor de Alberto Cormillot y Estefan\u00eda Pasquini<\/h2>\n<\/p>\n<div class=\"sc-80531b6b-0 chRIGJ container-text text-embed\">\n<p>Alberto y Estefan\u00eda se conocieron en el trabajo. Aunque antes, Estefan\u00eda estudi\u00f3 nutrici\u00f3n en la escuela ISalud, donde Alberto Cormillot es profesor y director de la carrera. \u201cAh\u00ed lo conoc\u00ed desde otro lugar y nos re\u00edamos un mont\u00f3n. Los dos somos hijos \u00fanicos y tenemos madres de estilos muy parecidos y nos re\u00edamos mucho compartiendo cosas que vivimos los dos. Lo empec\u00e9 a conocer y dije &#8216;me divierto mucho m\u00e1s que con cualquier otra persona&#8217;. Y ah\u00ed les empec\u00e9 a contar a mis amigas\u201d, le cont\u00f3 a Clarin.<\/p>\n<\/div>\n<div class=\"sc-ad4aedf2-0 dPPgNJ border-video video-embed horizontal border-video video-embed horizontal\">\n<div class=\"sc-ad4aedf2-1 hnFuni videoText videoText\">\n<h2>Video<\/h2>\n<p>La nutricionista cont\u00f3 detalles de su relaci\u00f3n con Alberto Cormillot.<\/p>\n<\/div>\n<\/div>\n<div class=\"sc-80531b6b-0 chRIGJ container-text text-embed\">\n<p>Un d\u00eda Pasquini reconoci\u00f3 ante sus amigas que le pasaban cosas con Alberto. Todas ellas la apoyaron desde un principio. \u201cLa \u00fanica que segu\u00eda negando que le pasaba algo era yo, porque no me entraba en la cabeza la diferencia de edad y aparte que sea mi jefe\u201d, explic\u00f3 la nutricionista, que primero tuvo que dejar atr\u00e1s sus prejuicios por la diferencia de edad para comenzar la relaci\u00f3n.<\/p>\n<\/div>\n<div class=\"sc-80531b6b-0 chRIGJ container-text text-embed\">\n<p>El casamiento de Alberto Cormillot y Estefan\u00eda Pasquini fue en 2019, en una ceremonia al aire libre en un sal\u00f3n de Villa Devoto. <\/p>\n<\/div>\n<div class=\"sc-80531b6b-0 chRIGJ container-text text-embed\">\n<p>Y en septiembre de 2021 naci\u00f3 Emilio, el primer hijo de la pareja.<\/p>\n<\/div>\n<div class=\"sc-198be8ec-0 cynXbu image-embed  image-embed \"><picture class=\"sc-198be8ec-1 kOjRiQ\"><source media=\"(min-width: 975px)\" width=\"720\" height=\"480\" \/><img alt=\"Alberto Cormillot y Estefania Pasquini, con el peque\u00f1o Emilio. Movilpress. Archivo.\" loading=\"lazy\" width=\"720\" height=\"480\" decoding=\"async\" data-nimg=\"1\" style=\"color:transparent\" src=\"https:\/\/13.com.ar\/wp-content\/uploads\/2025\/02\/1739316628_855_Si-fuera-por-el-no-estariamos-casados-ni-en-pareja.jpg\"\/><span class=\"epigraphe\">Alberto Cormillot y Estefania Pasquini, con el peque\u00f1o Emilio. Movilpress. Archivo.<\/span><span class=\"bkg\"\/><span class=\"picture-open\"><button class=\"open-image\" aria-label=\"Open Image\"\/><\/span><\/picture><\/div>\n<\/div>\n<p><br \/>\n<br \/><a href=\"https:\/\/www.clarin.com\/fama\/estefania-pasquini-sorprendio-alberto-cormillot-reclamo-casados-pareja_0_EZ3jWH9ob7.html\">Fuente Clarin.com <\/a><\/p>\n","protected":false},"excerpt":{"rendered":"<p>Estefan\u00eda Pasquini (39) sorprendi\u00f3 a Alberto Cormillot (86) al aire en Cuesti\u00f3n de Peso (El Trece) con un planteo inesperado. Hablando del romance de dos participantes del programa, Mario Massaccesi, conductor del ciclo, le pregunt\u00f3 a Pasquini c\u00f3mo hab\u00edan sido las propuestas de noviazgo y casamiento que recibi\u00f3 de parte de Cormillot. Entonces, la nutricionista [&hellip;]<\/p>\n","protected":false},"author":1,"featured_media":4051,"comment_status":"open","ping_status":"open","sticky":false,"template":"","format":"standard","meta":{"footnotes":""},"categories":[2],"tags":[6095,1760,6094,6093,1667,142],"class_list":["post-4050","post","type-post","status-publish","format-standard","has-post-thumbnail","hentry","category-ultimas-noticias","tag-casados","tag-el","tag-estariamos","tag-fuera","tag-pareja","tag-por"],"_links":{"self":[{"href":"https:\/\/13.com.ar\/index.php\/wp-json\/wp\/v2\/posts\/4050","targetHints":{"allow":["GET"]}}],"collection":[{"href":"https:\/\/13.com.ar\/index.php\/wp-json\/wp\/v2\/posts"}],"about":[{"href":"https:\/\/13.com.ar\/index.php\/wp-json\/wp\/v2\/types\/post"}],"author":[{"embeddable":true,"href":"https:\/\/13.com.ar\/index.php\/wp-json\/wp\/v2\/users\/1"}],"replies":[{"embeddable":true,"href":"https:\/\/13.com.ar\/index.php\/wp-json\/wp\/v2\/comments?post=4050"}],"version-history":[{"count":0,"href":"https:\/\/13.com.ar\/index.php\/wp-json\/wp\/v2\/posts\/4050\/revisions"}],"wp:featuredmedia":[{"embeddable":true,"href":"https:\/\/13.com.ar\/index.php\/wp-json\/wp\/v2\/media\/4051"}],"wp:attachment":[{"href":"https:\/\/13.com.ar\/index.php\/wp-json\/wp\/v2\/media?parent=4050"}],"wp:term":[{"taxonomy":"category","embeddable":true,"href":"https:\/\/13.com.ar\/index.php\/wp-json\/wp\/v2\/categories?post=4050"},{"taxonomy":"post_tag","embeddable":true,"href":"https:\/\/13.com.ar\/index.php\/wp-json\/wp\/v2\/tags?post=4050"}],"curies":[{"name":"wp","href":"https:\/\/api.w.org\/{rel}","templated":true}]}}