{"id":4048,"date":"2025-02-11T20:27:37","date_gmt":"2025-02-11T23:27:37","guid":{"rendered":"https:\/\/13.com.ar\/index.php\/la-rosada-se-puso-al-frente-de-las-negociaciones-para-que-avance-la-suspension-de-las-paso-en-el-senado\/"},"modified":"2025-02-11T20:27:37","modified_gmt":"2025-02-11T23:27:37","slug":"la-rosada-se-puso-al-frente-de-las-negociaciones-para-que-avance-la-suspension-de-las-paso-en-el-senado","status":"publish","type":"post","link":"https:\/\/13.com.ar\/index.php\/la-rosada-se-puso-al-frente-de-las-negociaciones-para-que-avance-la-suspension-de-las-paso-en-el-senado\/","title":{"rendered":"La Rosada se puso al frente de las negociaciones para que avance la suspensi\u00f3n de las PASO en el Senado"},"content":{"rendered":"<p> <br \/>\n<\/p>\n<div id=\"cuerpo\">\n<div class=\"sc-80531b6b-0 chRIGJ container-text text-embed\">\n<p>Despu\u00e9s del mal trago de la semana pasada en Diputados -donde el dictamen de suspensi\u00f3n de las PASO estuvo a punto de naufragar y el peronismo termin\u00f3 salvando las papas sobre la hora-<strong> la Casa Rosada se meti\u00f3 de lleno en el poroteo fino del Senado<\/strong> en la previa a la reuni\u00f3n de Asuntos Constitucionales de este mi\u00e9rcoles. <strong>Dependen de los aliados, sobre todo del radicalismo<\/strong>, y quieren garantizarse que tendr\u00e1n las firmas suficientes para darle despacho al proyecto y llevarlo al recinto la semana que viene.<\/p>\n<\/div>\n<div class=\"sc-80531b6b-0 chRIGJ container-text text-embed\">\n<p>El viceje de Gabinete<strong>, Jos\u00e9 Rolandi<\/strong> -hombre de <strong>Guillermo Francos<\/strong>&#8211; estuvo hasta el arranque de la noche de este martes recorriendo los despachos de legisladores dialoguistas.<\/p>\n<\/div>\n<div class=\"sc-80531b6b-0 chRIGJ container-text text-embed\">\n<p> &#8220;\u00bfEst\u00e1n las firmas?&#8221; le consult\u00f3<strong> Clar\u00edn<\/strong>. &#8220;Estamos trabajando para eso&#8221;, respondi\u00f3 escueto mientras atravesaba un pasillo.<\/p>\n<\/div>\n<div class=\"sc-80531b6b-0 chRIGJ container-text text-embed\">\n<p>Por la composici\u00f3n que tiene la comisi\u00f3n, <strong>la UCR es decisiva<\/strong>. Sin embargo, en la bancada centenaria <strong>est\u00e1n divididos<\/strong> sobre este tema. De los cinco que integran la comisi\u00f3n, al menos dos -el bonaerense <strong>Maximiliano Abad<\/strong> y el fueguino <strong>Pablo Blanco<\/strong>&#8211; defienden las PASO. Una postura que tiene eco en otros dentro de la bancada, como la santafesina <strong>Carolina Losada<\/strong> y el propio presidente del Partido, <strong>Mart\u00edn Lousteau.<\/strong><\/p>\n<\/div>\n<div class=\"sc-198be8ec-0 cynXbu image-embed  image-embed \"><picture class=\"sc-198be8ec-1 kOjRiQ\"><source media=\"(min-width: 975px)\" width=\"720\" height=\"480\" \/><img alt=\"Jos\u00e9 Mayans, jefe de UxP, est\u00e1 en contra de la ley. Foto: Juano Tesone.\" loading=\"lazy\" width=\"720\" height=\"480\" decoding=\"async\" data-nimg=\"1\" style=\"color:transparent\" src=\"https:\/\/13.com.ar\/wp-content\/uploads\/2025\/02\/La-Rosada-se-puso-al-frente-de-las-negociaciones-para.jpg\"\/><span class=\"epigraphe\">Jos\u00e9 Mayans, jefe de UxP, est\u00e1 en contra de la ley. Foto: Juano Tesone.<\/span><span class=\"bkg\"\/><span class=\"picture-open\"><button class=\"open-image\" aria-label=\"Open Image\"\/><\/span><\/picture><\/div>\n<div class=\"sc-80531b6b-0 chRIGJ container-text text-embed\">\n<p>De todas maneras, entre los que tienen firma en la comisi\u00f3n prima la idea de no ser ellos quienes paguen el costo de obstruir el proyecto de Javier Milei, algo que les pidi\u00f3 adem\u00e1s la vice <strong>Victoria Villarruel <\/strong>en el almuerzo que comparti\u00f3 con jefes de bloque aliados. <\/p>\n<\/div>\n<div class=\"sc-80531b6b-0 chRIGJ container-text text-embed\">\n<p>Por eso, buscan la forma de no acompa\u00f1ar el proyecto oficial, pero dejar que avance y que La Libertad Avanza se arregle en el recinto. Presentar un dictamen aparte, con una &#8220;idea superadora&#8221;, es una de las opciones.<\/p>\n<\/div>\n<div class=\"sc-80531b6b-0 chRIGJ container-text text-embed\">\n<p>Es que el reglamento plantea que para que haya despacho, la mitad m\u00e1s uno de los miembros de la comisi\u00f3n deben expedirse sobre el proyecto:<strong> no importa qu\u00e9 dictamen acompa\u00f1en mientras firmen alguno<\/strong>. Terminar\u00e1n de definirlo horas antes de la reuni\u00f3n.<\/p>\n<\/div>\n<div class=\"sc-80531b6b-0 chRIGJ container-text text-embed\">\n<p>La larretista del PRO,<strong> Guadalupe Tagliaferri <\/strong>se encuentra en una encrucijada similar y no confirm\u00f3 su postura, a pesar de los llamados y pedidos que recibi\u00f3.<\/p>\n<\/div>\n<div class=\"sc-80531b6b-0 chRIGJ container-text text-embed\">\n<p>Todos observan, a su vez, <strong>qu\u00e9 har\u00e1n los peronistas de Uni\u00f3n por la Patria <\/strong>que responden a gobernadores que avalan la suspensi\u00f3n de las PASO. Si algunos de ellos aportaran firmas, como ocurri\u00f3 en Diputados, tal vez los salven de tener que expedirse y podr\u00edan dilatar su decisi\u00f3n hasta la sesi\u00f3n.<\/p>\n<\/div>\n<div class=\"sc-80531b6b-0 chRIGJ container-text text-embed\">\n<p>Ah\u00ed empezar\u00e1 otra batalla nueva: como se trata de un proyecto electoral el oficialismo necesita 37 votos afirmativos en el recinto<strong> y a\u00fan no los tiene asegurados.<\/strong><\/p>\n<\/div>\n<div class=\"sc-80531b6b-0 chRIGJ container-text text-embed\">\n<p>La comisi\u00f3n de Asuntos Constitucionales tiene 19 miembros y el oficialismo requiere 9 firmas para obtener despacho. Parte de la base de que tiene una sola firma pura: la del senador de La Libertad Avanza, Juan Carlos Pagotto.<\/p>\n<\/div>\n<div class=\"sc-80531b6b-0 chRIGJ container-text text-embed\">\n<p>A \u00e9l se sumar\u00e1n los aliados f\u00e9rreos, como el salte\u00f1o Juan Carlos Romero y el todav\u00eda miembro del bloque PRO, el cordob\u00e9s Luis Juez. <\/p>\n<\/div>\n<div class=\"sc-80531b6b-0 chRIGJ container-text text-embed\">\n<p>La tambi\u00e9n cordobesa Alejandra Vigo, que responde al ex gobernador Juan Schiaretti, va a ser quien presida la comisi\u00f3n tras la expulsi\u00f3n de Edgardo Kueider. Ella tambi\u00e9n est\u00e1 a favor de la suspensi\u00f3n. La rionegrina M\u00f3nica Esther Silva, aliada del mandatario Alberto Weretilneck, tambi\u00e9n est\u00e1 por la positiva.<\/p>\n<\/div>\n<div class=\"sc-80531b6b-0 chRIGJ container-text text-embed\">\n<p>Adem\u00e1s de Blanco y Abad, estar\u00e1n en la comisi\u00f3n las radicales Mariana Juri (Mendoza), Mercedes Valenzuela (Corrientes) y Stella Maris Olalla (Entre R\u00edos).<\/p>\n<\/div>\n<div class=\"sc-80531b6b-0 chRIGJ container-text text-embed\">\n<p>Uni\u00f3n por la Patria cuenta con ocho miembros, entre ellos un santiague\u00f1o: Jos\u00e9 Emilio Neder. En la C\u00e1mara baja los santiague\u00f1os que responden a Gerardo Zamora fueron junto a los catamarque\u00f1os la llave que le permiti\u00f3 al oficialismo tener dictamen. Hay dudas tambi\u00e9n sobre qu\u00e9 har\u00e1 la tucumana, Sandra Mendoza, vice presidenta de la comisi\u00f3n.<\/p>\n<\/div>\n<div class=\"sc-80531b6b-0 chRIGJ container-text text-embed\">\n<p>El jefe de bancada de UP, <strong>Jos\u00e9 Mayans<\/strong>, m\u00e1s all\u00e1 de hacer un planteo de inconstitucionalidad por la forma en que se convoc\u00f3 la comisi\u00f3n, reconoce que su bancada no tiene postura unificada pero tampoco decretaron la &#8220;libertad de acci\u00f3n&#8221;:<\/p>\n<\/div>\n<div class=\"sc-80531b6b-0 chRIGJ container-text text-embed\">\n<p> &#8220;Estamos trabajando. A los que son oficialismo no les convienen las PASO, lo tenemos que discutir, no tenemos definido. Estamos hablando con los compa\u00f1eros porque cada distrito es distinto&#8221;, declar\u00f3 este martes.<\/p>\n<\/div>\n<p><h2>El oficialismo tambi\u00e9n buscar\u00e1 dictaminar dos proyectos de Patricia Bullrich<\/h2>\n<\/p>\n<div class=\"sc-80531b6b-0 chRIGJ container-text text-embed\">\n<p>A partir de las 18 de este mi\u00e9rcoles la comisi\u00f3n de Justicia y Asuntos Penales se re\u00fane para dictaminar dos proyectos enviados por la ministra de Seguridad, Patricia Bullrich, que ya consiguieron media sanci\u00f3n de Diputados: el que modifica las figuras de reincidencia y reiterancia delictiva, para combatir la famosa &#8220;la puerta giratoria&#8221;, y el de Juicio en Ausencia, para que los procedimientos judiciales puedan avanzar aunque no est\u00e9 el imputado.<\/p>\n<\/div>\n<div class=\"sc-80531b6b-0 chRIGJ container-text text-embed\">\n<p>La primera iniciativa endurece las penas para aquellos delincuentes que reinciden en el delito e incluso para aquellos que tienen antecedentes, aunque a\u00fan no hayan sido condenados.<\/p>\n<\/div>\n<div class=\"sc-80531b6b-0 chRIGJ container-text text-embed\">\n<p>El proyecto de Juicio en Ausencia modifica el C\u00f3digo Procesal Penal de la Naci\u00f3n y el C\u00f3digo Procesal Penal Federal para permitir que los juicios puedan avanzar en ausencia del imputado, siempre que se cumplan estrictos requisitos, como la declaraci\u00f3n de rebeld\u00eda y la falta de respuestas ante requerimientos judiciales<\/p>\n<\/div>\n<\/div>\n<p><br \/>\n<br \/><a href=\"https:\/\/www.clarin.com\/politica\/rosada-puso-frente-negociaciones-avance-suspension-paso-senado_0_67KaIZ2tfT.html\">Fuente Clarin.com <\/a><\/p>\n","protected":false},"excerpt":{"rendered":"<p>Despu\u00e9s del mal trago de la semana pasada en Diputados -donde el dictamen de suspensi\u00f3n de las PASO estuvo a punto de naufragar y el peronismo termin\u00f3 salvando las papas sobre la hora- la Casa Rosada se meti\u00f3 de lleno en el poroteo fino del Senado en la previa a la reuni\u00f3n de Asuntos Constitucionales [&hellip;]<\/p>\n","protected":false},"author":1,"featured_media":4049,"comment_status":"open","ping_status":"open","sticky":false,"template":"","format":"standard","meta":{"footnotes":""},"categories":[2],"tags":[3742,802,48,354,16,158,1625,1323,5153,1217],"class_list":["post-4048","post","type-post","status-publish","format-standard","has-post-thumbnail","hentry","category-ultimas-noticias","tag-avance","tag-frente","tag-las","tag-negociaciones","tag-para","tag-paso","tag-puso","tag-rosada","tag-senado","tag-suspension"],"_links":{"self":[{"href":"https:\/\/13.com.ar\/index.php\/wp-json\/wp\/v2\/posts\/4048","targetHints":{"allow":["GET"]}}],"collection":[{"href":"https:\/\/13.com.ar\/index.php\/wp-json\/wp\/v2\/posts"}],"about":[{"href":"https:\/\/13.com.ar\/index.php\/wp-json\/wp\/v2\/types\/post"}],"author":[{"embeddable":true,"href":"https:\/\/13.com.ar\/index.php\/wp-json\/wp\/v2\/users\/1"}],"replies":[{"embeddable":true,"href":"https:\/\/13.com.ar\/index.php\/wp-json\/wp\/v2\/comments?post=4048"}],"version-history":[{"count":0,"href":"https:\/\/13.com.ar\/index.php\/wp-json\/wp\/v2\/posts\/4048\/revisions"}],"wp:featuredmedia":[{"embeddable":true,"href":"https:\/\/13.com.ar\/index.php\/wp-json\/wp\/v2\/media\/4049"}],"wp:attachment":[{"href":"https:\/\/13.com.ar\/index.php\/wp-json\/wp\/v2\/media?parent=4048"}],"wp:term":[{"taxonomy":"category","embeddable":true,"href":"https:\/\/13.com.ar\/index.php\/wp-json\/wp\/v2\/categories?post=4048"},{"taxonomy":"post_tag","embeddable":true,"href":"https:\/\/13.com.ar\/index.php\/wp-json\/wp\/v2\/tags?post=4048"}],"curies":[{"name":"wp","href":"https:\/\/api.w.org\/{rel}","templated":true}]}}