{"id":4034,"date":"2025-02-11T19:51:27","date_gmt":"2025-02-11T22:51:27","guid":{"rendered":"https:\/\/13.com.ar\/index.php\/como-quedo-por-dentro-el-departamento-que-se-incendio-en-puerto-madero\/"},"modified":"2025-02-11T19:51:27","modified_gmt":"2025-02-11T22:51:27","slug":"como-quedo-por-dentro-el-departamento-que-se-incendio-en-puerto-madero","status":"publish","type":"post","link":"https:\/\/13.com.ar\/index.php\/como-quedo-por-dentro-el-departamento-que-se-incendio-en-puerto-madero\/","title":{"rendered":"c\u00f3mo qued\u00f3 por dentro el departamento que se incendi\u00f3 en Puerto Madero"},"content":{"rendered":"<p> <br \/>\n<br \/><img decoding=\"async\" src=\"https:\/\/13.com.ar\/wp-content\/uploads\/2025\/02\/como-quedo-por-dentro-el-departamento-que-se-incendio-en.jpg\" \/><\/p>\n<div>\n<p>El mediod\u00eda de este martes 11 de febrero ser\u00e1 recordado por siempre por los vecinos de la torre Renoir II de Puerto Madero, debido a la situaci\u00f3n emergencia que vivieron cuando se activ\u00f3 el protocolo de incendios. <strong>M\u00e1s de cien personas fueron evacuadas<\/strong> por el siniestro que se extendi\u00f3 desde el noveno piso hasta el 38 y sus ambientes de lujo quedaron destrozados por la acci\u00f3n del fuego y el agua que arrojaron los bomberos.<\/p>\n<\/div>\n<div>\n<p>Despu\u00e9s de extinguir las llamas que se propagaron por ambos pisos, los bomberos realizaron una inspecci\u00f3n general y<strong> encontraron departamentos destrozados y llenos de agua y holl\u00edn.<\/strong><\/p>\n<\/div>\n<div>\n<p>En uno de los videos que difundieron los agentes, se puede ver al departamento con<strong> el piso lleno de agua y la mamposter\u00eda <\/strong>del techo y de las paredes <strong>destrozada <\/strong>producto de la acci\u00f3n de las llamas y del <strong>humo oscuro<\/strong> que ingres\u00f3 por las ventanas y que invadi\u00f3 los ambientes con facilidad.<\/p>\n<\/div>\n<div>\n<p>Techos goteando agua, con su <strong>estructura partida<\/strong> y con los listones de aluminio a la luz, m\u00e1s<strong> paredes oscuras y llenas de holl\u00edn,<\/strong> fue lo que encontraron los bomberos al revisar cada uno de los departamentos afectados para confirmar que no hubo v\u00edctimas fatales.<\/p>\n<\/div>\n<div>\n<p>En el video se ven<strong> <\/strong>paredes achicharradas y resquebrajadas por el fuego y <strong>sillas y mesas carbonizadas<\/strong> por las llamas, lo que dio una muestra de lo importante y peligroso que result\u00f3 ser el incendio.<\/p>\n<\/div>\n<div>\n<p>S\u00f3lo quedaron <strong>en pie las estructuras de hierro<\/strong>, pero para nada podr\u00e1n ser reutilizadas por los due\u00f1os.<\/p>\n<\/div>\n<div>\n<p>Si bien en el departamento que se film\u00f3 el video tuvo algunos ambientes que no fueron tomados por las llamas o el humo, quedaron llenos de agua despu\u00e9s del incesante trabajo de los bomberos, que recorrieron todos los pisos.<\/p>\n<\/div>\n<div>\n<p>Desde las autoridades confirmaron que el siniestro se gener\u00f3 por <strong>una falla en la unidad externa de un equipo de aire acondicionado<\/strong>, despu\u00e9s de d\u00edas agobiantes de calor y que los equipos tuvieron un uso extremo. Seguramente, su exigencia al l\u00edmite pudo haber influido en el desperfecto que gener\u00f3 la llama inicial.<\/p>\n<\/div>\n<div>\n<p>El incendio se registr\u00f3<strong> en el piso 11<\/strong> de la torre denominada Sol, y gener\u00f3 una densa cantidad de humo que, en un primer momento, <strong>dificult\u00f3 la identificaci\u00f3n precisa del foco<\/strong>. Luego, el mismo <strong>se propag\u00f3<\/strong> hasta los pisos superiores debido a la combusti\u00f3n de los materiales de la torre.<\/p>\n<\/div>\n<div>\n<p>El edificio residencial afectado es uno de los dos que comprenden las Torres Renoir, complejo ubicado a pocos metros del Puente de la Mujer. Es, adem\u00e1s,<strong> el tercer rascacielos m\u00e1s alto del pa\u00eds, con 175 metros de altura<\/strong>, s\u00f3lo por detr\u00e1s del Alvear Tower y la Torre Cavia.<\/p>\n<\/div>\n<div>\n<p>El complejo cuenta con piletas de nataci\u00f3n climatizadas in y outdoor, gimnasio, spa, sauna, sal\u00f3n de usos m\u00faltiples, jaula de golf, guarder\u00eda para ni\u00f1os, canchas de tenis, peluquer\u00eda, servicios de consejer\u00eda y lavadero,<strong> peluquer\u00eda para personas y para mascotas<\/strong>, <strong>hotel de mucamas<\/strong> y sala de choferes. Un departamento puede cotizar<strong> hasta 1.800.000 d\u00f3lares.<\/strong><\/p>\n<\/div>\n<div>\n<p>Despu\u00e9s del fuego, quedar\u00e1 a partir de ahora la reconstrucci\u00f3n y la parte m\u00e1s dif\u00edcil para los propietarios:<strong> el volver a casa.<\/strong><\/p>\n<\/div>\n<p><br \/>\n<br \/><a href=\"https:\/\/www.clarin.com\/ciudades\/video-quedo-dentro-departamento-incendio-puerto-madero_0_qxdXJ2aCto.html\">Fuente Clarin.com <\/a><\/p>\n","protected":false},"excerpt":{"rendered":"<p>El mediod\u00eda de este martes 11 de febrero ser\u00e1 recordado por siempre por los vecinos de la torre Renoir II de Puerto Madero, debido a la situaci\u00f3n emergencia que vivieron cuando se activ\u00f3 el protocolo de incendios. M\u00e1s de cien personas fueron evacuadas por el siniestro que se extendi\u00f3 desde el noveno piso hasta el [&hellip;]<\/p>\n","protected":false},"author":1,"featured_media":4035,"comment_status":"open","ping_status":"open","sticky":false,"template":"","format":"standard","meta":{"footnotes":""},"categories":[2],"tags":[66,107,2361,2632,262,142,261,336],"class_list":["post-4034","post","type-post","status-publish","format-standard","has-post-thumbnail","hentry","category-ultimas-noticias","tag-como","tag-dentro","tag-departamento","tag-incendio","tag-madero","tag-por","tag-puerto","tag-quedo"],"_links":{"self":[{"href":"https:\/\/13.com.ar\/index.php\/wp-json\/wp\/v2\/posts\/4034","targetHints":{"allow":["GET"]}}],"collection":[{"href":"https:\/\/13.com.ar\/index.php\/wp-json\/wp\/v2\/posts"}],"about":[{"href":"https:\/\/13.com.ar\/index.php\/wp-json\/wp\/v2\/types\/post"}],"author":[{"embeddable":true,"href":"https:\/\/13.com.ar\/index.php\/wp-json\/wp\/v2\/users\/1"}],"replies":[{"embeddable":true,"href":"https:\/\/13.com.ar\/index.php\/wp-json\/wp\/v2\/comments?post=4034"}],"version-history":[{"count":0,"href":"https:\/\/13.com.ar\/index.php\/wp-json\/wp\/v2\/posts\/4034\/revisions"}],"wp:featuredmedia":[{"embeddable":true,"href":"https:\/\/13.com.ar\/index.php\/wp-json\/wp\/v2\/media\/4035"}],"wp:attachment":[{"href":"https:\/\/13.com.ar\/index.php\/wp-json\/wp\/v2\/media?parent=4034"}],"wp:term":[{"taxonomy":"category","embeddable":true,"href":"https:\/\/13.com.ar\/index.php\/wp-json\/wp\/v2\/categories?post=4034"},{"taxonomy":"post_tag","embeddable":true,"href":"https:\/\/13.com.ar\/index.php\/wp-json\/wp\/v2\/tags?post=4034"}],"curies":[{"name":"wp","href":"https:\/\/api.w.org\/{rel}","templated":true}]}}