{"id":40251,"date":"2025-07-07T17:02:03","date_gmt":"2025-07-07T20:02:03","guid":{"rendered":"https:\/\/13.com.ar\/index.php\/pantene-la-desmiente-pero-que-marca-si-contrato-a-ximena-pichel\/"},"modified":"2025-07-07T17:02:03","modified_gmt":"2025-07-07T20:02:03","slug":"pantene-la-desmiente-pero-que-marca-si-contrato-a-ximena-pichel","status":"publish","type":"post","link":"https:\/\/13.com.ar\/index.php\/pantene-la-desmiente-pero-que-marca-si-contrato-a-ximena-pichel\/","title":{"rendered":"Pantene la desmiente, pero&#8230; \u00bfQu\u00e9 marca s\u00ed contrat\u00f3 a Ximena Pichel?"},"content":{"rendered":"<p> <br \/>\n<br \/><img decoding=\"async\" src=\"https:\/\/13.com.ar\/wp-content\/uploads\/2025\/07\/Pantene-la-desmiente-pero-\u00bfQue-marca-si-contrato-a-Ximena.jpg\" \/><\/p>\n<div id=\"element-body-0\">\n<p>El nombre de <strong>Ximena Pichel <\/strong>se volvi\u00f3 tendencia en redes sociales luego de la difusi\u00f3n de un video en el que insulta y discrimina a un agente de tr\u00e1nsito en M\u00e9xico. La escena ocurri\u00f3 cuando el oficial intent\u00f3 colocar un candado inmovilizador en su auto por una infracci\u00f3n de estacionamiento. Lejos de colaborar, Pichel -apodada en redes como <strong>&#8220;Lady Racista&#8221;<\/strong>&#8211; reaccion\u00f3 con agresiones verbales y actitudes clasistas que desataron una ola de repudio.<\/p>\n<\/div>\n<div id=\"element-body-1\">\n<p>Tras la viralizaci\u00f3n del video, miles de usuarios comenzaron a preguntarse qui\u00e9n era<strong> Ximena Pichel<\/strong>. La informaci\u00f3n que trascendi\u00f3 indica que se trata de una<strong> actriz argentina <\/strong>que fue parte de la telenovela &#8220;<em>Entre el amor y el deseo&#8221;<\/em> de TV Azteca. <\/p>\n<\/div>\n<div id=\"element-body-2\">\n<p>Adem\u00e1s, ella asegura que colabor\u00f3 con distintas marcas, entre ellas <strong>Pantene<\/strong>. Sin embargo, la firma de productos capilares se deslig\u00f3 r\u00e1pidamente de cualquier v\u00ednculo con la mujer.<\/p>\n<\/div>\n<div id=\"element-body-3\">\n<p>La confusi\u00f3n sobre su v\u00ednculo con la marca surgi\u00f3 a partir de varios videos que ella misma comparti\u00f3 en su cuenta de TikTok, donde aparece modelando en lo que parece ser una publicidad de productos capilares. <\/p>\n<\/div>\n<div id=\"element-body-4\">\n<p>Pero, a trav\u00e9s de un comunicado, <strong>Pantene <\/strong>aclar\u00f3 que Pichel <em>&#8220;no ha formado parte de ninguna campa\u00f1a publicitaria o de influencer marketing&#8221;<\/em>. Adem\u00e1s, confirm\u00f3 que las im\u00e1genes en las redes sociales de la mujer en la que muestra un producto capilar<em> &#8220;no tiene el logo ni forma parte de ninguna producci\u00f3n de Pantene&#8221;.<\/em><\/p>\n<\/div>\n<div id=\"element-body-5\">\n<p>Tras la negativa de la reconocida marca de productos capilares sobre cualquier v\u00ednculo con la llamada <strong>\u201cLady Racista\u201d<\/strong>, qued\u00f3 en el aire la doble inc\u00f3gnita sobre qu\u00e9 marca se trataba realmente y si, en efecto, Ximena Pichel trabajaba como modelo.<\/p>\n<\/div>\n<div id=\"element-body-8\">\n<p>La empresa que contrat\u00f3 a Ximena Pichel para promocionar sus productos en redes sociales fue <strong>Fermodyl<\/strong>, una marca mexicana dedicada al cuidado capilar a trav\u00e9s del crecimiento del cabello en hombres y mujeres, adem\u00e1s de ofrecer un efecto de reestructuraci\u00f3n capilar.<\/p>\n<\/div>\n<div id=\"element-body-9\">\n<p>La <strong>colaboraci\u00f3n de Ximena Pichel con Fermodyl <\/strong>se confirm\u00f3 a partir de un detalle que no pas\u00f3 desapercibido para los usuarios: en uno de los videos que ella misma public\u00f3, se observan varios guiones apoyados sobre una mesa con el nombre de la marca claramente visible, mientras Pichel posa de fondo durante lo que parece ser una jornada de grabaci\u00f3n. Esa imagen fue suficiente para que se identificara a la marca como la empresa detr\u00e1s de la campa\u00f1a publicitaria.<\/p>\n<\/div>\n<div id=\"element-body-11\">\n<p>Hasta el momento, la marca no emiti\u00f3 ning\u00fan comunicado oficial y su sitio web dej\u00f3 de estar disponible, lo que gener\u00f3 a\u00fan m\u00e1s dudas entre los usuarios.<\/p>\n<\/div>\n<div id=\"element-body-12\">\n<p>En un primer momento, muchos usuarios descargaron su indignaci\u00f3n contra Pantene, pero al conocerse el verdadero nombre detr\u00e1s de los videos, las redes sociales se llenaron de comentarios negativos dirigidos a esta firma.<\/p>\n<\/div>\n<div id=\"element-body-14\">\n<p>En su perfil de TikTok,<strong> Ximena Pichel<\/strong> se presenta como <strong>&#8220;mam\u00e1, actriz, modelo y cantante&#8221;<\/strong>. All\u00ed acumula cerca de 3.000 seguidores y sol\u00eda compartir videos relacionados con su trabajo en el mundo del modelaje, aunque no publica contenido nuevo desde 2023.<\/p>\n<\/div>\n<div id=\"element-body-16\">\n<p>Por otro lado, su cuenta de Instagram \u2014que ronda los 550 seguidores\u2014 fue puesta en modo privado luego de que se viralizara el video en el que insulta a un agente de tr\u00e1nsito, lo que desat\u00f3 la pol\u00e9mica que hoy la tiene en el centro de la escena p\u00fablica.<\/p>\n<\/div>\n<p><br \/>\n<br \/><a href=\"https:\/\/www.clarin.com\/internacional\/lady-racista-pantene-desmiente-marca-contrato-ximena-pichel_0_MkaGYshATK.html\">Fuente Clarin.com <\/a><\/p>\n","protected":false},"excerpt":{"rendered":"<p>El nombre de Ximena Pichel se volvi\u00f3 tendencia en redes sociales luego de la difusi\u00f3n de un video en el que insulta y discrimina a un agente de tr\u00e1nsito en M\u00e9xico. La escena ocurri\u00f3 cuando el oficial intent\u00f3 colocar un candado inmovilizador en su auto por una infracci\u00f3n de estacionamiento. Lejos de colaborar, Pichel -apodada [&hellip;]<\/p>\n","protected":false},"author":1,"featured_media":40252,"comment_status":"open","ping_status":"open","sticky":false,"template":"","format":"standard","meta":{"footnotes":""},"categories":[2],"tags":[2336,11380,1238,23190,265,23171,286,5296,23170],"class_list":["post-40251","post","type-post","status-publish","format-standard","has-post-thumbnail","hentry","category-ultimas-noticias","tag-contrato","tag-desmiente","tag-marca","tag-pantene","tag-pero","tag-pichel","tag-que","tag-si","tag-ximena"],"_links":{"self":[{"href":"https:\/\/13.com.ar\/index.php\/wp-json\/wp\/v2\/posts\/40251","targetHints":{"allow":["GET"]}}],"collection":[{"href":"https:\/\/13.com.ar\/index.php\/wp-json\/wp\/v2\/posts"}],"about":[{"href":"https:\/\/13.com.ar\/index.php\/wp-json\/wp\/v2\/types\/post"}],"author":[{"embeddable":true,"href":"https:\/\/13.com.ar\/index.php\/wp-json\/wp\/v2\/users\/1"}],"replies":[{"embeddable":true,"href":"https:\/\/13.com.ar\/index.php\/wp-json\/wp\/v2\/comments?post=40251"}],"version-history":[{"count":0,"href":"https:\/\/13.com.ar\/index.php\/wp-json\/wp\/v2\/posts\/40251\/revisions"}],"wp:featuredmedia":[{"embeddable":true,"href":"https:\/\/13.com.ar\/index.php\/wp-json\/wp\/v2\/media\/40252"}],"wp:attachment":[{"href":"https:\/\/13.com.ar\/index.php\/wp-json\/wp\/v2\/media?parent=40251"}],"wp:term":[{"taxonomy":"category","embeddable":true,"href":"https:\/\/13.com.ar\/index.php\/wp-json\/wp\/v2\/categories?post=40251"},{"taxonomy":"post_tag","embeddable":true,"href":"https:\/\/13.com.ar\/index.php\/wp-json\/wp\/v2\/tags?post=40251"}],"curies":[{"name":"wp","href":"https:\/\/api.w.org\/{rel}","templated":true}]}}