{"id":40247,"date":"2025-07-07T16:56:03","date_gmt":"2025-07-07T19:56:03","guid":{"rendered":"https:\/\/13.com.ar\/index.php\/rescataron-mas-de-1-500-caballos-y-necesitan-ayuda-para-no-cerrar\/"},"modified":"2025-07-07T16:56:03","modified_gmt":"2025-07-07T19:56:03","slug":"rescataron-mas-de-1-500-caballos-y-necesitan-ayuda-para-no-cerrar","status":"publish","type":"post","link":"https:\/\/13.com.ar\/index.php\/rescataron-mas-de-1-500-caballos-y-necesitan-ayuda-para-no-cerrar\/","title":{"rendered":"Rescataron m\u00e1s de 1.500 caballos y necesitan ayuda para no cerrar"},"content":{"rendered":"<p> <br \/>\n<br \/><img decoding=\"async\" src=\"https:\/\/13.com.ar\/wp-content\/uploads\/2025\/07\/Rescataron-mas-de-1500-caballos-y-necesitan-ayuda-para-no.jpg\" \/><\/p>\n<div id=\"element-body-0\">\n<p><strong>&#8220;Caballos de Quilmes&#8221;<\/strong>, una organizaci\u00f3n que desde hace m\u00e1s de una d\u00e9cada rescata equinos v\u00edctimas de maltrato en el conurbano bonaerense, enfrenta una crisis. <strong>Debe comprar el terreno donde funciona su hospital veterinario o abandonar el predio, poniendo en riesgo su labor<\/strong>.<\/p>\n<\/div>\n<div id=\"element-body-1\">\n<p>La historia detr\u00e1s de esta organizaci\u00f3n se remonta a los a\u00f1os ochenta, cuando <strong>Karina Dotto, su fundadora, hizo su primer rescate a los 16<\/strong>. Desde entonces, convirti\u00f3 esa vocaci\u00f3n en una red de voluntarios, veterinarios y estudiantes que asisten a caballos rescatados y les dan una segunda oportunidad.<\/p>\n<\/div>\n<div id=\"element-body-2\">\n<p><strong>La relaci\u00f3n de Karina con los caballos comenz\u00f3 cuando era ni\u00f1a<\/strong>. Le dol\u00eda ver a los carreros con muchos de sus animales golpeados y sedientos. <strong>A los 16 a\u00f1os, luego de salir de entrenar pat\u00edn en el Club Deportivo Berazategui y sin planearlo, hizo su primer rescate<\/strong>. Liber\u00f3 a un caballo que estuvo atado durante d\u00edas a un carro que estaba al lado de la comisar\u00eda que estaba frente al club. <\/p>\n<\/div>\n<div id=\"element-body-3\">\n<p>\u201cEstaba agotado y se le venc\u00edan las piernas. <strong>Le ped\u00ed una pinza al sereno del club, desat\u00e9 el carro, lo liber\u00e9 y empec\u00e9 a caminar con \u00e9l<\/strong>\u201d, recuerda. Lo llev\u00f3 a un terreno bald\u00edo, pero a la ma\u00f1ana siguiente el animal apareci\u00f3 muerto. Luego de la necropsia, se supo que <strong>ten\u00eda un c\u00f3lico obstructivo<\/strong>. En su intestino encontraron bolsas, hilos y basura, por lo que el caballo iba a fallecer tarde o temprano.<\/p>\n<\/div>\n<div id=\"element-body-4\">\n<p>Ese episodio, que casi termina en una causa judicial por robo de caballo, <strong>marc\u00f3 el inicio de un camino<\/strong>. Con los a\u00f1os, Karina pas\u00f3 de rescatar perros y gatos a integrarse a un grupo de mujeres que denunciaban la tracci\u00f3n a sangre en Quilmes. <strong>En 2012 fund\u00f3 &#8220;Caballos de Quilmes&#8221;<\/strong>, una organizaci\u00f3n que desde entonces se dedica al rescate, recuperaci\u00f3n y adopci\u00f3n responsable de caballos maltratados. \u201cLa tracci\u00f3n a sangre animal no es solo el caballito lastimado. Es trabajo infantil, microbasurales, precarizaci\u00f3n y hasta delito de autopartes para armar los carros\u201d, denuncia Dotto.<\/p>\n<\/div>\n<div id=\"element-body-7\">\n<p>La ONG funciona en un terreno que les fue cedido en comodato. All\u00ed <strong>construyeron un hospital veterinario equipado para realizar intervenciones complejas<\/strong> como la cirug\u00eda de c\u00f3licos obstructivos, una patolog\u00eda com\u00fan entre caballos de carro que comen residuos. Durante la pandemia, cuando las universidades cerraron y no hab\u00eda d\u00f3nde atender a los animales, comenzaron la obra. \u201cFue de casualidad, por la necesidad de seguir salvando\u201d, explica Karina. <strong>Con ayuda de donaciones y el trabajo de alba\u00f1iles del barrio, levantaron un quir\u00f3fano donde hoy operan a caballos<\/strong> que, de otro modo, morir\u00edan.<\/p>\n<\/div>\n<div id=\"element-body-8\">\n<p>Pero el comodato venci\u00f3 y los herederos del terreno lo pusieron a la venta. <strong>Si la ONG no logra comprarlo, deber\u00e1 abandonar el predio<\/strong>, con todo el equipamiento incluido. \u201cNo se pierde una tierra, se pierde la segunda y \u00fanica oportunidad que tienen\u201d, resume Dotto. En su Instagram @caballosquilmesoficial est\u00e1 toda la informaci\u00f3n necesaria para poder colaborar. <\/p>\n<\/div>\n<div id=\"element-body-9\">\n<p><strong>Desde hace un a\u00f1o y medio, el hospital recibe a estudiantes de la Universidad de Buenos Aires y la Universidad Nacional de La Plata, que realizan all\u00ed sus pr\u00e1cticas<\/strong> con casos que no llegan a las universidades. Cada operaci\u00f3n tiene un costo de entre $5.000.000 y $6.000.000, pero &#8220;Caballos de Quilmes&#8221; solo cobra lo m\u00ednimo para cubrir insumos y honorarios. \u201cEl postoperatorio se extiende por al menos 10 d\u00edas. Cada uno cuesta entre $100.000 y $150.000, pero lo hacemos nosotros mismos\u201d, detalla.<\/p>\n<\/div>\n<div id=\"element-body-11\">\n<p><strong>En estos a\u00f1os, la organizaci\u00f3n rescat\u00f3 m\u00e1s de 1500 caballos<\/strong>. Muchos llegan desnutridos, enfermos o heridos. Algunos, como Clotilde, una yegua ciega y pre\u00f1ada que lleg\u00f3 golpeada y colaps\u00f3 dos veces en un carro, logran recuperarse y tener a sus cr\u00edas en libertad. Otros, como Tilo, un potrillo hipogluc\u00e9mico, marcaron un precedente: fue <strong>uno de los dos equinos en el mundo tratados con un medidor de glucosa humano<\/strong>, seg\u00fan public\u00f3 Mariel Frezza, su neonat\u00f3loga. Cuando finalizan la recuperaci\u00f3n y las causas judiciales, los caballos se dan en adopci\u00f3n bajo estrictos requisitos: \u201c<strong>Los animales siempre encuentran la forma de agradecer. Cuando miran el verde, la lejan\u00eda, saben que no hay golpes, no hay hambre, solo libertad<\/strong>\u201d, cierra Karina.<\/p>\n<\/div>\n<p><script async src=\"\/\/www.instagram.com\/embed.js\"><\/script><br \/>\n<br \/><br \/>\n<br \/><a href=\"https:\/\/www.clarin.com\/zonales\/rescataron-1500-caballos-necesitan-ayuda-cerrar_0_hWn0MFMXmm.html\">Fuente Clarin.com <\/a><\/p>\n","protected":false},"excerpt":{"rendered":"<p>&#8220;Caballos de Quilmes&#8221;, una organizaci\u00f3n que desde hace m\u00e1s de una d\u00e9cada rescata equinos v\u00edctimas de maltrato en el conurbano bonaerense, enfrenta una crisis. Debe comprar el terreno donde funciona su hospital veterinario o abandonar el predio, poniendo en riesgo su labor. La historia detr\u00e1s de esta organizaci\u00f3n se remonta a los a\u00f1os ochenta, cuando [&hellip;]<\/p>\n","protected":false},"author":1,"featured_media":40248,"comment_status":"open","ping_status":"open","sticky":false,"template":"","format":"standard","meta":{"footnotes":""},"categories":[2],"tags":[117,5994,3463,155,5995,16,10727],"class_list":["post-40247","post","type-post","status-publish","format-standard","has-post-thumbnail","hentry","category-ultimas-noticias","tag-ayuda","tag-caballos","tag-cerrar","tag-mas","tag-necesitan","tag-para","tag-rescataron"],"_links":{"self":[{"href":"https:\/\/13.com.ar\/index.php\/wp-json\/wp\/v2\/posts\/40247","targetHints":{"allow":["GET"]}}],"collection":[{"href":"https:\/\/13.com.ar\/index.php\/wp-json\/wp\/v2\/posts"}],"about":[{"href":"https:\/\/13.com.ar\/index.php\/wp-json\/wp\/v2\/types\/post"}],"author":[{"embeddable":true,"href":"https:\/\/13.com.ar\/index.php\/wp-json\/wp\/v2\/users\/1"}],"replies":[{"embeddable":true,"href":"https:\/\/13.com.ar\/index.php\/wp-json\/wp\/v2\/comments?post=40247"}],"version-history":[{"count":0,"href":"https:\/\/13.com.ar\/index.php\/wp-json\/wp\/v2\/posts\/40247\/revisions"}],"wp:featuredmedia":[{"embeddable":true,"href":"https:\/\/13.com.ar\/index.php\/wp-json\/wp\/v2\/media\/40248"}],"wp:attachment":[{"href":"https:\/\/13.com.ar\/index.php\/wp-json\/wp\/v2\/media?parent=40247"}],"wp:term":[{"taxonomy":"category","embeddable":true,"href":"https:\/\/13.com.ar\/index.php\/wp-json\/wp\/v2\/categories?post=40247"},{"taxonomy":"post_tag","embeddable":true,"href":"https:\/\/13.com.ar\/index.php\/wp-json\/wp\/v2\/tags?post=40247"}],"curies":[{"name":"wp","href":"https:\/\/api.w.org\/{rel}","templated":true}]}}