{"id":40245,"date":"2025-07-07T16:53:00","date_gmt":"2025-07-07T19:53:00","guid":{"rendered":"https:\/\/13.com.ar\/index.php\/quien-es-el-ex-policia-que-vivio-en-el-lugar-con-un-polemico-beneficio\/"},"modified":"2025-07-07T16:53:00","modified_gmt":"2025-07-07T19:53:00","slug":"quien-es-el-ex-policia-que-vivio-en-el-lugar-con-un-polemico-beneficio","status":"publish","type":"post","link":"https:\/\/13.com.ar\/index.php\/quien-es-el-ex-policia-que-vivio-en-el-lugar-con-un-polemico-beneficio\/","title":{"rendered":"qui\u00e9n es el ex polic\u00eda que vivi\u00f3 en el lugar con un pol\u00e9mico beneficio"},"content":{"rendered":"<p> <br \/>\n<\/p>\n<div id=\"cuerpo\">\n<div class=\"sc-45461e9c-0 eqiBeF container-text text-embed \" id=\"element-body-0\">\n<p>Dos alba\u00f1iles encontraron un cuerpo dentro de un placard mientras hac\u00edan un arreglo en C\u00f3rdoba. El cuerpo todav\u00eda no ha sido identificado pero se presume que llevaba unos <strong>dos a\u00f1os escondido entre una frazada<\/strong> y una puerta sellada con cemento.<\/p>\n<\/div>\n<div class=\"sc-45461e9c-0 eqiBeF container-text text-embed \" id=\"element-body-1\">\n<p>Pero detr\u00e1s del macabro hallazgo hay una historia que por estas horas parece un rompecabezas que incluye una <strong>prisi\u00f3n domiciliaria<\/strong>, un homicidio, violencia de g\u00e9nero, amenazas, problemas de salud mental, falta de control, un c\u00famulo de causas judiciales y una investigaci\u00f3n compleja.<\/p>\n<\/div>\n<div class=\"sc-45461e9c-0 eqiBeF container-text text-embed \" id=\"element-body-2\">\n<p>El departamento de la calle Buenos Aires 315 es propiedad de Javier Grasso y en el lugar vivi\u00f3 el <strong>ex polic\u00eda<\/strong> <strong>Horacio Antonio Grasso<\/strong> (54), que cumpl\u00eda prisi\u00f3n domiciliaria con monitoreo de tobillera electr\u00f3nica y una condena por homicidio. <\/p>\n<\/div>\n<div class=\"sc-45461e9c-0 eqiBeF container-text text-embed \" id=\"element-body-3\">\n<p>El s\u00e1bado, dos alba\u00f1iles denunciaron el hallazgo de un cuerpo dentro de un placard: estaba cubierto con una frazada, sellado con cemento y &#8220;sentado&#8221; en el piso. Se cree que lo habr\u00edan encontrado dos d\u00edas antes (el jueves). Por temor, advirtieron a quien los contrat\u00f3, Javier Grasso, y luego decidieron denunciar lo que vieron.<\/p>\n<\/div>\n<div class=\"sc-45461e9c-0 eqiBeF container-text text-embed \" id=\"element-body-4\">\n<p>Al picar la pared el <strong>olor nauseabundo<\/strong> del cadaver en descomposici\u00f3n ya se hab\u00eda colado en el edificio y los vecinos del tercer piso notaron que algo pasaba.<\/p>\n<\/div>\n<div class=\"sc-98b114a2-0 bkqiHH image-embed  image-embed \" id=\"element-body-5\"><picture class=\"sc-98b114a2-1 jRUlDm\"><source media=\"(min-width: 975px)\" width=\"720\" height=\"480\" \/><img alt=\"El edificio en el que hallaron el cad\u00e1ver adentro de un armario, en pleno Centro. Foto: Jos\u00e9 Gabriel Hern\u00e1ndez \/ La Voz\" loading=\"lazy\" width=\"720\" height=\"480\" decoding=\"async\" data-nimg=\"1\" style=\"color:transparent\" src=\"https:\/\/13.com.ar\/wp-content\/uploads\/2025\/07\/quien-es-el-ex-policia-que-vivio-en-el-lugar.jpg\"\/><span class=\"epigraphe\">El edificio en el que hallaron el cad\u00e1ver adentro de un armario, en pleno Centro. Foto: Jos\u00e9 Gabriel Hern\u00e1ndez \/ La Voz<\/span><span class=\"picture-open\"><button class=\"open-image\" aria-label=\"Open Image\"\/><\/span><\/picture><\/div>\n<div class=\"sc-45461e9c-0 eqiBeF container-text text-embed \" id=\"element-body-6\">\n<p>Por el estado en el que fue encontrado no se pudo determinar la causa ni la data de muerte. Con los estudios tanatologicos y la autopsia intentar\u00e1n encontrar algunas respuestas respecto de qu\u00e9 pas\u00f3 con esta persona. De acuerdo al tama\u00f1o y algunas referencias \u00f3seas se cree que se tratar\u00eda de una mujer, pero no mucho m\u00e1s. <\/p>\n<\/div>\n<div class=\"sc-45461e9c-0 eqiBeF container-text text-embed \" id=\"element-body-7\">\n<p>El departamento estaba cerrado y los alba\u00f1iles fueron contratados por el propietario para arreglar un ca\u00f1o roto. <\/p>\n<\/div>\n<p><h2>El crimen de &#8220;Facundito&#8221;<\/h2>\n<\/p>\n<div class=\"sc-45461e9c-0 eqiBeF container-text text-embed \" id=\"element-body-9\">\n<p>Horacio Grasso hab\u00eda sido polic\u00eda pero lo echaron de la fuerza luego de ser detenido en un robo. Su apodo es &#8220;Armero&#8221; por su afici\u00f3n a las armas y la cantidad que ten\u00eda. Tambi\u00e9n fue acusado de <strong>&#8220;alquilar&#8221; armas a delincuentes<\/strong> comunes para que cometan delitos. Luego de un allanamiento en su casa, secuestraron un arsenal. Tambi\u00e9n fue imputado por tenencia ilegal de armas de fuego.<\/p>\n<\/div>\n<div class=\"sc-45461e9c-0 eqiBeF container-text text-embed \" id=\"element-body-10\">\n<p>Pero no fue hasta el asesinato de <strong>Facundo Novillo Cancinos<\/strong>, un ni\u00f1o de 6 a\u00f1os, que fue a la c\u00e1rcel. El crimen de &#8220;Facundito&#8221; fue el 26 de marzo de 2006 cuando Grasso dispar\u00f3 un<strong> fusil FAL<\/strong> contra un auto en movimiento en el barrio Colonia Lola de C\u00f3rdoba.<\/p>\n<\/div>\n<div class=\"sc-45461e9c-0 eqiBeF container-text text-embed \" id=\"element-body-11\">\n<p>El nene viajaba junto a su familia en un Renault 12 y muri\u00f3 en el acto. Iba junto a su mam\u00e1, Laura Cansino, cuando una bala atraves\u00f3 la luneta en medio de un enfrentamiento entre bandas narco.<\/p>\n<\/div>\n<div class=\"sc-45461e9c-0 eqiBeF container-text text-embed \" id=\"element-body-12\">\n<p>En 2009 la Justicia lo conden\u00f3 a 27 a\u00f1os de prisi\u00f3n como autor material del homicidio. Su c\u00f3mplice, Roberto Serviliano Romero, recibi\u00f3 una pena de 23 a\u00f1os. <\/p>\n<\/div>\n<div class=\"sc-98b114a2-0 bkqiHH image-embed  image-embed \" id=\"element-body-13\"><picture class=\"sc-98b114a2-1 jRUlDm\"><source media=\"(min-width: 975px)\" width=\"720\" height=\"480\" \/><img alt=\"Horacio Grasso fue condenado por el crimen de Facundo Novillo Cancinos, de 6 a\u00f1os. Foto Archivo La Voz\" loading=\"lazy\" width=\"720\" height=\"480\" decoding=\"async\" data-nimg=\"1\" style=\"color:transparent\" src=\"https:\/\/13.com.ar\/wp-content\/uploads\/2025\/07\/1751917980_747_quien-es-el-ex-policia-que-vivio-en-el-lugar.jpg\"\/><span class=\"epigraphe\">Horacio Grasso fue condenado por el crimen de Facundo Novillo Cancinos, de 6 a\u00f1os. Foto Archivo La Voz<\/span><span class=\"picture-open\"><button class=\"open-image\" aria-label=\"Open Image\"\/><\/span><\/picture><\/div>\n<div class=\"sc-45461e9c-0 eqiBeF container-text text-embed \" id=\"element-body-14\">\n<p>A pesar de sus antecedentes y de la gravedad de su condena, Grasso fue <strong>beneficiado con la prisi\u00f3n domiciliaria hasta 2019 <\/strong>por un problema de salud que, seg\u00fan su defensa, no hab\u00eda sido bien tratado en el penal de Bower.<\/p>\n<\/div>\n<p><h2>Amenazas y violencia<\/h2>\n<\/p>\n<div class=\"sc-45461e9c-0 eqiBeF container-text text-embed \" id=\"element-body-16\">\n<p>Durante su primera prisi\u00f3n domiciliaria, Grasso conviv\u00eda con su madre. <\/p>\n<\/div>\n<div class=\"sc-45461e9c-0 eqiBeF container-text text-embed \" id=\"element-body-17\">\n<p>A pesar de que miembros del jurado y testigos que hab\u00edan declarado en el juicio denunciaron <strong>amenazas<\/strong>, \u00e9l volvi\u00f3 a visitar el barrio en el que hab\u00eda cometido el crimen para amedrentarlos, seg\u00fan lo public\u00f3 el sitio <em>CBA24N<\/em>, junto a una foto de Grasso en la calle.<\/p>\n<\/div>\n<div class=\"sc-45461e9c-0 eqiBeF container-text text-embed \" id=\"element-body-18\">\n<p>El 16 de julio, luego de que la denuncia se difundiera en un programa de televisi\u00f3n, Grasso <strong>discuti\u00f3 con su madre y termin\u00f3 golpe\u00e1ndola brutalmente<\/strong>. Cuando intervino la Polic\u00eda, estaba escondido en los techos amenazando con suicidarse.<\/p>\n<\/div>\n<div class=\"sc-45461e9c-0 eqiBeF container-text text-embed \" id=\"element-body-19\">\n<p>Ese incumplimiento de la prisi\u00f3n domiciliaria lo mand\u00f3 de vuelta al penal. Y le gener\u00f3 otra causa por la violencia ejercida contra su madre. <\/p>\n<\/div>\n<div class=\"sc-45461e9c-0 eqiBeF container-text text-embed \" id=\"element-body-20\">\n<p>El juez que le otorg\u00f3 aquella domiciliaria fue Gustavo Jos\u00e9 Echenique Estevez, seg\u00fan consign\u00f3 <em>CBA24N<\/em>.<\/p>\n<\/div>\n<div class=\"sc-45461e9c-0 eqiBeF container-text text-embed \" id=\"element-body-21\">\n<p>No est\u00e1 claro qu\u00e9 problemas de salud aleg\u00f3 para volver a conseguir el beneficio de la prisi\u00f3n domiciliaria pero con nuevo abogado (la anterior defensora habr\u00eda renunciado por amenazas) logr\u00f3 instalarse en el departamento de Buenos Aires 315 en 2022. <\/p>\n<\/div>\n<div class=\"sc-45461e9c-0 eqiBeF container-text text-embed \" id=\"element-body-22\">\n<p>Fuentes del Ministerio de Justicia de la Provincia de C\u00f3rdoba, de quienes depende el patronato de liberados y el Servicio Penitenciario, confirmaron a <strong>Clar\u00edn <\/strong>que no hab\u00eda informes negativos respecto del control realizado en el domicilio de Grasso.<\/p>\n<\/div>\n<div class=\"sc-45461e9c-0 eqiBeF container-text text-embed \" id=\"element-body-23\">\n<p>Adem\u00e1s explicaron que su responsabilidad es acudir a visitas &#8220;espor\u00e1dicas&#8221; e informar al juzgado si el detenido est\u00e1 o no est\u00e1. Y alertar a la Polic\u00eda en caso de que la tobillera electr\u00f3nica emita un alerta.<\/p>\n<\/div>\n<div class=\"sc-45461e9c-0 eqiBeF container-text text-embed \" id=\"element-body-24\">\n<p>Sin embargo, reconocieron que<strong> hubo oportunidades en las que el detenido no fue hallado en su domicilio <\/strong>y que eso se notific\u00f3 al juzgado de Ejecuci\u00f3n N\u00b0 1, a cargo de Facundo Moyano Centendo. Pero que las ausencias podr\u00edan haberse debido a consultas m\u00e9dicas autorizadas por el juzgado que no se notifican al Servicio Penitenciario. Tambi\u00e9n dijeron desconocer que Grasso no ten\u00eda m\u00e1s la domiciliaria y que estaba de vuelta en un penal.<\/p>\n<\/div>\n<div class=\"sc-45461e9c-0 eqiBeF container-text text-embed \" id=\"element-body-25\">\n<p>\u201cAndaba sucio, descalzo, ten\u00eda los perros sucios y con olor y cuando sal\u00eda dejaba una baranda\u201d, cont\u00f3 un vecino a <em>El Doce TV<\/em>.<\/p>\n<\/div>\n<div class=\"sc-45461e9c-0 eqiBeF container-text text-embed \" id=\"element-body-26\">\n<p>\u201cLos vecinos lo padec\u00edan,<strong> le ten\u00edan miedo<\/strong> por temor a represalias, prefer\u00edan no decir nada\u201d, agreg\u00f3.<\/p>\n<\/div>\n<div class=\"sc-45461e9c-0 eqiBeF container-text text-embed \" id=\"element-body-27\">\n<p>Malena, otra vecina que vivi\u00f3 hasta hace un a\u00f1o en el mismo piso que Grasso, relat\u00f3 a <em>Cadena 3<\/em>: &#8220;Siempre se escucharon cosas raras, como maltratos, <strong>gritos de chicas<\/strong>. La polic\u00eda ven\u00eda a las 3 de la ma\u00f1ana, era un alboroto constante\u201d.<\/p>\n<\/div>\n<div class=\"sc-45461e9c-0 eqiBeF container-text text-embed \" id=\"element-body-28\">\n<p>\u201cMe tuve que mudar. Un d\u00eda este hombre vino a tocarme la puerta para que, lo ayudara a hacer algo en la computadora, y le dije que no, porque obviamente me daba miedo entrar. Ya sab\u00edamos que ten\u00eda lo que era la prisi\u00f3n domiciliaria\u201d, insisti\u00f3. Adem\u00e1s, agreg\u00f3: \u201cA los d\u00edas, me fui a hacer unas cosas y cuando volv\u00ed, encontr\u00e9 una bombacha de mujer en el picaporte, con un billete de 10 pesos amarrado, y una \u2018M\u2019 con sal en el piso, yo supongo que era de Malena\u201d.<\/p>\n<\/div>\n<div class=\"sc-45461e9c-0 eqiBeF container-text text-embed \" id=\"element-body-29\">\n<p>Esas causas, denuncias o llamados a la polic\u00eda, generaban otras causas pero no eran remitidas al juzgado de ejecuci\u00f3n, que no est\u00e1 claro por qu\u00e9 pero volvi\u00f3 a revocarle el beneficio. <\/p>\n<\/div>\n<div class=\"sc-45461e9c-0 eqiBeF container-text text-embed \" id=\"element-body-30\">\n<p>Grasso est\u00e1 de nuevo en un penal. Seg\u00fan confiaron las fuentes consultadas por <strong>Clar\u00edn<\/strong>, ni siquiera se hab\u00eda notificado al Servicio Penitenciario de C\u00f3rdoba sobre este regreso.<\/p>\n<\/div>\n<div class=\"sc-45461e9c-0 eqiBeF container-text text-embed \" id=\"element-body-31\">\n<p>Es que Grasso habr\u00eda tenido una relaci\u00f3n de pareja con una mujer que luego lo denunci\u00f3 por violencia. Ten\u00eda una <strong>restricci\u00f3n de acercamiento y un bot\u00f3n de p\u00e1nico<\/strong>. Se cree que incumpli\u00f3 esa medida y por eso volvi\u00f3 al penal, pero no ha sido confirmado por la justicia.<\/p>\n<\/div>\n<div class=\"sc-45461e9c-0 eqiBeF container-text text-embed \" id=\"element-body-32\">\n<p>La investigaci\u00f3n del hallazgo del cuerpo est\u00e1 en manos del fiscal Guillermo Gonz\u00e1lez que subroga por la feria judicial al fiscal Jos\u00e9 Bringas, del Distrito 1, turno 6. <\/p>\n<\/div>\n<div class=\"sc-45461e9c-0 eqiBeF container-text text-embed \" id=\"element-body-33\">\n<p>Ser\u00e1 Bringas quien deba continuar con la investigaci\u00f3n cuando termine la feria y determinar qu\u00e9 pas\u00f3 con el cuerpo hallado en el departamento. <\/p>\n<\/div>\n<div class=\"sc-45461e9c-0 eqiBeF container-text text-embed \" id=\"element-body-34\">\n<p>Al momento la justicia no ha tomado ning\u00fan temperamento ni con el due\u00f1o del departamento ni con los alba\u00f1iles que lo hallaron. Tampoco contra Grasso.<\/p>\n<\/div>\n<\/div>\n<p><br \/>\n<br \/><a href=\"https:\/\/www.clarin.com\/policiales\/misterio-cadaver-placard-ex-policia-vivio-lugar-polemico-beneficio_0_wiQoXAc6UL.html\">Fuente Clarin.com <\/a><\/p>\n","protected":false},"excerpt":{"rendered":"<p>Dos alba\u00f1iles encontraron un cuerpo dentro de un placard mientras hac\u00edan un arreglo en C\u00f3rdoba. El cuerpo todav\u00eda no ha sido identificado pero se presume que llevaba unos dos a\u00f1os escondido entre una frazada y una puerta sellada con cemento. Pero detr\u00e1s del macabro hallazgo hay una historia que por estas horas parece un rompecabezas [&hellip;]<\/p>\n","protected":false},"author":1,"featured_media":40246,"comment_status":"open","ping_status":"open","sticky":false,"template":"","format":"standard","meta":{"footnotes":""},"categories":[2],"tags":[2420,18,1071,2717,1726,3,1673],"class_list":["post-40245","post","type-post","status-publish","format-standard","has-post-thumbnail","hentry","category-ultimas-noticias","tag-beneficio","tag-con","tag-lugar","tag-polemico","tag-policia","tag-quien","tag-vivio"],"_links":{"self":[{"href":"https:\/\/13.com.ar\/index.php\/wp-json\/wp\/v2\/posts\/40245","targetHints":{"allow":["GET"]}}],"collection":[{"href":"https:\/\/13.com.ar\/index.php\/wp-json\/wp\/v2\/posts"}],"about":[{"href":"https:\/\/13.com.ar\/index.php\/wp-json\/wp\/v2\/types\/post"}],"author":[{"embeddable":true,"href":"https:\/\/13.com.ar\/index.php\/wp-json\/wp\/v2\/users\/1"}],"replies":[{"embeddable":true,"href":"https:\/\/13.com.ar\/index.php\/wp-json\/wp\/v2\/comments?post=40245"}],"version-history":[{"count":0,"href":"https:\/\/13.com.ar\/index.php\/wp-json\/wp\/v2\/posts\/40245\/revisions"}],"wp:featuredmedia":[{"embeddable":true,"href":"https:\/\/13.com.ar\/index.php\/wp-json\/wp\/v2\/media\/40246"}],"wp:attachment":[{"href":"https:\/\/13.com.ar\/index.php\/wp-json\/wp\/v2\/media?parent=40245"}],"wp:term":[{"taxonomy":"category","embeddable":true,"href":"https:\/\/13.com.ar\/index.php\/wp-json\/wp\/v2\/categories?post=40245"},{"taxonomy":"post_tag","embeddable":true,"href":"https:\/\/13.com.ar\/index.php\/wp-json\/wp\/v2\/tags?post=40245"}],"curies":[{"name":"wp","href":"https:\/\/api.w.org\/{rel}","templated":true}]}}