{"id":40243,"date":"2025-07-07T16:46:56","date_gmt":"2025-07-07T19:46:56","guid":{"rendered":"https:\/\/13.com.ar\/index.php\/nadar-en-el-sena-un-sueno-que-espero-mas-de-100-anos-y-que-solo-duro-un-dia\/"},"modified":"2025-07-07T16:46:56","modified_gmt":"2025-07-07T19:46:56","slug":"nadar-en-el-sena-un-sueno-que-espero-mas-de-100-anos-y-que-solo-duro-un-dia","status":"publish","type":"post","link":"https:\/\/13.com.ar\/index.php\/nadar-en-el-sena-un-sueno-que-espero-mas-de-100-anos-y-que-solo-duro-un-dia\/","title":{"rendered":"nadar en el Sena, un sue\u00f1o que esper\u00f3 m\u00e1s de 100 a\u00f1os y que solo dur\u00f3 un d\u00eda"},"content":{"rendered":"<p> <br \/>\n<\/p>\n<div id=\"cuerpo\">\n<div class=\"sc-45461e9c-0 eqiBeF container-text text-embed \" id=\"element-body-0\">\n<p>Nadar en el r\u00edo Sena fue un magn\u00edfico sue\u00f1o. Al menos 3.000 personas se lanzaron al agua el s\u00e1bado a la ma\u00f1ana, con unas almohadas naranjas inflables, <strong>para disfrutar de un placer que no se repet\u00eda hace 100 a\u00f1os.<\/strong><\/p>\n<\/div>\n<div class=\"sc-45461e9c-0 eqiBeF container-text text-embed \" id=\"element-body-1\">\n<p>\u201cLa bagnade\u201d en esas aguas correntosas y un poco oscuras, mirando la torre Eiffel o el ministerio de Econom\u00eda o el centro de Par\u00eds result\u00f3 inolvidable. Pero la lluvia, la subida de las aguas, la basura, la caca y el miedo a la infecci\u00f3n E Coli <strong>forzaron a prohibirla hasta nuevo aviso.<\/strong><\/p>\n<\/div>\n<div class=\"sc-45461e9c-0 eqiBeF container-text text-embed \" id=\"element-body-2\">\n<p>Las tres piscinas parisinas del Sena <strong>est\u00e1n cerradas porque sigue lloviendo en Par\u00eds<\/strong>, seg\u00fan anunci\u00f3 la alcald\u00eda de Paris en su sitio web.<\/p>\n<\/div>\n<div class=\"sc-45461e9c-0 eqiBeF container-text text-embed \" id=\"element-body-3\">\n<p>En Par\u00eds, el agua de lluvia y las aguas residuales se mezclan en una sola red: la \u00fanica soluci\u00f3n en caso de fuertes lluvias es verter el desbordamiento al Sena. A lo largo del Sena hay barcos habitados, que <strong>tienen su conexi\u00f3n de cocina y ba\u00f1o<\/strong> <strong>directamente vinculado a las aguas del Sena.<\/strong><\/p>\n<\/div>\n<div class=\"sc-45461e9c-0 eqiBeF container-text text-embed \" id=\"element-body-4\">\n<p>Debido a las condiciones meteorol\u00f3gicas, se iz\u00f3 una bandera roja el domingo pasado por la ma\u00f1ana a la entrada de las tres piscinas parisinas de aguas abiertas, lo que impidi\u00f3 el acceso a los ba\u00f1istas. El lunes llueve a mares y la bandera roja contin\u00faa en su lugar.<\/p>\n<\/div>\n<div class=\"sc-98b114a2-0 bkqiHH image-embed  image-embed \" id=\"element-body-5\"><picture class=\"sc-98b114a2-1 jRUlDm\"><source media=\"(min-width: 975px)\" width=\"720\" height=\"480\" \/><img alt=\"Las aguas del Sena volvieron a recibir a ba\u00f1istas en Par\u00eds este s\u00e1bado por primera vez desde 1923. Foto EFE\" loading=\"lazy\" width=\"720\" height=\"480\" decoding=\"async\" data-nimg=\"1\" style=\"color:transparent\" src=\"https:\/\/13.com.ar\/wp-content\/uploads\/2025\/07\/nadar-en-el-Sena-un-sueno-que-espero-mas-de.jpg\"\/><span class=\"epigraphe\">Las aguas del Sena volvieron a recibir a ba\u00f1istas en Par\u00eds este s\u00e1bado por primera vez desde 1923. Foto EFE<\/span><span class=\"picture-open\"><button class=\"open-image\" aria-label=\"Open Image\"\/><\/span><\/picture><\/div>\n<p><h2>Cerradas hasta nuevo aviso<\/h2>\n<\/p>\n<div class=\"sc-45461e9c-0 eqiBeF container-text text-embed \" id=\"element-body-7\">\n<p>Las piscinas de Bras Marie (distrito 4), Grenelle (distrito 15) y Bercy (distrito 12) permanecer\u00e1n cerradas hasta el martes al menos, al igual que la piscina Paris Plage, ubicada en el Bassin de la Villette (distrito 19), seg\u00fan Pierre Rabadan, delegado de deportes del Ayuntamiento de Par\u00eds.<\/p>\n<\/div>\n<div class=\"sc-45461e9c-0 eqiBeF container-text text-embed \" id=\"element-body-8\">\n<p><strong>&#8220;\u00a1Estos son, lamentablemente, los peligros de la nataci\u00f3n en aguas abiertas!<\/strong> Nos vemos en el Sena en cuanto el tiempo mejore&#8221;, reaccion\u00f3 Ariel Weil, alcalde de Par\u00eds Centro (distritos 1, 2, 3 y 4).<\/p>\n<\/div>\n<div class=\"sc-45461e9c-0 eqiBeF container-text text-embed \" id=\"element-body-9\">\n<p>La nataci\u00f3n en el Sena ha evolucionado considerablemente a lo largo de los siglos, desde el ba\u00f1o salvaje hasta la nudidad y las piscinas flotantes.<\/p>\n<\/div>\n<div class=\"sc-45461e9c-0 eqiBeF container-text text-embed \" id=\"element-body-10\">\n<p>Otro \u201cespacio de frescura\u201d, como le gusta decir a la ecologista alcalde Anne Hidalgo, ubicado en el Canal Saint-Martin (distrito 10) deb\u00eda recibir a sus primeros nadadores el domingo. Pero <strong>tambi\u00e9n tuvo que permanecer cerrado<\/strong> &#8220;debido a las precipitaciones registradas, que comprometen la calidad del agua&#8221;, anunci\u00f3 el ayuntamiento del distrito X, invitando a los nadadores a regresar este mi\u00e9rcoles a las 12.<\/p>\n<\/div>\n<div class=\"sc-45461e9c-0 eqiBeF container-text text-embed \" id=\"element-body-11\">\n<p>Al igual que en las playas, un sistema de banderas (verde, amarilla y roja) instalado en las entradas de los puntos de encuentro <strong>permite a los usuarios controlar el caudal del Sena y la calidad del agua.<\/strong><\/p>\n<\/div>\n<div class=\"sc-45461e9c-0 eqiBeF container-text text-embed \" id=\"element-body-12\">\n<p>&#8220;Si el agua no es apta para el ba\u00f1o, se cerrar\u00e1, probablemente al d\u00eda siguiente de una lluvia intensa&#8221;, advirti\u00f3 Pierre Rabadan, antes de su apertura al p\u00fablico.<\/p>\n<\/div>\n<div class=\"sc-98b114a2-0 bkqiHH image-embed  image-embed \" id=\"element-body-13\"><picture class=\"sc-98b114a2-1 jRUlDm\"><source media=\"(min-width: 975px)\" width=\"720\" height=\"480\" \/><img alt=\"Personas disfrutando de su tiempo libre de verano frente al r\u00edo Sena, en Par\u00eds, Francia. Foto Xinhua\" loading=\"lazy\" width=\"720\" height=\"480\" decoding=\"async\" data-nimg=\"1\" style=\"color:transparent\" src=\"https:\/\/13.com.ar\/wp-content\/uploads\/2025\/07\/1751917616_564_nadar-en-el-Sena-un-sueno-que-espero-mas-de.jpg\"\/><span class=\"epigraphe\">Personas disfrutando de su tiempo libre de verano frente al r\u00edo Sena, en Par\u00eds, Francia. Foto Xinhua<\/span><span class=\"picture-open\"><button class=\"open-image\" aria-label=\"Open Image\"\/><\/span><\/picture><\/div>\n<div class=\"sc-45461e9c-0 eqiBeF container-text text-embed \" id=\"element-body-14\">\n<p>Durante los Juegos Ol\u00edmpicos, el objetivo era que las competiciones fueran en el Sena. Era parte del atractivo. Las lluvias r\u00e9cord durante los Juegos Ol\u00edmpicos hicieron que el agua no fuera apta para el ba\u00f1o de los atletas, sobre todo debido a los niveles ocasionalmente elevados de bacterias fecales (Escherichia coli y enterococos),tras las fuertes lluvias. Hubo atletas de Triatlon enfermos en el hospital con E Coli. <strong>Seis de las once carreras ol\u00edmpicas fueron suspendidas.<\/strong><\/p>\n<\/div>\n<div class=\"sc-45461e9c-0 eqiBeF container-text text-embed \" id=\"element-body-15\">\n<p>Desde 2016, las autoridades estatales y locales de la regi\u00f3n de \u00cele-de-France <strong>han invertido aproximadamente 1.400 millones de euros para que el Sena<\/strong> y el Marne, su principal afluente en la regi\u00f3n, sean aptos para el ba\u00f1o, incluyendo la regulaci\u00f3n de la recogida de aguas residuales.<\/p>\n<\/div>\n<p><h2>Burlas en las redes<\/h2>\n<\/p>\n<div class=\"sc-45461e9c-0 eqiBeF container-text text-embed \" id=\"element-body-17\">\n<p>Anne Hidalgo, alcaldesa de Par\u00eds, ha afirmado que la reapertura es un legado clave de los Juegos Ol\u00edmpicos. El ayuntamiento llevaba trabajando para levantar la prohibici\u00f3n de nadar desde 1988, cuando Jacques Chirac, entonces alcalde de Par\u00eds y ex presidente, prometi\u00f3 limpiarlo, prediciendo que alg\u00fan d\u00eda nadar\u00eda en \u00e9l.<strong> Chirac, quien ejerci\u00f3 la presidencia durante 12 a\u00f1os y falleci\u00f3 en 2019, nunca lo hizo.<\/strong><\/p>\n<\/div>\n<div class=\"sc-45461e9c-0 eqiBeF container-text text-embed \" id=\"element-body-18\">\n<p>Anne Hidalgo, alcaldesa de Par\u00eds, prob\u00f3 en los Juegos Ol\u00edmpicos las aguas del rio vestida con un equipo de neoprene.<\/p>\n<\/div>\n<div class=\"sc-45461e9c-0 eqiBeF container-text text-embed \" id=\"element-body-19\">\n<p>Las burlas a los cierres tambi\u00e9n aparecieron en redes sociales, citando principalmente los 1.400 millones de euros invertidos en mejorar la calidad del agua del r\u00edo en los a\u00f1os previos a los Juegos.<\/p>\n<\/div>\n<div class=\"sc-45461e9c-0 eqiBeF container-text text-embed \" id=\"element-body-20\">\n<p>A pesar de las dudas generalizadas, las autoridades afirmaron que la calidad del agua cumpl\u00eda con los est\u00e1ndares europeos y que los niveles de E Coli, enterococos y otras bacterias estaban muy por debajo de los umbrales peligrosos la mayor\u00eda de los d\u00edas. Hab\u00edan advertido que las instalaciones cerrar\u00edan si la lluvia amenazaba con desbordar las aguas residuales.<\/p>\n<\/div>\n<div class=\"sc-45461e9c-0 eqiBeF container-text text-embed \" id=\"element-body-21\">\n<p><strong>El Sena incumpli\u00f3 los est\u00e1ndares de agua ocho de cada diez d\u00edas.<\/strong><\/p>\n<\/div>\n<div class=\"sc-45461e9c-0 eqiBeF container-text text-embed \" id=\"element-body-22\">\n<p>Adem\u00e1s de las zonas de ba\u00f1o de Par\u00eds, 14 \u00e1reas est\u00e1n abiertas para el ba\u00f1o fuera del centro de Par\u00eds, en los r\u00edos Sena y Marne. Par\u00eds y la Ile de France quieren promocionarse como ciudades ultraecol\u00f3gicas, con r\u00edos limpios que las atraviesan y pueden disfrutarse.<\/p>\n<\/div>\n<\/div>\n<p><br \/>\n<br \/><a href=\"https:\/\/www.clarin.com\/mundo\/paris-nadar-sena-sueno-espero-100-anos-solo-duro-dia_0_yjEV0NidAy.html\">Fuente Clarin.com <\/a><\/p>\n","protected":false},"excerpt":{"rendered":"<p>Nadar en el r\u00edo Sena fue un magn\u00edfico sue\u00f1o. Al menos 3.000 personas se lanzaron al agua el s\u00e1bado a la ma\u00f1ana, con unas almohadas naranjas inflables, para disfrutar de un placer que no se repet\u00eda hace 100 a\u00f1os. \u201cLa bagnade\u201d en esas aguas correntosas y un poco oscuras, mirando la torre Eiffel o el [&hellip;]<\/p>\n","protected":false},"author":1,"featured_media":40244,"comment_status":"open","ping_status":"open","sticky":false,"template":"","format":"standard","meta":{"footnotes":""},"categories":[2],"tags":[636,1154,1369,2833,155,14499,10610,166,1880],"class_list":["post-40243","post","type-post","status-publish","format-standard","has-post-thumbnail","hentry","category-ultimas-noticias","tag-anos","tag-dia","tag-duro","tag-espero","tag-mas","tag-nadar","tag-sena","tag-solo","tag-sueno"],"_links":{"self":[{"href":"https:\/\/13.com.ar\/index.php\/wp-json\/wp\/v2\/posts\/40243","targetHints":{"allow":["GET"]}}],"collection":[{"href":"https:\/\/13.com.ar\/index.php\/wp-json\/wp\/v2\/posts"}],"about":[{"href":"https:\/\/13.com.ar\/index.php\/wp-json\/wp\/v2\/types\/post"}],"author":[{"embeddable":true,"href":"https:\/\/13.com.ar\/index.php\/wp-json\/wp\/v2\/users\/1"}],"replies":[{"embeddable":true,"href":"https:\/\/13.com.ar\/index.php\/wp-json\/wp\/v2\/comments?post=40243"}],"version-history":[{"count":0,"href":"https:\/\/13.com.ar\/index.php\/wp-json\/wp\/v2\/posts\/40243\/revisions"}],"wp:featuredmedia":[{"embeddable":true,"href":"https:\/\/13.com.ar\/index.php\/wp-json\/wp\/v2\/media\/40244"}],"wp:attachment":[{"href":"https:\/\/13.com.ar\/index.php\/wp-json\/wp\/v2\/media?parent=40243"}],"wp:term":[{"taxonomy":"category","embeddable":true,"href":"https:\/\/13.com.ar\/index.php\/wp-json\/wp\/v2\/categories?post=40243"},{"taxonomy":"post_tag","embeddable":true,"href":"https:\/\/13.com.ar\/index.php\/wp-json\/wp\/v2\/tags?post=40243"}],"curies":[{"name":"wp","href":"https:\/\/api.w.org\/{rel}","templated":true}]}}