{"id":40241,"date":"2025-07-07T16:41:09","date_gmt":"2025-07-07T19:41:09","guid":{"rendered":"https:\/\/13.com.ar\/index.php\/la-solitaria-cabana-en-medio-del-bosque-que-genera-debate-en-redes-no-gracias\/"},"modified":"2025-07-07T16:41:09","modified_gmt":"2025-07-07T19:41:09","slug":"la-solitaria-cabana-en-medio-del-bosque-que-genera-debate-en-redes-no-gracias","status":"publish","type":"post","link":"https:\/\/13.com.ar\/index.php\/la-solitaria-cabana-en-medio-del-bosque-que-genera-debate-en-redes-no-gracias\/","title":{"rendered":"La solitaria caba\u00f1a en medio del bosque que genera debate en redes: &#8220;No, gracias&#8221;"},"content":{"rendered":"<p> <br \/>\n<br \/><img decoding=\"async\" src=\"https:\/\/13.com.ar\/wp-content\/uploads\/2025\/07\/La-solitaria-cabana-en-medio-del-bosque-que-genera-debate.jpg\" \/><\/p>\n<div id=\"element-body-0\">\n<p>En los \u00faltimos d\u00edas se viraliz\u00f3 en redes sociales un video grabado desde un helic\u00f3ptero en el que se ve <strong>una casa en medio de un enorme y frondoso bosque<\/strong>.<\/p>\n<\/div>\n<div id=\"element-body-1\">\n<p>En X la gran mayor\u00eda afirma de que se trata de la casa del ermita\u00f1o Ken Smith, un ingl\u00e9s que vive desde hace m\u00e1s de 40 a\u00f1os en los bosques de Escocia. Sin embargo, al repasar el documental de BBC sobre la vida del hombre se puede percibir que las dos caba\u00f1as no son la misma.<\/p>\n<\/div>\n<div id=\"element-body-2\">\n<p>Al parecer, la casa del video podr\u00eda ser parte de <strong><em>North Maine Woods<\/em><\/strong>, una vasta regi\u00f3n boscosa en el norte de Maine, EE. UU., conocida por sus campamentos de caza remotos.<\/p>\n<\/div>\n<div id=\"element-body-4\">\n<p>Entre quienes creen que all\u00ed vive Ken Smith se arm\u00f3 un debate en los comentarios acerca del estilo de vida del due\u00f1o.<\/p>\n<\/div>\n<div id=\"element-body-5\">\n<p>&#8220;El sue\u00f1o de mi esposo&#8221;, &#8220;M\u00e1s feliz que perdiz&#8221; y &#8220;El \u00fanico del mundo que vive felizmente y no intoxicado&#8221; son algunas de las frases que aparecieron a favor de la decisi\u00f3n del ingl\u00e9s.<\/p>\n<\/div>\n<div id=\"element-body-6\">\n<p>Quienes expresaron su postura en contra dicen que parece la casa &#8220;de un asesino en serie&#8221; o que &#8220;est\u00e1 embrujada&#8221;. &#8220;No gracias&#8221;, sentenci\u00f3 otro. <strong>Gustos son gustos<\/strong>.<\/p>\n<\/div>\n<div id=\"element-body-9\">\n<p>El hombre que gener\u00f3 la confusi\u00f3n, Ken Smith, tiene 76 a\u00f1os y naci\u00f3 en Derbyshire, en Inglaterra, y vive de la casa y la pesca. <\/p>\n<\/div>\n<div id=\"element-body-10\">\n<p>Su caba\u00f1a de troncos, que \u00e9l mismo construy\u00f3, est\u00e1 ubicada a orillas de un lago remoto en las Tierras Altas de Escocia. No tiene gas ni agua potable; est\u00e1 completamente solo. <\/p>\n<\/div>\n<div id=\"element-body-12\">\n<p>La historia de Ken fue reflejada por la cadena BBC hace cuatro a\u00f1os. El hombre cuenta all\u00ed c\u00f3mo comenz\u00f3 a trabajar a la edad de 15 a\u00f1os, construyendo estaciones de bomberos.<\/p>\n<\/div>\n<div id=\"element-body-13\">\n<p>Pero su vida cambi\u00f3 a los 26 cuando fue golpeado por una banda de matones despu\u00e9s de una noche de fiesta. Sufri\u00f3 una hemorragia cerebral y perdi\u00f3 el conocimiento durante 23 d\u00edas.<\/p>\n<\/div>\n<div id=\"element-body-14\">\n<p>&#8220;Dijeron que nunca me recuperar\u00eda. Dijeron que nunca volver\u00eda a hablar. Dijeron que nunca volver\u00eda a caminar, pero lo hice. Fue entonces cuando decid\u00ed que nunca vivir\u00eda en los t\u00e9rminos de nadie m\u00e1s que en los m\u00edos&#8221;, afirma.<\/p>\n<\/div>\n<div id=\"element-body-15\">\n<p>As\u00ed fue como la vida de Ken dio un giro. <strong>Comenz\u00f3 a viajar y a entrar en contacto con la naturaleza<\/strong>. Y como Forest Gump empez\u00f3 a caminar. Y lo hizo durante mucho tiempo.<\/p>\n<\/div>\n<div id=\"element-body-16\">\n<p>Asegura que camin\u00f3 unos 35.000 kil\u00f3metros antes de regresar a casa, donde lo esperaba una noticia devastadora: sus dos padres hab\u00edan muerto.<\/p>\n<\/div>\n<div id=\"element-body-18\">\n<p>&#8220;No sent\u00ed nada. Pas\u00f3 mucho tiempo hasta que me golpe\u00f3&#8221;, cuenta, y sigue: &#8220;Unos meses despu\u00e9s estaba en Rannoch cuando de repente pens\u00e9 en mis padres y comenc\u00e9 a llorar. Llor\u00e9 todo el camino mientras caminaba&#8221;.<\/p>\n<\/div>\n<div id=\"element-body-19\">\n<p>Y fue ese el momento donde el hombre tom\u00f3 la decisi\u00f3n de alejarse de todo: &#8220;Pens\u00e9 <strong>\u00bfd\u00f3nde est\u00e1 el lugar m\u00e1s aislado de Gran Breta\u00f1a?<\/strong>&#8220;, agrega en el documental.<\/p>\n<\/div>\n<div id=\"element-body-20\">\n<p>&#8220;Estuve dando vueltas y segu\u00ed cada bah\u00eda y cada cumbre donde no hubiera una casa construida. Cientos y cientos de kil\u00f3metros de nada. Mir\u00e9 al otro lado del lago y vi este bosque&#8221;, recuerda.<\/p>\n<\/div>\n<div id=\"element-body-21\">\n<p>Sab\u00eda que hab\u00eda encontrado el lugar donde quer\u00eda quedarse. Ken dice que ese fue el momento en que dej\u00f3 de llorar y termin\u00f3 su constante deambular.<\/p>\n<\/div>\n<p><br \/>\n<br \/><a href=\"https:\/\/www.clarin.com\/internacional\/solitaria-cabana-medio-bosque-genera-debate-redes-gracias_0_SfDXEaGa0Z.html\">Fuente Clarin.com <\/a><\/p>\n","protected":false},"excerpt":{"rendered":"<p>En los \u00faltimos d\u00edas se viraliz\u00f3 en redes sociales un video grabado desde un helic\u00f3ptero en el que se ve una casa en medio de un enorme y frondoso bosque. En X la gran mayor\u00eda afirma de que se trata de la casa del ermita\u00f1o Ken Smith, un ingl\u00e9s que vive desde hace m\u00e1s de [&hellip;]<\/p>\n","protected":false},"author":1,"featured_media":40242,"comment_status":"open","ping_status":"open","sticky":false,"template":"","format":"standard","meta":{"footnotes":""},"categories":[2],"tags":[3827,19696,3002,100,466,1700,1224,505,23187],"class_list":["post-40241","post","type-post","status-publish","format-standard","has-post-thumbnail","hentry","category-ultimas-noticias","tag-bosque","tag-cabana","tag-debate","tag-del","tag-genera","tag-gracias","tag-medio","tag-redes","tag-solitaria"],"_links":{"self":[{"href":"https:\/\/13.com.ar\/index.php\/wp-json\/wp\/v2\/posts\/40241","targetHints":{"allow":["GET"]}}],"collection":[{"href":"https:\/\/13.com.ar\/index.php\/wp-json\/wp\/v2\/posts"}],"about":[{"href":"https:\/\/13.com.ar\/index.php\/wp-json\/wp\/v2\/types\/post"}],"author":[{"embeddable":true,"href":"https:\/\/13.com.ar\/index.php\/wp-json\/wp\/v2\/users\/1"}],"replies":[{"embeddable":true,"href":"https:\/\/13.com.ar\/index.php\/wp-json\/wp\/v2\/comments?post=40241"}],"version-history":[{"count":0,"href":"https:\/\/13.com.ar\/index.php\/wp-json\/wp\/v2\/posts\/40241\/revisions"}],"wp:featuredmedia":[{"embeddable":true,"href":"https:\/\/13.com.ar\/index.php\/wp-json\/wp\/v2\/media\/40242"}],"wp:attachment":[{"href":"https:\/\/13.com.ar\/index.php\/wp-json\/wp\/v2\/media?parent=40241"}],"wp:term":[{"taxonomy":"category","embeddable":true,"href":"https:\/\/13.com.ar\/index.php\/wp-json\/wp\/v2\/categories?post=40241"},{"taxonomy":"post_tag","embeddable":true,"href":"https:\/\/13.com.ar\/index.php\/wp-json\/wp\/v2\/tags?post=40241"}],"curies":[{"name":"wp","href":"https:\/\/api.w.org\/{rel}","templated":true}]}}