{"id":4024,"date":"2025-02-11T19:30:28","date_gmt":"2025-02-11T22:30:28","guid":{"rendered":"https:\/\/13.com.ar\/index.php\/aparecio-muerto-dentro-de-su-casa-incendiada-en-san-pedro-hay-un-detenido\/"},"modified":"2025-02-11T19:30:28","modified_gmt":"2025-02-11T22:30:28","slug":"aparecio-muerto-dentro-de-su-casa-incendiada-en-san-pedro-hay-un-detenido","status":"publish","type":"post","link":"https:\/\/13.com.ar\/index.php\/aparecio-muerto-dentro-de-su-casa-incendiada-en-san-pedro-hay-un-detenido\/","title":{"rendered":"Apareci\u00f3 muerto dentro de su casa incendiada en San Pedro: hay un detenido"},"content":{"rendered":"<p> <br \/>\n<\/p>\n<div id=\"cuerpo\">\n<div class=\"sc-80531b6b-0 chRIGJ container-text text-embed\">\n<p>Los llamados de los vecinos por un principio de incendio termin\u00f3 con una escena macabra en San Pedro. Dentro de la vivienda, los bomberos encontraron el cuerpo de <strong>Aquiles Casta\u00f1arez Mateos<\/strong> (33). Las investigaciones posteriores revelaron una trama que incluye un intento de robo y el incendio intencional de la casa y del auto particular de la v\u00edctima. Un d\u00eda despu\u00e9s, se concret\u00f3 la detenci\u00f3n de un sospechoso. Si bien en principio se se\u00f1alaba un dinero de la indemnizaci\u00f3n como m\u00f3vil del crimen, la pareja de la v\u00edctima revel\u00f3 datos que reorientan la investigaci\u00f3n.<\/p>\n<\/div>\n<div class=\"sc-80531b6b-0 chRIGJ container-text text-embed\">\n<p>Apenas pasadas las 7 de la ma\u00f1ana del lunes, los vecinos alertaron a las autoridades sobre un ruido muy fuerte que hab\u00edan escuchado en la cuadra del suceso. Fue una especie de explosi\u00f3n que los asust\u00f3. Cuando llegaron a Emilio Frers al 320 el fuego hab\u00eda sido parcialmente controlado. Adentro de la vivienda, sin embargo, hubo un hallazgo clave: el cuerpo de Casta\u00f1arez Mateos, sin vida.<\/p>\n<\/div>\n<div class=\"sc-80531b6b-0 chRIGJ container-text text-embed\">\n<p>Una lugare\u00f1a not\u00f3 que la puerta de la vivienda donde resid\u00eda Casta\u00f1arez estaba abierta y que sal\u00eda mucha agua, por lo que llam\u00f3 al padre del fallecido para notificarlo sobre lo que estaba ocurriendo, indic\u00f3 el diario <em>La Opini\u00f3n de San Pedro<\/em>.<\/p>\n<\/div>\n<div class=\"sc-80531b6b-0 chRIGJ container-text text-embed\">\n<p>El cuerpo de la v\u00edctima estaba recostado sobre una mesa, envuelto en un colch\u00f3n, indic\u00f3 <em>Zona Norte Hoy<\/em>. Adem\u00e1s, los forenses que realizaron la autopsia hallaron golpes y signos de que \u00e9l hab\u00eda intentado defenderse. Este martes, se confirm\u00f3 que muri\u00f3 <strong>asfixiado por inhalaci\u00f3n de mon\u00f3xido de carbono.<\/strong><\/p>\n<\/div>\n<div class=\"sc-80531b6b-0 chRIGJ container-text text-embed\">\n<p>Las primeras pericias arrojaron que el incendio se provoc\u00f3 de manera intencional. Los investigadores analizaron las c\u00e1maras de seguridad y unas horas m\u00e1s tarde, la Polic\u00eda Bonaerense encontr\u00f3 el veh\u00edculo del licenciado en Recursos Humanos. El Toyota Etios blanco estaba a menos de 10 cuadras de su casa, en la calle Belgrano al 2.200. Como su casa, tambi\u00e9n estaba incendiado, se presume que para eliminar pistas.<\/p>\n<\/div>\n<div class=\"sc-198be8ec-0 cynXbu image-embed  image-embed \"><picture class=\"sc-198be8ec-1 kOjRiQ\"><source media=\"(min-width: 975px)\" width=\"720\" height=\"480\" \/><img alt=\"Aquiles Casta\u00f1arez Mateos, el hombre de 33 a\u00f1os que apareci\u00f3 muerto en su casa de San Pedro.\" loading=\"lazy\" width=\"720\" height=\"480\" decoding=\"async\" data-nimg=\"1\" style=\"color:transparent\" src=\"https:\/\/13.com.ar\/wp-content\/uploads\/2025\/02\/Aparecio-muerto-dentro-de-su-casa-incendiada-en-San-Pedro.jpg\"\/><span class=\"epigraphe\">Aquiles Casta\u00f1arez Mateos, el hombre de 33 a\u00f1os que apareci\u00f3 muerto en su casa de San Pedro.<\/span><span class=\"bkg\"\/><span class=\"picture-open\"><button class=\"open-image\" aria-label=\"Open Image\"\/><\/span><\/picture><\/div>\n<div class=\"sc-80531b6b-0 chRIGJ container-text text-embed\">\n<p>La fiscal Mar\u00eda Del Valle Viviani est\u00e1 a cargo de la investigaci\u00f3n bajo la car\u00e1tula de &#8220;homicidio en ocasi\u00f3n de robo&#8221;.<\/p>\n<\/div>\n<div class=\"sc-80531b6b-0 chRIGJ container-text text-embed\">\n<p>Casta\u00f1arez Mateos hab\u00eda cobrado una indemnizaci\u00f3n. Si bien la principal hip\u00f3tesis apuntaba al robo de ese dinero, la v\u00edctima ya hab\u00eda invertido parte de ese monto. Adem\u00e1s, la pareja de la v\u00edctima dio nuevas pistas claves.<\/p>\n<\/div>\n<p><h2>Qui\u00e9n es el sospechoso detenido por el crimen en San Pedro<\/h2>\n<\/p>\n<div class=\"sc-80531b6b-0 chRIGJ container-text text-embed\">\n<p>Cerca de las 15 horas de este martes detuvieron a Nicol\u00e1s B., de 29 a\u00f1os, que fue trasladado a la Fiscal\u00eda N\u00b0 7 para que preste declaraci\u00f3n.<\/p>\n<\/div>\n<div class=\"sc-80531b6b-0 chRIGJ container-text text-embed\">\n<p>El sospechoso se estaba escondiendo en la casa de su pareja. Tiene antecedentes por robo y por violencia de g\u00e9nero. <\/p>\n<\/div>\n<div class=\"sc-80531b6b-0 chRIGJ container-text text-embed\">\n<p>Al momento de su b\u00fasqueda, encontraron en su casa particular bidones de gasoil. Tambi\u00e9n secuestraron ropa.<\/p>\n<\/div>\n<div class=\"sc-80531b6b-0 chRIGJ container-text text-embed\">\n<p>Al sospechoso lo captaron las c\u00e1maras de seguridad cuando abandon\u00f3 el auto que pertenec\u00eda a Casta\u00f1arez. Fue reconocido por la pareja de la v\u00edctima. Seg\u00fan medios locales, dijo que exist\u00eda una deuda econ\u00f3mica entre ellos.<\/p>\n<\/div>\n<\/div>\n<p><br \/>\n<br \/><a href=\"https:\/\/www.clarin.com\/policiales\/aparecio-muerto-san-pedro-quemaron-casa-auto_0_dltqWP0suZ.html\">Fuente Clarin.com <\/a><\/p>\n","protected":false},"excerpt":{"rendered":"<p>Los llamados de los vecinos por un principio de incendio termin\u00f3 con una escena macabra en San Pedro. Dentro de la vivienda, los bomberos encontraron el cuerpo de Aquiles Casta\u00f1arez Mateos (33). Las investigaciones posteriores revelaron una trama que incluye un intento de robo y el incendio intencional de la casa y del auto particular [&hellip;]<\/p>\n","protected":false},"author":1,"featured_media":4025,"comment_status":"open","ping_status":"open","sticky":false,"template":"","format":"standard","meta":{"footnotes":""},"categories":[2],"tags":[1336,108,107,1360,942,3266,2827,302,451],"class_list":["post-4024","post","type-post","status-publish","format-standard","has-post-thumbnail","hentry","category-ultimas-noticias","tag-aparecio","tag-casa","tag-dentro","tag-detenido","tag-hay","tag-incendiada","tag-muerto","tag-pedro","tag-san"],"_links":{"self":[{"href":"https:\/\/13.com.ar\/index.php\/wp-json\/wp\/v2\/posts\/4024","targetHints":{"allow":["GET"]}}],"collection":[{"href":"https:\/\/13.com.ar\/index.php\/wp-json\/wp\/v2\/posts"}],"about":[{"href":"https:\/\/13.com.ar\/index.php\/wp-json\/wp\/v2\/types\/post"}],"author":[{"embeddable":true,"href":"https:\/\/13.com.ar\/index.php\/wp-json\/wp\/v2\/users\/1"}],"replies":[{"embeddable":true,"href":"https:\/\/13.com.ar\/index.php\/wp-json\/wp\/v2\/comments?post=4024"}],"version-history":[{"count":0,"href":"https:\/\/13.com.ar\/index.php\/wp-json\/wp\/v2\/posts\/4024\/revisions"}],"wp:featuredmedia":[{"embeddable":true,"href":"https:\/\/13.com.ar\/index.php\/wp-json\/wp\/v2\/media\/4025"}],"wp:attachment":[{"href":"https:\/\/13.com.ar\/index.php\/wp-json\/wp\/v2\/media?parent=4024"}],"wp:term":[{"taxonomy":"category","embeddable":true,"href":"https:\/\/13.com.ar\/index.php\/wp-json\/wp\/v2\/categories?post=4024"},{"taxonomy":"post_tag","embeddable":true,"href":"https:\/\/13.com.ar\/index.php\/wp-json\/wp\/v2\/tags?post=4024"}],"curies":[{"name":"wp","href":"https:\/\/api.w.org\/{rel}","templated":true}]}}