{"id":39936,"date":"2025-07-06T14:01:56","date_gmt":"2025-07-06T17:01:56","guid":{"rendered":"https:\/\/13.com.ar\/index.php\/duras-criticas-al-autoritarismo-de-milei-y-un-guino-a-cristina-kirchner\/"},"modified":"2025-07-06T14:01:56","modified_gmt":"2025-07-06T17:01:56","slug":"duras-criticas-al-autoritarismo-de-milei-y-un-guino-a-cristina-kirchner","status":"publish","type":"post","link":"https:\/\/13.com.ar\/index.php\/duras-criticas-al-autoritarismo-de-milei-y-un-guino-a-cristina-kirchner\/","title":{"rendered":"duras cr\u00edticas al &#8220;autoritarismo de Milei&#8221; y un gui\u00f1o a Cristina Kirchner"},"content":{"rendered":"<p> <br \/>\n<br \/><img decoding=\"async\" src=\"https:\/\/13.com.ar\/wp-content\/uploads\/2025\/07\/duras-criticas-al-autoritarismo-de-Milei-y-un-guino-a.jpg\" \/><\/p>\n<div id=\"element-body-0\">\n<p>Apenas un d\u00eda despu\u00e9s del <strong>Congreso del peronismo bonaerense<\/strong>, y en sinton\u00eda con las se\u00f1ales que partieron de ese encuentro celebrado en Merlo, el gobernador Axel Kicillof admiti\u00f3 las &#8220;miradas distintas&#8221; que existen dentro del partido pero insisti\u00f3 en que<strong> el PJ debe ir unido en las pr\u00f3ximas elecciones<\/strong>.<\/p>\n<\/div>\n<div id=\"element-body-1\">\n<p>Kicillof public\u00f3 un extenso tuit en su cuenta de X en el que se refiri\u00f3 al &#8220;paso important\u00edsimo&#8221; que se di\u00f3 con el Congreso celebrado el s\u00e1bado. &#8220;Sabemos que dentro del peronismo existen miradas distintas sobre la experiencia fallida del Gobierno Nacional del FdT y sobre el camino a seguir para reparar aquella decepci\u00f3n. Esos debates continuar\u00e1n: son inevitables y necesarios&#8221;, escribi\u00f3 el gobernador, en un ensayo de autocr\u00edtica.<\/p>\n<\/div>\n<div id=\"element-body-2\">\n<p>&#8220;Sin embargo, hoy existe una urgencia que supera cualquier diferencia o disputa: en cada caminata, en cada recorrido, en cada plenario, militantes, trabajadores y vecinos <strong>nos piden lo mismo a los dirigentes: vayan juntos<\/strong>&#8220;, agreg\u00f3, subrayando la necesidad de consolidar la unidad del peronismo de cara a las elecciones de los pr\u00f3ximos meses.<\/p>\n<\/div>\n<div id=\"element-body-3\">\n<p>Cuando quedan apenas tres d\u00edas para el cierre de alianzas electorales, y en un nuevo esfuerzo por apaciguar un clima interno que amenazaba con caldearse por el armado de las listas en medio de los tironeos entre el gobernador y un grupo de intendentes de un lado, y La C\u00e1mpora liderada por M\u00e1ximo Kirchner del otro, el gobernador destac\u00f3 que &#8220;colectivamente se acord\u00f3 consolidar un gran frente que, en las pr\u00f3ximas elecciones legislativas, funcione como escudo y ponga un freno a la motosierra que hoy arrasa derechos y sue\u00f1os&#8221;.<\/p>\n<\/div>\n<p><br \/>\n<br \/><a href=\"https:\/\/www.clarin.com\/politica\/congreso-pj-axel-kicillof-hizo-llamado-unidad-duras-criticas-autoritarismo-milei-guino-cristina-kirchner_0_stoxslRxN8.html\">Fuente Clarin.com <\/a><\/p>\n","protected":false},"excerpt":{"rendered":"<p>Apenas un d\u00eda despu\u00e9s del Congreso del peronismo bonaerense, y en sinton\u00eda con las se\u00f1ales que partieron de ese encuentro celebrado en Merlo, el gobernador Axel Kicillof admiti\u00f3 las &#8220;miradas distintas&#8221; que existen dentro del partido pero insisti\u00f3 en que el PJ debe ir unido en las pr\u00f3ximas elecciones. Kicillof public\u00f3 un extenso tuit en [&hellip;]<\/p>\n","protected":false},"author":1,"featured_media":39937,"comment_status":"open","ping_status":"open","sticky":false,"template":"","format":"standard","meta":{"footnotes":""},"categories":[2],"tags":[19947,497,2761,3834,465,1381,77],"class_list":["post-39936","post","type-post","status-publish","format-standard","has-post-thumbnail","hentry","category-ultimas-noticias","tag-autoritarismo","tag-cristina","tag-criticas","tag-duras","tag-guino","tag-kirchner","tag-milei"],"_links":{"self":[{"href":"https:\/\/13.com.ar\/index.php\/wp-json\/wp\/v2\/posts\/39936","targetHints":{"allow":["GET"]}}],"collection":[{"href":"https:\/\/13.com.ar\/index.php\/wp-json\/wp\/v2\/posts"}],"about":[{"href":"https:\/\/13.com.ar\/index.php\/wp-json\/wp\/v2\/types\/post"}],"author":[{"embeddable":true,"href":"https:\/\/13.com.ar\/index.php\/wp-json\/wp\/v2\/users\/1"}],"replies":[{"embeddable":true,"href":"https:\/\/13.com.ar\/index.php\/wp-json\/wp\/v2\/comments?post=39936"}],"version-history":[{"count":0,"href":"https:\/\/13.com.ar\/index.php\/wp-json\/wp\/v2\/posts\/39936\/revisions"}],"wp:featuredmedia":[{"embeddable":true,"href":"https:\/\/13.com.ar\/index.php\/wp-json\/wp\/v2\/media\/39937"}],"wp:attachment":[{"href":"https:\/\/13.com.ar\/index.php\/wp-json\/wp\/v2\/media?parent=39936"}],"wp:term":[{"taxonomy":"category","embeddable":true,"href":"https:\/\/13.com.ar\/index.php\/wp-json\/wp\/v2\/categories?post=39936"},{"taxonomy":"post_tag","embeddable":true,"href":"https:\/\/13.com.ar\/index.php\/wp-json\/wp\/v2\/tags?post=39936"}],"curies":[{"name":"wp","href":"https:\/\/api.w.org\/{rel}","templated":true}]}}