{"id":39543,"date":"2025-07-04T16:12:31","date_gmt":"2025-07-04T19:12:31","guid":{"rendered":"https:\/\/13.com.ar\/index.php\/el-legislador-mas-joven-de-ecuador-fue-visto-dibujando-en-plena-sesion-y-ahora-su-puesto-corre-peligro\/"},"modified":"2025-07-04T16:12:31","modified_gmt":"2025-07-04T19:12:31","slug":"el-legislador-mas-joven-de-ecuador-fue-visto-dibujando-en-plena-sesion-y-ahora-su-puesto-corre-peligro","status":"publish","type":"post","link":"https:\/\/13.com.ar\/index.php\/el-legislador-mas-joven-de-ecuador-fue-visto-dibujando-en-plena-sesion-y-ahora-su-puesto-corre-peligro\/","title":{"rendered":"El legislador m\u00e1s joven de Ecuador fue visto dibujando en plena sesi\u00f3n y ahora su puesto corre peligro"},"content":{"rendered":"<p> <br \/>\n<br \/><img decoding=\"async\" src=\"https:\/\/13.com.ar\/wp-content\/uploads\/2025\/07\/El-legislador-mas-joven-de-Ecuador-fue-visto-dibujando-en.jpg\" \/><\/p>\n<div id=\"element-body-0\">\n<p>El asamble\u00edsta m\u00e1s joven de Ecuador, el oficialista<strong> Dominique Serrano<\/strong>, fue visto dibujando en medio de una sesi\u00f3n y ahora enfrenta una investigaci\u00f3n disciplinaria. <strong>El video del momento se viraliz\u00f3 y caus\u00f3 indignaci\u00f3n en redes<\/strong>.<\/p>\n<\/div>\n<div id=\"element-body-1\">\n<p>Serrano, de 19 a\u00f1os, fue grabado mientras garabateaba un papel en una sesi\u00f3n de fiscalizaci\u00f3n. Sucedi\u00f3 el 2 de julio, mientras la Comisi\u00f3n de Transparencia, Participaci\u00f3n Ciudadana y Control Social sesionaba para analizar los contratos entre el Gobierno ecuatoriano y la empresa estadounidense Progen.<\/p>\n<\/div>\n<div id=\"element-body-2\">\n<p>Quien habla mientras Serrano dibuja es el exgerente de la Unidad de Negocios Termopichincha, <strong>Byron Orozco<\/strong>. Espec\u00edficamente, Orozco explica los motivos de su renuncia.<\/p>\n<\/div>\n<div id=\"element-body-4\">\n<p>La jefa de <strong>Acci\u00f3n Democr\u00e1tica Nacional (ADN)<\/strong>, el bloque al que pertenece el legislador, hizo una solicitud formal al Consejo de Administraci\u00f3n Legislativa (CAL), \u00f3rgano encargado de sancionar las faltas de los legisladores.<\/p>\n<\/div>\n<div id=\"element-body-5\">\n<p>All\u00ed, <strong>Valentina Centeno<\/strong> pide que se inicie el proceso correspondiente para determinar si el chico incurri\u00f3 en <strong>una infracci\u00f3n \u00e9tica o disciplinaria<\/strong> por su comportamiento en la comisi\u00f3n. <\/p>\n<\/div>\n<div id=\"element-body-6\">\n<p>Para constatarlo se deber\u00e1 recurrir al C\u00f3digo de \u00c9tica y al Reglamento de la Asamblea Nacional. Si es hallado responsable, <strong>Serrano puede perder su puesto temporalmente<\/strong> por suspensi\u00f3n o, en el m\u00e1s leve de los casos, recibir una amonestaci\u00f3n.<\/p>\n<\/div>\n<div id=\"element-body-7\">\n<p>Centeno dijo que \u201cla \u00e9tica no puede ni debe ser optativa\u201d y asegur\u00f3 que el caso ser\u00e1 tratado \u201ccon total imparcialidad\u201d.<\/p>\n<\/div>\n<div id=\"element-body-9\">\n<p><strong>Revoluci\u00f3n Ciudadana<\/strong> -la oposici\u00f3n- emiti\u00f3 un comunicado en donde denuncia injusticias en la Asamblea: \u201cMientras a nuestros asamble\u00edstas se los sanciona por opinar pol\u00edticamente o exigir la palabra, <strong>con el oficialista Dominique Serrano no pasa nada cuando se lo encuentra dibujando durante una sesi\u00f3n clave de fiscalizaci\u00f3n<\/strong>\u201d.<\/p>\n<\/div>\n<div id=\"element-body-11\">\n<p>Serrano fue duramente criticado y puso en cuesti\u00f3n la decisi\u00f3n de ADN de que formara parte del bloque en la Asamblea Nacional de Ecuador. Al bloque se le achaca que el joven no tiene la formaci\u00f3n suficiente para ser legislador y hay quienes afirman que est\u00e1 all\u00ed solo por ser hijo de <strong>Paulina Molina Coro<\/strong>, exasesora legislativa.<\/p>\n<\/div>\n<div id=\"element-body-12\">\n<p>El joven fue elegido legislador por el <strong>Distrito Centro Sur de Pichincha<\/strong> en 2025 y est\u00e1 en el cargo desde el 14 de mayo. De este modo, <strong>logr\u00f3 convertirse en el asamble\u00edsta m\u00e1s joven en la historia del pa\u00eds<\/strong>.<\/p>\n<\/div>\n<div id=\"element-body-13\">\n<p>Por fuera de su carrera pol\u00edtica, Serrano est\u00e1 cursando el primer semestre de Derecho en la Secretar\u00eda de Educaci\u00f3n Superior y adem\u00e1s estudia la carrera de Gastronom\u00eda. <\/p>\n<\/div>\n<p><br \/>\n<br \/><a href=\"https:\/\/www.clarin.com\/internacional\/ecuador-legislador-19-anos-visto-dibujando-plena-sesion-ahora-puesto-corre-peligro_0_quWQFELeGN.html\">Fuente Clarin.com <\/a><\/p>\n","protected":false},"excerpt":{"rendered":"<p>El asamble\u00edsta m\u00e1s joven de Ecuador, el oficialista Dominique Serrano, fue visto dibujando en medio de una sesi\u00f3n y ahora enfrenta una investigaci\u00f3n disciplinaria. El video del momento se viraliz\u00f3 y caus\u00f3 indignaci\u00f3n en redes. Serrano, de 19 a\u00f1os, fue grabado mientras garabateaba un papel en una sesi\u00f3n de fiscalizaci\u00f3n. Sucedi\u00f3 el 2 de julio, [&hellip;]<\/p>\n","protected":false},"author":1,"featured_media":39544,"comment_status":"open","ping_status":"open","sticky":false,"template":"","format":"standard","meta":{"footnotes":""},"categories":[2],"tags":[1412,8146,22976,1702,105,2842,6948,155,3025,3954,6505,4254,6958],"class_list":["post-39543","post","type-post","status-publish","format-standard","has-post-thumbnail","hentry","category-ultimas-noticias","tag-ahora","tag-corre","tag-dibujando","tag-ecuador","tag-fue","tag-joven","tag-legislador","tag-mas","tag-peligro","tag-plena","tag-puesto","tag-sesion","tag-visto"],"_links":{"self":[{"href":"https:\/\/13.com.ar\/index.php\/wp-json\/wp\/v2\/posts\/39543","targetHints":{"allow":["GET"]}}],"collection":[{"href":"https:\/\/13.com.ar\/index.php\/wp-json\/wp\/v2\/posts"}],"about":[{"href":"https:\/\/13.com.ar\/index.php\/wp-json\/wp\/v2\/types\/post"}],"author":[{"embeddable":true,"href":"https:\/\/13.com.ar\/index.php\/wp-json\/wp\/v2\/users\/1"}],"replies":[{"embeddable":true,"href":"https:\/\/13.com.ar\/index.php\/wp-json\/wp\/v2\/comments?post=39543"}],"version-history":[{"count":0,"href":"https:\/\/13.com.ar\/index.php\/wp-json\/wp\/v2\/posts\/39543\/revisions"}],"wp:featuredmedia":[{"embeddable":true,"href":"https:\/\/13.com.ar\/index.php\/wp-json\/wp\/v2\/media\/39544"}],"wp:attachment":[{"href":"https:\/\/13.com.ar\/index.php\/wp-json\/wp\/v2\/media?parent=39543"}],"wp:term":[{"taxonomy":"category","embeddable":true,"href":"https:\/\/13.com.ar\/index.php\/wp-json\/wp\/v2\/categories?post=39543"},{"taxonomy":"post_tag","embeddable":true,"href":"https:\/\/13.com.ar\/index.php\/wp-json\/wp\/v2\/tags?post=39543"}],"curies":[{"name":"wp","href":"https:\/\/api.w.org\/{rel}","templated":true}]}}