{"id":39123,"date":"2025-07-03T11:08:35","date_gmt":"2025-07-03T14:08:35","guid":{"rendered":"https:\/\/13.com.ar\/index.php\/segun-medios-portugueses-a-diogo-jota-le-habian-sugerido-no-viajar-en-avion-por-un-problema-de-salud\/"},"modified":"2025-07-03T11:08:35","modified_gmt":"2025-07-03T14:08:35","slug":"segun-medios-portugueses-a-diogo-jota-le-habian-sugerido-no-viajar-en-avion-por-un-problema-de-salud","status":"publish","type":"post","link":"https:\/\/13.com.ar\/index.php\/segun-medios-portugueses-a-diogo-jota-le-habian-sugerido-no-viajar-en-avion-por-un-problema-de-salud\/","title":{"rendered":"Seg\u00fan medios portugueses, a Diogo Jota le hab\u00edan sugerido no viajar en avi\u00f3n por un problema de salud"},"content":{"rendered":"<p> <br \/>\n<br \/><img decoding=\"async\" src=\"https:\/\/13.com.ar\/wp-content\/uploads\/2025\/07\/La-reaccion-de-los-medios-europeos-a-la-muerte-de.jpg\" \/><\/p>\n<div id=\"element-body-0\">\n<p><strong>La muerte del futbolista portugu\u00e9s Diogo Jota (28) <\/strong>gener\u00f3 una fuerte conmoci\u00f3n dentro del ambiente del f\u00fatbol. Jugadores, entrenadores, clubes e incluso el presidente de Portugual se sumaron a las despedidas al delantero del Liverpool, v\u00edctima de un accidente automovil\u00edstico donde fallecieron tanto \u00e9l como su hermano, Andre Silva Jota (25).<\/p>\n<\/div>\n<div id=\"element-body-1\">\n<p>Jota iba a bordo de su Lamborghini por la autopista A-52 de Espa\u00f1a, en la zona de Zamora, cuando pinch\u00f3 un neum\u00e1tico, despist\u00f3 y se impact\u00f3 contra el carril central. La tragedia vial ocurri\u00f3 durante la medianoche espa\u00f1ola, y el coche se prendi\u00f3 fuego de manera inmediata. <strong>Los dos hermanos murieron calcinados y los cuerpos quedaron irreconocibles.<\/strong><\/p>\n<\/div>\n<div id=\"element-body-3\">\n<p>El jugador estaba volviendo a Liverpool para reincorporarse a partir del lunes a los entrenamientos con el primer equipo del campe\u00f3n de la Premier League. Para eso, <strong>hab\u00eda tomado la decisi\u00f3n de hacer el trayecto en auto por una recomendaci\u00f3n m\u00e9dica, ya que le hab\u00edan desaconsejado subirse a un avi\u00f3n.<\/strong><\/p>\n<\/div>\n<p><h2>Muri\u00f3 Diogo Jota: un problema de salud, el motivo detr\u00e1s del viaje de m\u00e1s de 800 km por tierra<\/h2>\n<\/p>\n<div id=\"element-body-5\">\n<p>Jota ven\u00eda de unas vacaciones en Portugal tras haber ganado tambi\u00e9n la Nations League con su selecci\u00f3n. <strong>El pasado 22 de junio se hab\u00eda casado con su novia de toda la vida<\/strong>, Rute Cardoso, con quien ten\u00eda tres hijos. La pareja dio el s\u00ed en una iglesia de Oporto. Ten\u00edan tres hijos peque\u00f1os, de siete meses, dos y cuatro a\u00f1os respectivamente.<\/p>\n<\/div>\n<div id=\"element-body-6\">\n<p><strong>Cardoso le cont\u00f3 a la Polic\u00eda que el plan de los hermanos era viajar en la A-52 rumbo a la localidad de Benavente, para pasar la noche<\/strong>. De all\u00ed planeaban seguir durante el jueves los casi 300 kil\u00f3metros que los separaban del puerto de Santander, donde abordar\u00edan un ferry hasta la localidad brit\u00e1nica de Portsmouth, en Inglaterra. De all\u00ed, ten\u00edan un tramo de otros 430 kil\u00f3metros hasta llegar a Liverpool.<\/p>\n<\/div>\n<div id=\"element-body-7\">\n<p>Seg\u00fan se\u00f1al\u00f3 el medio <em>CNN Portugal<\/em>, a Jota se le hab\u00eda desaconsejado tomar aviones por<strong> una vieja afecci\u00f3n pulmonar. <\/strong>Rui Laura, redactor de deportes de la cadena, cont\u00f3 que el jugador hab\u00eda sido sometido a una intervenci\u00f3n quir\u00fargica.<\/p>\n<\/div>\n<div id=\"element-body-9\">\n<p>&#8220;La operaci\u00f3n a la que se someti\u00f3 fue de pulm\u00f3n y se le hab\u00eda desaconsejado volar. Por eso se dirig\u00eda a la ciudad portuaria de Santander&#8221;, indic\u00f3. &#8220;Diogo Jota a veces optaba por viajar por carretera porque ten\u00eda algunas molestias pulmonares, nada grave&#8221;, aport\u00f3 V\u00edctor Pinto, otro periodista portugu\u00e9s, a la cadena <em>CMTV<\/em>.<\/p>\n<\/div>\n<div id=\"element-body-10\">\n<p>Pero el plan qued\u00f3 trunco a comienzos del trayecto. Cuando a los hermanos les faltaban unos 60 km para llegar a Benavente, donde iban a descansar, a la altura de Cernadilla tuvieron el accidente. <strong>El auto pinch\u00f3 un neum\u00e1tico, despist\u00f3 y se incendi\u00f3. <\/strong><\/p>\n<\/div>\n<div id=\"element-body-11\">\n<p>&#8220;Creemos que el coche pinch\u00f3 un neum\u00e1tico por las marcas que hab\u00eda en el camino. El reporte final va a tardar algunos d\u00edas, por lo que en este momento es imposible decir a qu\u00e9 velocidad exacta iba el coche. Lo que podemos confirmar es que no hab\u00eda ning\u00fan otro veh\u00edculo involucrado&#8221;, coment\u00f3 un vocero de la Guardia Civil de Zamora citado por el <em>Mirror<\/em>.<\/p>\n<\/div>\n<div id=\"element-body-12\">\n<p>De acuerdo a los primeros reportes policiales, los bomberos \u00fanicamente pudieron llegar a apagar el incendio. Al llegar, ambos cuerpos estaban calcinados. <strong>De all\u00ed pudieron sacar algunas pertenencias de los hermanos,<\/strong> que fueron claves para poder hacer la identificaci\u00f3n.<\/p>\n<\/div>\n<div id=\"element-body-13\">\n<p>Diogo Jota, cuyo nombre real es Diogo Jos\u00e9 Teixeira da Silva, fue jugador del Atl\u00e9tico de Madrid en 2016 y posteriormente jug\u00f3 en el FC Porto hasta 2018, cuando pas\u00f3 a la liga inglesa. Desde 2020 es futbolista del Liverpool, donde compart\u00eda plantel con el argentino Alexis Mac Allister.<\/p>\n<\/div>\n<div id=\"element-body-14\">\n<p>Tras la shockeante noticia, hinchas del Livepool construyeron entre todos un mausoleo en homenajea a Diogo Jota en el estadio de Anfield, donde las banderas ondean a media asta.<\/p>\n<\/div>\n<p><br \/>\n<br \/><a href=\"https:\/\/www.clarin.com\/deportes\/medios-portugueses-diogo-jota-desaconsejado-viajar-avion-problema-salud_0_YvuWRPLcP3.html\">Fuente Clarin.com <\/a><\/p>\n","protected":false},"excerpt":{"rendered":"<p>La muerte del futbolista portugu\u00e9s Diogo Jota (28) gener\u00f3 una fuerte conmoci\u00f3n dentro del ambiente del f\u00fatbol. Jugadores, entrenadores, clubes e incluso el presidente de Portugual se sumaron a las despedidas al delantero del Liverpool, v\u00edctima de un accidente automovil\u00edstico donde fallecieron tanto \u00e9l como su hermano, Andre Silva Jota (25). Jota iba a bordo [&hellip;]<\/p>\n","protected":false},"author":1,"featured_media":39116,"comment_status":"open","ping_status":"open","sticky":false,"template":"","format":"standard","meta":{"footnotes":""},"categories":[2],"tags":[1418,22821,2944,2941,4536,142,20815,242,243,227,22843,247],"class_list":["post-39123","post","type-post","status-publish","format-standard","has-post-thumbnail","hentry","category-ultimas-noticias","tag-avion","tag-diogo","tag-habian","tag-jota","tag-medios","tag-por","tag-portugueses","tag-problema","tag-salud","tag-segun","tag-sugerido","tag-viajar"],"_links":{"self":[{"href":"https:\/\/13.com.ar\/index.php\/wp-json\/wp\/v2\/posts\/39123","targetHints":{"allow":["GET"]}}],"collection":[{"href":"https:\/\/13.com.ar\/index.php\/wp-json\/wp\/v2\/posts"}],"about":[{"href":"https:\/\/13.com.ar\/index.php\/wp-json\/wp\/v2\/types\/post"}],"author":[{"embeddable":true,"href":"https:\/\/13.com.ar\/index.php\/wp-json\/wp\/v2\/users\/1"}],"replies":[{"embeddable":true,"href":"https:\/\/13.com.ar\/index.php\/wp-json\/wp\/v2\/comments?post=39123"}],"version-history":[{"count":0,"href":"https:\/\/13.com.ar\/index.php\/wp-json\/wp\/v2\/posts\/39123\/revisions"}],"wp:featuredmedia":[{"embeddable":true,"href":"https:\/\/13.com.ar\/index.php\/wp-json\/wp\/v2\/media\/39116"}],"wp:attachment":[{"href":"https:\/\/13.com.ar\/index.php\/wp-json\/wp\/v2\/media?parent=39123"}],"wp:term":[{"taxonomy":"category","embeddable":true,"href":"https:\/\/13.com.ar\/index.php\/wp-json\/wp\/v2\/categories?post=39123"},{"taxonomy":"post_tag","embeddable":true,"href":"https:\/\/13.com.ar\/index.php\/wp-json\/wp\/v2\/tags?post=39123"}],"curies":[{"name":"wp","href":"https:\/\/api.w.org\/{rel}","templated":true}]}}