{"id":39121,"date":"2025-07-03T11:05:42","date_gmt":"2025-07-03T14:05:42","guid":{"rendered":"https:\/\/13.com.ar\/index.php\/los-puntos-van-a-llegar-no-hay-que-ponerse-loco-con-eso\/"},"modified":"2025-07-03T11:05:42","modified_gmt":"2025-07-03T14:05:42","slug":"los-puntos-van-a-llegar-no-hay-que-ponerse-loco-con-eso","status":"publish","type":"post","link":"https:\/\/13.com.ar\/index.php\/los-puntos-van-a-llegar-no-hay-que-ponerse-loco-con-eso\/","title":{"rendered":"Los puntos van a llegar, no hay que ponerse loco con eso"},"content":{"rendered":"<p> <br \/>\n<br \/><img decoding=\"async\" src=\"https:\/\/13.com.ar\/wp-content\/uploads\/2025\/07\/Los-puntos-van-a-llegar-no-hay-que-ponerse-loco.jpg\" \/><\/p>\n<div id=\"element-body-0\">\n<p><strong>Franco Colapinto<\/strong> arranca un Gran Premio de Gran Breta\u00f1a con rumores dando vueltas por todos lados. La baja performance que el Alpine ha demostrado hasta ahora lo puso en este lugar. Y deber\u00e1 lidiar con eso en un circuito que encima no le es favorable para lo poco que puede entregar el A525. &#8220;Definitivamente no es un circuito que nos favorezca. Creo que es el m\u00e1s complicado de la temporada&#8221;, le dijo a <strong>Clar\u00edn<\/strong> el piloto argentino.<\/p>\n<\/div>\n<div id=\"element-body-1\">\n<p>Colapinto viene de un fin de semana frustrante en Austria, en el que arranc\u00f3 mal en las pr\u00e1cticas, mejor\u00f3 con la clasificaci\u00f3n, pero el domingo cay\u00f3 nuevamente en la falta de ritmo del auto y qued\u00f3 lejos de la zona de puntos que le sigue siendo esquiva.<\/p>\n<\/div>\n<div id=\"element-body-2\">\n<p>&#8220;<strong>Fue un fin de semana dif\u00edcil para nosotros<\/strong>. Sab\u00edamos un poco las limitaciones que ten\u00edamos y la carrera fue extremadamente dif\u00edcil. No fue lo que esper\u00e1bamos&#8221; cont\u00f3 resignado el de Pilar.<\/p>\n<\/div>\n<div id=\"element-body-3\">\n<p>En el medio, los rumores que dan vuelta y que generan m\u00e1s presi\u00f3n alrededor del equipo franc\u00e9s. Pero Franco dice tener el enfoque bien claro: &#8220;<strong>Para m\u00ed es muy simple<\/strong>. Creo que hay que dar pasos en otros aspectos todav\u00eda para llegar a donde todos quieren que lleguemos&#8221;.<\/p>\n<\/div>\n<div id=\"element-body-4\">\n<p>Este fin de semana<strong> se cumplir\u00e1 un a\u00f1o de la primera vez que Colapinto form\u00f3 parte de un Gran Premio de F\u00f3rmula 1<\/strong>, cuando particip\u00f3 de la primera pr\u00e1ctica libre a bordo de un Williams y empezaban de a poco a hablar de \u00e9l. Necesitar\u00e1 mucho de esos buenos momentos del a\u00f1o pasado para empezar a revertir la situaci\u00f3n actual.<\/p>\n<\/div>\n<p><h2>La frustraci\u00f3n de Colapinto: &#8220;Es un auto complicado, pero los puntos van a llegar&#8221;<\/h2>\n<\/p>\n<div id=\"element-body-7\">\n<p>Colapinto sigue contrariado con el rendimiento del auto y lo manifiesta abiertamente. &#8220;Es un poco frustrante, especialmente cuando, por ejemplo, en Canad\u00e1 est\u00e1s en un punto as\u00ed y ves que eso se va diluyendo a lo largo de las vueltas. La bronca, obviamente, pero es un poco con lo que estamos trabajando, ya que hay que seguir empujando&#8221;.<\/p>\n<\/div>\n<div id=\"element-body-8\">\n<p>De todos modos, no pierde las esperanzas y conf\u00eda: &#8220;<strong>Estoy seguro que los puntos van a llegar<\/strong> y capaz no hay que ponerse como loco con eso, pero estoy seguro que seguimos trabajando y enfocados en nosotros. Vamos a maximizar lo que tenemos&#8221;.<\/p>\n<\/div>\n<div id=\"element-body-9\">\n<p>Puntualmente sobre este fin de semana de carrera, el de Pilar reconoci\u00f3 que <strong>Silverstone no es el circuito que mejor le cae al Alpine<\/strong>. &#8220;La parte del motor es muy importante y es muy sensible a la energ\u00eda y tenemos muy pocos lugares para recargar. As\u00ed que en cuanto a eso, es uno de los circuitos m\u00e1s dif\u00edciles. Creo que el m\u00e1s complicado de la temporada, pero creo que vamos a trabajar para tener un buen auto por lo menos&#8221;, explic\u00f3.<\/p>\n<\/div>\n<div id=\"element-body-10\">\n<p>En lo personal, la pista brit\u00e1nica &#8220;siempre me gust\u00f3 mucho y siempre disfrut\u00e9 de manejar y m\u00e1s en un F\u00f3rmula 1. As\u00ed que no dejo de estar feliz por estar ac\u00e1&#8221;.<\/p>\n<\/div>\n<div id=\"element-body-11\">\n<p>Respecto del momento que vive el equipo franc\u00e9s, el piloto argentino cree que &#8220;<strong>como equipo nos merecemos estar m\u00e1s adelante<\/strong>, pero hay que seguir trabajando porque hay muchos aspectos todav\u00eda que hay que mejorar, tanto con el manejo, como obviamente la parte del auto. Muchos temas que con los que no me estoy sintiendo c\u00f3modo&#8221;.<\/p>\n<\/div>\n<div id=\"element-body-13\">\n<p>Colapinto volvi\u00f3 a remarcar algo que puntualiz\u00f3 en Austria: &#8220;Hay que mejorar los viernes, es muy importante, as\u00ed despu\u00e9s podemos entrar en los detalles m\u00e1s chicos. Como equipo hay que agruparse cuando uno est\u00e1 en estos momentos complicados&#8221;. <\/p>\n<\/div>\n<div id=\"element-body-14\">\n<p>Cuando se le consult\u00f3 por el auto, el piloto reconoci\u00f3 que &#8220;<strong>es un auto que es complicado<\/strong>, es impredecible y que no es tan f\u00e1cil de manejar. Por eso tenemos que seguir entendiendo para mejorar eso que nos est\u00e1 sucediendo y creo que vamos a dar un paso en estas carreras que vienen. No s\u00e9 si en Silverstone, porque obviamente es muy sensible la parte del motor ac\u00e1, pero creo que carreras que vienen podemos dar un saltito&#8221;.<\/p>\n<\/div>\n<div id=\"element-body-15\">\n<p>Colapinto tambi\u00e9n le dedic\u00f3 un momento a la visita de <strong>Bizarrap<\/strong> que recibi\u00f3 el fin de semana pasado en Austria: &#8220;muy contento siempre de esperarlo, de tenerlo con nosotros. Siempre estuvo en todas las carreras que pudo. As\u00ed que siempre es un placer tenerlo. Es un gran artista. Es el n\u00famero uno en Argentina y un gran amigo. Siempre est\u00e1 ah\u00ed, bancando de una manera u otra cerca nuestro&#8221;.<\/p>\n<\/div>\n<p><br \/>\n<br \/><a href=\"https:\/\/www.clarin.com\/deportes\/colapinto-hablo-clarin-medio-rumores-ponen-duda-continuidad-alpine-puntos-van-llegar-ponerse-loco_0_AckTGpEiir.html\">Fuente Clarin.com <\/a><\/p>\n","protected":false},"excerpt":{"rendered":"<p>Franco Colapinto arranca un Gran Premio de Gran Breta\u00f1a con rumores dando vueltas por todos lados. La baja performance que el Alpine ha demostrado hasta ahora lo puso en este lugar. Y deber\u00e1 lidiar con eso en un circuito que encima no le es favorable para lo poco que puede entregar el A525. &#8220;Definitivamente no [&hellip;]<\/p>\n","protected":false},"author":1,"featured_media":39122,"comment_status":"open","ping_status":"open","sticky":false,"template":"","format":"standard","meta":{"footnotes":""},"categories":[2],"tags":[18,3206,942,1304,3290,28,1911,4062,1021],"class_list":["post-39121","post","type-post","status-publish","format-standard","has-post-thumbnail","hentry","category-ultimas-noticias","tag-con","tag-eso","tag-hay","tag-llegar","tag-loco","tag-los","tag-ponerse","tag-puntos","tag-van"],"_links":{"self":[{"href":"https:\/\/13.com.ar\/index.php\/wp-json\/wp\/v2\/posts\/39121","targetHints":{"allow":["GET"]}}],"collection":[{"href":"https:\/\/13.com.ar\/index.php\/wp-json\/wp\/v2\/posts"}],"about":[{"href":"https:\/\/13.com.ar\/index.php\/wp-json\/wp\/v2\/types\/post"}],"author":[{"embeddable":true,"href":"https:\/\/13.com.ar\/index.php\/wp-json\/wp\/v2\/users\/1"}],"replies":[{"embeddable":true,"href":"https:\/\/13.com.ar\/index.php\/wp-json\/wp\/v2\/comments?post=39121"}],"version-history":[{"count":0,"href":"https:\/\/13.com.ar\/index.php\/wp-json\/wp\/v2\/posts\/39121\/revisions"}],"wp:featuredmedia":[{"embeddable":true,"href":"https:\/\/13.com.ar\/index.php\/wp-json\/wp\/v2\/media\/39122"}],"wp:attachment":[{"href":"https:\/\/13.com.ar\/index.php\/wp-json\/wp\/v2\/media?parent=39121"}],"wp:term":[{"taxonomy":"category","embeddable":true,"href":"https:\/\/13.com.ar\/index.php\/wp-json\/wp\/v2\/categories?post=39121"},{"taxonomy":"post_tag","embeddable":true,"href":"https:\/\/13.com.ar\/index.php\/wp-json\/wp\/v2\/tags?post=39121"}],"curies":[{"name":"wp","href":"https:\/\/api.w.org\/{rel}","templated":true}]}}