{"id":39117,"date":"2025-07-03T10:59:35","date_gmt":"2025-07-03T13:59:35","guid":{"rendered":"https:\/\/13.com.ar\/index.php\/santos-cerdan-el-ex-n-3-del-partido-de-pedro-sanchez-acusa-a-la-justicia-de-enviarlo-a-prision-para-lograr-una-confesion\/"},"modified":"2025-07-03T10:59:35","modified_gmt":"2025-07-03T13:59:35","slug":"santos-cerdan-el-ex-n-3-del-partido-de-pedro-sanchez-acusa-a-la-justicia-de-enviarlo-a-prision-para-lograr-una-confesion","status":"publish","type":"post","link":"https:\/\/13.com.ar\/index.php\/santos-cerdan-el-ex-n-3-del-partido-de-pedro-sanchez-acusa-a-la-justicia-de-enviarlo-a-prision-para-lograr-una-confesion\/","title":{"rendered":"Santos Cerd\u00e1n, el ex N\u00b0 3 del partido de Pedro S\u00e1nchez, acusa a la Justicia de enviarlo a prisi\u00f3n para lograr una \u201cconfesi\u00f3n\u201d"},"content":{"rendered":"<p> <br \/>\n<\/p>\n<div id=\"cuerpo\">\n<div class=\"sc-45461e9c-0 eqiBeF container-text text-embed \" id=\"element-body-0\">\n<p>El exsecretario de organizaci\u00f3n del PSOE Santos Cerd\u00e1n pidi\u00f3 este jueves al juez del Tribunal Supremo que lo dejen en libertad despu\u00e9s de cuatro d\u00edas de ingresar a la c\u00e1rcel bajo orden de prisi\u00f3n incondicional y sin fianza por riesgo a que destruya pruebas o se fugue. El ex n\u00famero tres del partido de Pedro S\u00e1nchez est\u00e1 involucrado en una trama de corrupci\u00f3n que <strong>ha dejado al gobierno socialista contra las cuerdas,<\/strong> en Espa\u00f1a.<\/p>\n<\/div>\n<div class=\"sc-45461e9c-0 eqiBeF container-text text-embed \" id=\"element-body-1\">\n<p>En su recurso contra el auto de prisi\u00f3n, el abogado de Cerd\u00e1n, Benet Salellas, acusa al juez instructor Leopoldo Puente <strong>de buscar una \u201cconfesi\u00f3n\u201d<\/strong> (de Cerd\u00e1n) sin que exista un riesgo real de destruir pruebas, tal y como se aleg\u00f3 para acordar la prisi\u00f3n, inform\u00f3 este jueves el diario La Vanguardia.<\/p>\n<\/div>\n<div class=\"sc-98b114a2-0 bkqiHH image-embed  image-embed \" id=\"element-body-2\"><picture class=\"sc-98b114a2-1 jRUlDm\"><source media=\"(min-width: 975px)\" width=\"720\" height=\"480\" \/><img alt=\"El exsecretario de organizaci\u00f3n del PSOE Santos Cerd\u00e1n. Foto: Reuters\" loading=\"lazy\" width=\"720\" height=\"480\" decoding=\"async\" data-nimg=\"1\" style=\"color:transparent\" src=\"https:\/\/13.com.ar\/wp-content\/uploads\/2025\/07\/Santos-Cerdan-el-ex-N\u00b0-3-del-partido-de-Pedro.jpg\"\/><span class=\"epigraphe\">El exsecretario de organizaci\u00f3n del PSOE Santos Cerd\u00e1n. Foto: Reuters<\/span><span class=\"picture-open\"><button class=\"open-image\" aria-label=\"Open Image\"\/><\/span><\/picture><\/div>\n<div class=\"sc-45461e9c-0 eqiBeF container-text text-embed \" id=\"element-body-3\">\n<p>Para argumentar su denuncia, Salellas indica que \u201ccomo m\u00ednimo <strong>uno de los investigados<\/strong> en el procedimiento matriz de esta causa especial fue ingresado en prisi\u00f3n y posteriormente, <strong>al confesar su participaci\u00f3n en varios delitos y proporcionarle material <\/strong>investigador a la acusaci\u00f3n p\u00fablica,<strong> fue puesto en libertad<\/strong>. Este antecedente tan cercano procesalmente nos lleva a interrogarnos si alguien puede haber solicitado la medida de prisi\u00f3n provisional a la espera de <strong>provocar de Santos Cerd\u00e1n una confesi\u00f3n<\/strong>\u201d.<\/p>\n<\/div>\n<div class=\"sc-45461e9c-0 eqiBeF container-text text-embed \" id=\"element-body-4\">\n<p>El exn\u00famero 3 del PSOE y mano derecha en el partido del secretario general, Pedro S\u00e1nchez, hasta hace unas semanas mantiene como l\u00ednea de defensa que la causa por la que termin\u00f3 en la c\u00e1rcel<strong> est\u00e1 construida artificialmente y se trato de una persecuci\u00f3n pol\u00edtica.<\/strong><\/p>\n<\/div>\n<div class=\"sc-45461e9c-0 eqiBeF container-text text-embed \" id=\"element-body-5\">\n<p>Por eso acusa al magistrado de abrir una \u201ccausa general contra \u00e9l. \u201cNo hay duda que estamos ante una causa general contra el Cerd\u00e1n y que el objetivo es investigar &#8216;para ver si&#8217; finalmente aparece un indicio s\u00f3lido que lo relacione con alguna actividad delictiva\u201d.<\/p>\n<\/div>\n<p><h2>Qu\u00e9 es el &#8220;caso Koldo&#8221;<\/h2>\n<\/p>\n<div class=\"sc-45461e9c-0 eqiBeF container-text text-embed \" id=\"element-body-7\">\n<p>El <strong>&#8220;Caso Koldo&#8221;<\/strong> (tambi\u00e9n conocido como &#8220;Caso \u00c1balos&#8221; u &#8220;Operaci\u00f3n Delorme&#8221;) es un caso de corrupci\u00f3n pol\u00edtica en Espa\u00f1a que ha cobrado relevancia el a\u00f1o pasado y <strong>sigue desarroll\u00e1ndose hasta el d\u00eda de hoy.<\/strong><\/p>\n<\/div>\n<div class=\"sc-45461e9c-0 eqiBeF container-text text-embed \" id=\"element-body-8\">\n<p>Se centra en una presunta trama criminal organizada para lucrarse con contratos p\u00fablicos de compra de mascarillas durante la pandemia de COVID-19, valorados en 54 millones de euros, y posteriormente se extendi\u00f3 a otras adjudicaciones y supuestas &#8220;mordidas&#8221; o coimas.<\/p>\n<\/div>\n<div class=\"sc-98b114a2-0 bkqiHH image-embed  image-embed \" id=\"element-body-9\"><picture class=\"sc-98b114a2-1 jRUlDm\"><source media=\"(min-width: 975px)\" width=\"720\" height=\"480\" \/><img alt=\"Fotos de los implicados en el caso Koldo. \" loading=\"lazy\" width=\"720\" height=\"480\" decoding=\"async\" data-nimg=\"1\" style=\"color:transparent\" src=\"https:\/\/13.com.ar\/wp-content\/uploads\/2025\/07\/1751551175_29_Santos-Cerdan-el-ex-N\u00b0-3-del-partido-de-Pedro.jpg\"\/><span class=\"epigraphe\">Fotos de los implicados en el caso Koldo. <\/span><span class=\"picture-open\"><button class=\"open-image\" aria-label=\"Open Image\"\/><\/span><\/picture><\/div>\n<div class=\"sc-45461e9c-0 eqiBeF container-text text-embed \" id=\"element-body-10\">\n<p>Los principales implicados en esta trama de corrupci\u00f3n son ex altos miembros del PSOE:<\/p>\n<\/div>\n<div class=\"sc-45461e9c-0 eqiBeF container-text text-embed \" id=\"element-body-11\">\n<p>Koldo Garc\u00eda Izaguirre: asesor pol\u00edtico, chofer y asistente personal de Jos\u00e9 Luis \u00c1balos, exministro de Fomento y Transportes y exsecretario de Organizaci\u00f3n del PSOE. Es considerado una figura central en la trama.<\/p>\n<\/div>\n<div class=\"sc-45461e9c-0 eqiBeF container-text text-embed \" id=\"element-body-12\">\n<p>Jos\u00e9 Luis \u00c1balos Meco: Exministro y exsecretario de Organizaci\u00f3n del PSOE. Aunque no est\u00e1 imputado directamente por el momento, la investigaci\u00f3n lo sit\u00faa en el centro de la trama y se indaga su posible implicaci\u00f3n o conocimiento de los hechos. Se le atribuyen supuestos &#8220;favores en especie&#8221; y posible ocultaci\u00f3n de la titularidad de inmuebles pagados con comisiones.<\/p>\n<\/div>\n<div class=\"sc-45461e9c-0 eqiBeF container-text text-embed \" id=\"element-body-13\">\n<p>Santos Cerd\u00e1n, ahora preso, es el exsecretario de Organizaci\u00f3n del PSOE, quien tambi\u00e9n ha sido implicado.<\/p>\n<\/div>\n<p><h2>Los audios del esc\u00e1ndalo<\/h2>\n<\/p>\n<div class=\"sc-45461e9c-0 eqiBeF container-text text-embed \" id=\"element-body-15\">\n<p>En su investigaci\u00f3n la polic\u00eda dio con unos audios que on la pieza central del caso.<\/p>\n<\/div>\n<div class=\"sc-45461e9c-0 eqiBeF container-text text-embed \" id=\"element-body-16\">\n<p>Se trata de una serie de ocho audios grabados en secreto por Koldo Garc\u00eda Izaguirre durante a\u00f1os. La Unidad Central Operativa (UCO) de la Guardia Civil los encontr\u00f3 en un registro cuando el exasesor de Jos\u00e9 Luis \u00c1balos fue detenido.<\/p>\n<\/div>\n<div class=\"sc-45461e9c-0 eqiBeF container-text text-embed \" id=\"element-body-17\">\n<p>La Guardia Civil certific\u00f3 la autenticidad de los audios utilizando software especializado, lo que contradice la estrategia de defensa de algunos implicados, como \u00c1balos y Santos Cerd\u00e1n, quienes han intentado desvincularse de las grabaciones o argumentar que podr\u00edan estar manipuladas.<\/p>\n<\/div>\n<p><h2>Qu\u00e9 dicen los audios<\/h2>\n<\/p>\n<div class=\"sc-45461e9c-0 eqiBeF container-text text-embed \" id=\"element-body-19\">\n<p>Los audios revelan conversaciones comprometedoras entre Koldo Garc\u00eda, Jos\u00e9 Luis \u00c1balos y Santos Cerd\u00e1n.<\/p>\n<\/div>\n<div class=\"sc-45461e9c-0 eqiBeF container-text text-embed \" id=\"element-body-20\">\n<p>En varios audios, <strong>Koldo habla expl\u00edcitamente de cantidades de dinero recibidas<\/strong> por los contratos de mascarillas.<\/p>\n<\/div>\n<div class=\"sc-98b114a2-0 bkqiHH image-embed  image-embed \" id=\"element-body-21\"><picture class=\"sc-98b114a2-1 jRUlDm\"><source media=\"(min-width: 975px)\" width=\"720\" height=\"480\" \/><img alt=\"El exchofer y asesor del gobierno de Espa\u00f1a, Koldo Garc\u00eda. Foto: C\u00e9zaro De Luca\" loading=\"lazy\" width=\"720\" height=\"480\" decoding=\"async\" data-nimg=\"1\" style=\"color:transparent\" src=\"https:\/\/13.com.ar\/wp-content\/uploads\/2025\/07\/1751551175_467_Santos-Cerdan-el-ex-N\u00b0-3-del-partido-de-Pedro.jpg\"\/><span class=\"epigraphe\">El exchofer y asesor del gobierno de Espa\u00f1a, Koldo Garc\u00eda. Foto: C\u00e9zaro De Luca<\/span><span class=\"picture-open\"><button class=\"open-image\" aria-label=\"Open Image\"\/><\/span><\/picture><\/div>\n<div class=\"sc-45461e9c-0 eqiBeF container-text text-embed \" id=\"element-body-22\">\n<p>En otras conversaciones, Santos Cerd\u00e1n interrumpe a Koldo con expresiones como &#8220;\u00a1Koldo! Que no quiero que hables de esto, que no se habla&#8221;, lo que sugiere un temor a que sus conversaciones estuvieran siendo escuchadas o a que los asuntos salieran a la luz.<\/p>\n<\/div>\n<div class=\"sc-45461e9c-0 eqiBeF container-text text-embed \" id=\"element-body-23\">\n<p>Los audios apuntan a que Santos Cerd\u00e1n, en su rol como secretario de Organizaci\u00f3n del PSOE,<strong> habr\u00eda gestionado favores o influencias para obtener contratos p\u00fablicos.<\/strong> Incluso se menciona que Koldo confes\u00f3 a \u00c1balos tener dos tel\u00e9fonos m\u00f3viles con &#8220;todas las barbaridades&#8221; sobre Cerd\u00e1n.<\/p>\n<\/div>\n<div class=\"sc-45461e9c-0 eqiBeF container-text text-embed \" id=\"element-body-24\">\n<p>Uno de los aspectos m\u00e1s pol\u00e9micos de los audios es una conversaci\u00f3n entre Koldo y \u00c1balos en la que se habla sobre la contrataci\u00f3n de prostitutas (&#8220;la colombiana nueva&#8221;, &#8220;Ariadna&#8221;, &#8220;Carlota&#8221;). Este hecho ha generado una gran indignaci\u00f3n dentro del PSOE y ha complicado la situaci\u00f3n de los implicados.<\/p>\n<\/div>\n<div class=\"sc-98b114a2-0 bkqiHH image-embed  image-embed \" id=\"element-body-25\"><picture class=\"sc-98b114a2-1 jRUlDm\"><source media=\"(min-width: 975px)\" width=\"720\" height=\"480\" \/><img alt=\"Pedro S\u00e1nchez, complicado. Foto: Reuters\" loading=\"lazy\" width=\"720\" height=\"480\" decoding=\"async\" data-nimg=\"1\" style=\"color:transparent\" src=\"https:\/\/13.com.ar\/wp-content\/uploads\/2025\/07\/un-partido-de-izquierda-aliado-del-gobierno-amenaza-a-Pedro.jpg\"\/><span class=\"epigraphe\">Pedro S\u00e1nchez, complicado. Foto: Reuters<\/span><span class=\"picture-open\"><button class=\"open-image\" aria-label=\"Open Image\"\/><\/span><\/picture><\/div>\n<div class=\"sc-45461e9c-0 eqiBeF container-text text-embed \" id=\"element-body-26\">\n<p>En otros audios, Koldo expresa frustraci\u00f3n por &#8220;tragarse mierda&#8221; y no recibir lo que le corresponde, mientras &#8220;otros se est\u00e1n forrando&#8221;.<\/p>\n<\/div>\n<p><h2>Pedro S\u00e1nchez, complicado<\/h2>\n<\/p>\n<div class=\"sc-45461e9c-0 eqiBeF container-text text-embed \" id=\"element-body-28\">\n<p>El esc\u00e1ndalo de corrupci\u00f3n<strong> dej\u00f3 a Pedro S\u00e1nchez complicado<\/strong>, con la oposici\u00f3n buscando su renuncia y miembros de su coalici\u00f3n de gobierno, amenazando con irse.<\/p>\n<\/div>\n<div class=\"sc-45461e9c-0 eqiBeF container-text text-embed \" id=\"element-body-29\">\n<p>Sin embargo, hasta ahora, las acusaciones de corrupci\u00f3n apuntan a personas en particular y no al partido de gobierno, una bandera roja para los partidos que acompa\u00f1an a S\u00e1nchez en el Ejecutivo.<\/p>\n<\/div>\n<\/div>\n<p><br \/>\n<br \/><a href=\"https:\/\/www.clarin.com\/mundo\/corrupcion-espana-santos-cerdan-ex-n-3-partido-pedro-sanchez-acusa-justicia-enviarlo-prision-lograr-confesion_0_xxRWUCMeIi.html\">Fuente Clarin.com <\/a><\/p>\n","protected":false},"excerpt":{"rendered":"<p>El exsecretario de organizaci\u00f3n del PSOE Santos Cerd\u00e1n pidi\u00f3 este jueves al juez del Tribunal Supremo que lo dejen en libertad despu\u00e9s de cuatro d\u00edas de ingresar a la c\u00e1rcel bajo orden de prisi\u00f3n incondicional y sin fianza por riesgo a que destruya pruebas o se fugue. El ex n\u00famero tres del partido de Pedro [&hellip;]<\/p>\n","protected":false},"author":1,"featured_media":39118,"comment_status":"open","ping_status":"open","sticky":false,"template":"","format":"standard","meta":{"footnotes":""},"categories":[2],"tags":[3622,22841,7066,100,22842,964,309,16,1899,302,3698,303,217,73],"class_list":["post-39117","post","type-post","status-publish","format-standard","has-post-thumbnail","hentry","category-ultimas-noticias","tag-acusa","tag-cerdan","tag-confesion","tag-del","tag-enviarlo","tag-justicia","tag-lograr","tag-para","tag-partido","tag-pedro","tag-prision","tag-sanchez","tag-santos","tag-una"],"_links":{"self":[{"href":"https:\/\/13.com.ar\/index.php\/wp-json\/wp\/v2\/posts\/39117","targetHints":{"allow":["GET"]}}],"collection":[{"href":"https:\/\/13.com.ar\/index.php\/wp-json\/wp\/v2\/posts"}],"about":[{"href":"https:\/\/13.com.ar\/index.php\/wp-json\/wp\/v2\/types\/post"}],"author":[{"embeddable":true,"href":"https:\/\/13.com.ar\/index.php\/wp-json\/wp\/v2\/users\/1"}],"replies":[{"embeddable":true,"href":"https:\/\/13.com.ar\/index.php\/wp-json\/wp\/v2\/comments?post=39117"}],"version-history":[{"count":0,"href":"https:\/\/13.com.ar\/index.php\/wp-json\/wp\/v2\/posts\/39117\/revisions"}],"wp:featuredmedia":[{"embeddable":true,"href":"https:\/\/13.com.ar\/index.php\/wp-json\/wp\/v2\/media\/39118"}],"wp:attachment":[{"href":"https:\/\/13.com.ar\/index.php\/wp-json\/wp\/v2\/media?parent=39117"}],"wp:term":[{"taxonomy":"category","embeddable":true,"href":"https:\/\/13.com.ar\/index.php\/wp-json\/wp\/v2\/categories?post=39117"},{"taxonomy":"post_tag","embeddable":true,"href":"https:\/\/13.com.ar\/index.php\/wp-json\/wp\/v2\/tags?post=39117"}],"curies":[{"name":"wp","href":"https:\/\/api.w.org\/{rel}","templated":true}]}}