{"id":39115,"date":"2025-07-03T10:56:34","date_gmt":"2025-07-03T13:56:34","guid":{"rendered":"https:\/\/13.com.ar\/index.php\/la-reaccion-de-los-medios-europeos-a-la-muerte-de-diogo-jota\/"},"modified":"2025-07-03T10:56:34","modified_gmt":"2025-07-03T13:56:34","slug":"la-reaccion-de-los-medios-europeos-a-la-muerte-de-diogo-jota","status":"publish","type":"post","link":"https:\/\/13.com.ar\/index.php\/la-reaccion-de-los-medios-europeos-a-la-muerte-de-diogo-jota\/","title":{"rendered":"La reacci\u00f3n de los medios europeos a la muerte de Diogo Jota"},"content":{"rendered":"<p> <br \/>\n<br \/><img decoding=\"async\" src=\"https:\/\/13.com.ar\/wp-content\/uploads\/2025\/07\/La-reaccion-de-los-medios-europeos-a-la-muerte-de.jpg\" \/><\/p>\n<div id=\"element-body-0\">\n<p>El mundo del f\u00fatbol est\u00e1 de luto tras la muerte de<strong> Diogo Jota<\/strong>, jugador del <strong>Liverpool<\/strong> de 28 a\u00f1os, quien sufri\u00f3 un tr\u00e1gico <strong>accidente <\/strong>esta madrugada mientras viajaba en auto junto a su hermano <strong>Andr\u00e9 Silva<\/strong>. <\/p>\n<\/div>\n<div id=\"element-body-1\">\n<p>Primero, fue la Guardia Civil la que dio explicaciones sobre lo sucedido. &#8220;Salida de la v\u00eda de un veh\u00edculo, todo apunta a revent\u00f3n de neum\u00e1tico mientras realizaba adelantamiento. Como resultado del siniestro, el coche resulta incendiado y ambos fallecidos&#8221;, detall\u00f3.<\/p>\n<\/div>\n<div id=\"element-body-2\">\n<p>De inmediato, la noticia impact\u00f3 mundialmente y varios medios europeos se despidieron de la estrella portuguesa recordando su historia tanto profesional como personal. Es que hace 11 d\u00edas se hab\u00eda casado con <strong>Rute Cardoso<\/strong>, con quien manten\u00eda una relaci\u00f3n desde 2013 y tuvieron tres hijos, uno de ellos reci\u00e9n nacido.<\/p>\n<\/div>\n<div id=\"element-body-4\">\n<p>El <em>Diario As<\/em> de Espa\u00f1a recuerda al jugador portugu\u00e9s como &#8220;el \u2018lobo\u2019 que conquist\u00f3 Anfield&#8221; y record\u00f3 su recorrido por la Premier League en donde se convirti\u00f3 en una de las leyendas del Wolverhampton, donde anot\u00f3 44 goles y reparti\u00f3 13 asistencias en 131 partidos. Su desempe\u00f1o capt\u00f3 la atenci\u00f3n de <strong>J\u00fcrgen Klopp<\/strong>, quien no dud\u00f3 en ficharlo para el Liverpool en 2021.<\/p>\n<\/div>\n<div id=\"element-body-6\">\n<p>El diario <em>El Pa\u00eds<\/em>, tambi\u00e9n de Espa\u00f1a, describe a Jota como &#8220;el tipo de delantero que devolvi\u00f3 al Liverpool a la cumbre del f\u00fatbol europeo&#8221;. Ahondando por su camino hasta llegar a la Premier League, el medio destaca: &#8220;Jota ten\u00eda tacto con el bal\u00f3n en los pies, pero no tard\u00f3 en ser v\u00edctima del prejuicio, tal vez porque cada vez que lo recib\u00eda ven\u00eda de correr tantos kil\u00f3metros que, debido al agotamiento, hac\u00eda controles que parec\u00edan deficientes o poco ortodoxos&#8221;.<\/p>\n<\/div>\n<div id=\"element-body-8\">\n<p>Medios como Marca, SPORT, Mundo Deportivo, Mirror, BBC y m\u00e1s, hicieron recopilaciones de todas las figuras p\u00fablicas que reaccionaron a la triste noticia y se despidieron de ambos jugadores portugueses. Entre ellos se encuentran los mensajes de<strong> LeBron James, Rafael Nadal, Cristiano Ronaldo y Lamine Yamal<\/strong>.<\/p>\n<\/div>\n<div id=\"element-body-9\">\n<blockquote class=\"twitter-tweet\">\n<p lang=\"en\" dir=\"ltr\">My prayers goes out to his loved ones during this time! May you all be guided and protected! YNWA JOTA!! \ud83d\ude4f\ud83c\udffe\ud83d\ude4f\ud83c\udffe\ud83d\ude4f\ud83c\udffe\u2764\ufe0f https:\/\/t.co\/B3tYVJJxkA<\/p>\n<p>\u2014 LeBron James (@KingJames) <a rel=\"nofollow\" target=\"_blank\" href=\"https:\/\/twitter.com\/KingJames\/status\/1940714903616344270?ref_src=twsrc%5Etfw\">July 3, 2025<\/a><\/p><\/blockquote>\n<\/div>\n<div id=\"element-body-10\">\n<blockquote class=\"twitter-tweet\">\n<p lang=\"es\" dir=\"ltr\">Qu\u00e9 noticia tan triste y dolorosa \ud83d\ude14<\/p>\n<p>Todo mi cari\u00f1o, mi afecto y mi apoyo para su mujer, sus hijos, sus familiares y sus amigos en un momento tan dif\u00edcil. <\/p>\n<p>Descansad en Paz, Diogo Jota y Andr\u00e9 Silva. https:\/\/t.co\/KohpGTnz1Q<\/p>\n<p>\u2014 Rafa Nadal (@RafaelNadal) <a rel=\"nofollow\" target=\"_blank\" href=\"https:\/\/twitter.com\/RafaelNadal\/status\/1940714917776314766?ref_src=twsrc%5Etfw\">July 3, 2025<\/a><\/p><\/blockquote>\n<\/div>\n<div id=\"element-body-11\">\n<blockquote class=\"twitter-tweet\">\n<p lang=\"pt\" dir=\"ltr\">N\u00e3o faz sentido. Ainda agora est\u00e1vamos juntos na Sele\u00e7\u00e3o, ainda agora tinhas casado. \u00c0 tua familia, \u00e0 tua mulher e aos teus filhos, envio os meus sentimentos e desejo-lhes toda a for\u00e7a do mundo. Sei que estar\u00e1s sempre com eles. Descansem em Paz, Diogo e Andr\u00e9. Vamos todos sentir\u2026 <a rel=\"nofollow\" target=\"_blank\" href=\"https:\/\/t.co\/H1qSTvPoQs\">pic.twitter.com\/H1qSTvPoQs<\/a><\/p>\n<p>\u2014 Cristiano Ronaldo (@Cristiano) <a rel=\"nofollow\" target=\"_blank\" href=\"https:\/\/twitter.com\/Cristiano\/status\/1940715187293544946?ref_src=twsrc%5Etfw\">July 3, 2025<\/a><\/p><\/blockquote>\n<\/div>\n<div id=\"element-body-12\">\n<blockquote class=\"twitter-tweet\">\n<p lang=\"es\" dir=\"ltr\">\ud83d\udea8\ud83d\udcf2 | Lamine Yamal via IG: \ud83d\udc94\u270a\ud83c\udffe\u270a\ud83c\udffe\u270a\ud83c\udffe <a rel=\"nofollow\" target=\"_blank\" href=\"https:\/\/t.co\/vCKwgI41jo\">pic.twitter.com\/vCKwgI41jo<\/a><\/p>\n<p>\u2014 Access Yamal (@AccessYamal) <a rel=\"nofollow\" target=\"_blank\" href=\"https:\/\/twitter.com\/AccessYamal\/status\/1940752910444548396?ref_src=twsrc%5Etfw\">July 3, 2025<\/a><\/p><\/blockquote>\n<\/div>\n<div id=\"element-body-13\">\n<p>Ronaldo, quien comparti\u00f3 plantel con Jota junto a la Selecci\u00f3n de Portugal, escribi\u00f3 un mensaje en sus redes sociales para despedir a ambos jugadores. &#8220;No tiene sentido. Justo ahora est\u00e1bamos juntos en la selecci\u00f3n, y ahora te casaste. A tu familia, a tu esposa y a tus hijos, les env\u00edo mis condolencias y les deseo toda la fuerza del mundo. S\u00e9 que siempre estar\u00e1n con ellos. Descansen en paz, Diogo y Andr\u00e9. Todos los extra\u00f1aremos&#8221;.<\/p>\n<\/div>\n<div id=\"element-body-15\">\n<p>Tras la shockeante noticia, aficionados del Livepool construyeron entre todos un mausoleo en homenajea a Diogo Jota en el estadio de Anfield, donde las banderas ondean a media asta.<\/p>\n<\/div>\n<div id=\"element-body-16\">\n<p>La afici\u00f3n del Liverpool empez\u00f3 a depositar flores en la estatua de Bill Shankly y, sobre todo, enfrente del homenaje a las 97 v\u00edctimas de la tragedia de Hillsborough, la tr\u00e1gica avalancha que en 1989 le cost\u00f3 la vida a casi un centenar de hinchas en el estadio del Sheffield Wednesday F.C.<\/p>\n<\/div>\n<div id=\"element-body-17\">\n<p>Ah\u00ed, adem\u00e1s de ofrendas florales, han colocado bufandas del Liverpool, camisetas de Jota y mensajes al jugador. &#8220;Te deseamos lo mejor. Descansa en paz, Diogo&#8221;, reza una de las cartas que han dedicado al futbolista.<\/p>\n<\/div>\n<p><script async src=\"\/\/platform.twitter.com\/widgets.js\" charset=\"utf-8\"><\/script><br \/>\n<br \/><br \/>\n<br \/><a href=\"https:\/\/www.clarin.com\/deportes\/reaccion-medios-europeos-muerte-diogo-jota_0_fsTSilaqSR.html\">Fuente Clarin.com <\/a><\/p>\n","protected":false},"excerpt":{"rendered":"<p>El mundo del f\u00fatbol est\u00e1 de luto tras la muerte de Diogo Jota, jugador del Liverpool de 28 a\u00f1os, quien sufri\u00f3 un tr\u00e1gico accidente esta madrugada mientras viajaba en auto junto a su hermano Andr\u00e9 Silva. Primero, fue la Guardia Civil la que dio explicaciones sobre lo sucedido. &#8220;Salida de la v\u00eda de un veh\u00edculo, [&hellip;]<\/p>\n","protected":false},"author":1,"featured_media":39116,"comment_status":"open","ping_status":"open","sticky":false,"template":"","format":"standard","meta":{"footnotes":""},"categories":[2],"tags":[22821,7241,2941,28,4536,1506,825],"class_list":["post-39115","post","type-post","status-publish","format-standard","has-post-thumbnail","hentry","category-ultimas-noticias","tag-diogo","tag-europeos","tag-jota","tag-los","tag-medios","tag-muerte","tag-reaccion"],"_links":{"self":[{"href":"https:\/\/13.com.ar\/index.php\/wp-json\/wp\/v2\/posts\/39115","targetHints":{"allow":["GET"]}}],"collection":[{"href":"https:\/\/13.com.ar\/index.php\/wp-json\/wp\/v2\/posts"}],"about":[{"href":"https:\/\/13.com.ar\/index.php\/wp-json\/wp\/v2\/types\/post"}],"author":[{"embeddable":true,"href":"https:\/\/13.com.ar\/index.php\/wp-json\/wp\/v2\/users\/1"}],"replies":[{"embeddable":true,"href":"https:\/\/13.com.ar\/index.php\/wp-json\/wp\/v2\/comments?post=39115"}],"version-history":[{"count":0,"href":"https:\/\/13.com.ar\/index.php\/wp-json\/wp\/v2\/posts\/39115\/revisions"}],"wp:featuredmedia":[{"embeddable":true,"href":"https:\/\/13.com.ar\/index.php\/wp-json\/wp\/v2\/media\/39116"}],"wp:attachment":[{"href":"https:\/\/13.com.ar\/index.php\/wp-json\/wp\/v2\/media?parent=39115"}],"wp:term":[{"taxonomy":"category","embeddable":true,"href":"https:\/\/13.com.ar\/index.php\/wp-json\/wp\/v2\/categories?post=39115"},{"taxonomy":"post_tag","embeddable":true,"href":"https:\/\/13.com.ar\/index.php\/wp-json\/wp\/v2\/tags?post=39115"}],"curies":[{"name":"wp","href":"https:\/\/api.w.org\/{rel}","templated":true}]}}