{"id":39111,"date":"2025-07-03T10:44:37","date_gmt":"2025-07-03T13:44:37","guid":{"rendered":"https:\/\/13.com.ar\/index.php\/en-argentina-la-difamacion-impulsada-por-ia-muestra-la-guerra-de-milei-contra-la-prensa\/"},"modified":"2025-07-03T10:44:37","modified_gmt":"2025-07-03T13:44:37","slug":"en-argentina-la-difamacion-impulsada-por-ia-muestra-la-guerra-de-milei-contra-la-prensa","status":"publish","type":"post","link":"https:\/\/13.com.ar\/index.php\/en-argentina-la-difamacion-impulsada-por-ia-muestra-la-guerra-de-milei-contra-la-prensa\/","title":{"rendered":"En Argentina, la difamaci\u00f3n impulsada por IA muestra la guerra de Milei contra la prensa"},"content":{"rendered":"<p> <br \/>\n<\/p>\n<div id=\"cuerpo\">\n<div class=\"sc-45461e9c-0 eqiBeF container-text text-embed \" id=\"element-body-0\">\n<p>BUENOS AIRES, Argentina \u2014 Un video difamatorio generado por inteligencia artificial que acusa falsamente a un periodista argentino de incesto ha estado circulando ampliamente online, y el presidente del pa\u00eds se est\u00e1 burlando de la v\u00edctima.<\/p>\n<\/div>\n<div class=\"sc-45461e9c-0 eqiBeF container-text text-embed \" id=\"element-body-1\">\n<p>El presidente <strong>Javier Milei<\/strong>, un \u00e1vido usuario de X, recurri\u00f3 furiosamente a la plataforma de redes sociales durante el fin de semana y public\u00f3 al menos 65 mensajes dirigidos a la periodista <strong>Julia Mengolini<\/strong>, una presentadora de radio que ha sido cr\u00edtica de su gobierno.<\/p>\n<\/div>\n<div class=\"sc-45461e9c-0 eqiBeF container-text text-embed \" id=\"element-body-2\">\n<p>Milei tuite\u00f3 y retuite\u00f3 furiosamente mientras sus seguidores se burlaban abiertamente de Mengolini por el video falso que pretend\u00eda mostrarla teniendo relaciones sexuales con su hermano.<\/p>\n<\/div>\n<div class=\"sc-45461e9c-0 eqiBeF container-text text-embed \" id=\"element-body-3\">\n<p>La andanada de Milei marc\u00f3 uno de los episodios m\u00e1s extremos de una escalada de ataques contra periodistas por parte del presidente libertario de derecha y sus aliados. <\/p>\n<\/div>\n<div class=\"sc-45461e9c-0 eqiBeF container-text text-embed \" id=\"element-body-4\">\n<p>Los expertos afirman que la ret\u00f3rica de Milei, a menudo plagada de insultos mis\u00f3ginos, insinuaciones con tintes sexuales y desinformaci\u00f3n, est\u00e1 <strong>socavando la libertad de prensa<\/strong> y aumentando el riesgo de violencia en el mundo real.<\/p>\n<\/div>\n<div class=\"sc-98b114a2-0 bkqiHH image-embed  image-embed \" id=\"element-body-5\"><picture class=\"sc-98b114a2-1 jRUlDm\"><source media=\"(min-width: 975px)\" width=\"720\" height=\"480\" \/><img alt=\"El presidente de Brasil, Luiz Inacio Lula da Silva, tercero desde la izquierda, y el presidente de Argentina, Javier Milei, al frente en el centro, en medio de otros l\u00edderes que saludan durante una foto de grupo en la Cumbre del Mercosur posan para una foto de grupo en Buenos Aires, Argentina, jueves 3 de julio de 2025. De izquierda a derecha, el presidente de Paraguay, Santiago Pe\u00f1a; la vicepresidenta de Ecuador, Mar\u00eda Jos\u00e9 Pinto; el presidente de Brasil, Luiz In\u00e1cio Lula da Silva; el presidente de Panam\u00e1, Jos\u00e9 Ra\u00fal Mulino; el presidente de Argentina, Javier Milei; el ministro de Asuntos Exteriores de Chile, Alberto van Klaveren; el presidente de Bolivia, Luis Arce; y el presidente de Uruguay, Yamand\u00fa Orsi. (AP Photo\/Natacha Pisarenko)\" loading=\"lazy\" width=\"720\" height=\"480\" decoding=\"async\" data-nimg=\"1\" style=\"color:transparent\" src=\"https:\/\/13.com.ar\/wp-content\/uploads\/2025\/07\/En-Argentina-la-difamacion-impulsada-por-IA-muestra-la-guerra.jpg\"\/><span class=\"epigraphe\">El presidente de Brasil, Luiz Inacio Lula da Silva, tercero desde la izquierda, y el presidente de Argentina, Javier Milei, al frente en el centro, en medio de otros l\u00edderes que saludan durante una foto de grupo en la Cumbre del Mercosur posan para una foto de grupo en Buenos Aires, Argentina, jueves 3 de julio de 2025. De izquierda a derecha, el presidente de Paraguay, Santiago Pe\u00f1a; la vicepresidenta de Ecuador, Mar\u00eda Jos\u00e9 Pinto; el presidente de Brasil, Luiz In\u00e1cio Lula da Silva; el presidente de Panam\u00e1, Jos\u00e9 Ra\u00fal Mulino; el presidente de Argentina, Javier Milei; el ministro de Asuntos Exteriores de Chile, Alberto van Klaveren; el presidente de Bolivia, Luis Arce; y el presidente de Uruguay, Yamand\u00fa Orsi. (AP Photo\/Natacha Pisarenko)<\/span><span class=\"picture-open\"><button class=\"open-image\" aria-label=\"Open Image\"\/><\/span><\/picture><\/div>\n<div class=\"sc-45461e9c-0 eqiBeF container-text text-embed \" id=\"element-body-6\">\n<p>Milei incluso acu\u00f1\u00f3 un eslogan, <strong>\u201cNo odiamos lo suficiente a los periodistas\u201d<\/strong>, haciendo eco de un lenguaje popular entre los partidarios del presidente<strong> Donald Trump<\/strong>, a quien el presidente argentino le gusta imitar y que tambi\u00e9n denigra y se burla habitualmente de los medios de comunicaci\u00f3n.<\/p>\n<\/div>\n<div class=\"sc-45461e9c-0 eqiBeF container-text text-embed \" id=\"element-body-7\">\n<p>Si bien Milei nunca comparti\u00f3 el video de IA, dej\u00f3 en claro que consideraba que la campa\u00f1a contra Mengolini era una<strong> represalia justificada.<\/strong><\/p>\n<\/div>\n<div class=\"sc-45461e9c-0 eqiBeF container-text text-embed \" id=\"element-body-8\">\n<p>Hace dos a\u00f1os, Mengolini declar\u00f3 en un programa de televisi\u00f3n que Milei estaba &#8220;enamorado&#8221; de su hermana, <strong>Karina Milei<\/strong>, su consejera m\u00e1s cercana y su constante presencia a su lado. <\/p>\n<\/div>\n<div class=\"sc-45461e9c-0 eqiBeF container-text text-embed \" id=\"element-body-9\">\n<p>Mengolini aclar\u00f3 posteriormente que nunca hab\u00eda dicho que hubieran tenido relaciones sexuales.<\/p>\n<\/div>\n<div class=\"sc-45461e9c-0 eqiBeF container-text text-embed \" id=\"element-body-10\">\n<p>\u201cParece que cuando arremete con sus mentiras est\u00e1 bien, pero cuando la situaci\u00f3n cambia, llora y quiere llevarlo a los tribunales\u201d, escribi\u00f3 Javier Milei en X la semana pasada.<\/p>\n<\/div>\n<div class=\"sc-45461e9c-0 eqiBeF container-text text-embed \" id=\"element-body-11\">\n<p>Mengolini no es la \u00fanica. <\/p>\n<\/div>\n<div class=\"sc-45461e9c-0 eqiBeF container-text text-embed \" id=\"element-body-12\">\n<p>Varias periodistas de alto perfil tambi\u00e9n han sido blanco de cr\u00edticas mordaces por parte de Milei y sus aliados.<\/p>\n<\/div>\n<div class=\"sc-45461e9c-0 eqiBeF container-text text-embed \" id=\"element-body-13\">\n<p>\u00abMilei tiene muy poca tolerancia\u00bb, dijo Mengolini en una entrevista. <\/p>\n<\/div>\n<div class=\"sc-45461e9c-0 eqiBeF container-text text-embed \" id=\"element-body-14\">\n<p>\u00abLa m\u00e1s m\u00ednima cr\u00edtica lo vuelve loco\u00bb.<\/p>\n<\/div>\n<div class=\"sc-45461e9c-0 eqiBeF container-text text-embed \" id=\"element-body-15\">\n<p>El portavoz de Milei no respondi\u00f3 a una solicitud de comentarios, pero en una entrevista reciente el presidente dej\u00f3 en claro que no tiene intenci\u00f3n de dar marcha atr\u00e1s.<\/p>\n<\/div>\n<div class=\"sc-45461e9c-0 eqiBeF container-text text-embed \" id=\"element-body-16\">\n<p>\u201c\u00bfD\u00f3nde dice que no puedo responderle a un periodista cuando miente?\u201d, pregunt\u00f3 Milei.<\/p>\n<\/div>\n<div class=\"sc-45461e9c-0 eqiBeF container-text text-embed \" id=\"element-body-17\">\n<p>Recientemente, <strong>Mar\u00eda O&#8217;Donnell <\/strong>dedic\u00f3 un segmento de su popular programa de radio matutino a los insultos de Milei y despu\u00e9s recibi\u00f3 mensajes abusivos de un alto funcionario de la administraci\u00f3n.<\/p>\n<\/div>\n<div class=\"sc-45461e9c-0 eqiBeF container-text text-embed \" id=\"element-body-18\">\n<p>Milei amplific\u00f3 esos insultos retuite\u00e1ndolos y llamando a O&#8217;Donnell mandril, un colorido primate africano conocido por su trasero rojo brillante. <\/p>\n<\/div>\n<div class=\"sc-45461e9c-0 eqiBeF container-text text-embed \" id=\"element-body-19\">\n<p>Fue un insulto con carga sexual que ha usado repetidamente para insinuar la humillaci\u00f3n violenta de quienes lo critican a \u00e9l o a su administraci\u00f3n.<\/p>\n<\/div>\n<div class=\"sc-45461e9c-0 eqiBeF container-text text-embed \" id=\"element-body-20\">\n<p>Cuando este tipo de insultos se \u201cdirigen a las mujeres, adquieren una dimensi\u00f3n mucho m\u00e1s brutal\u201d, dijo O&#8217;Donnell en una entrevista.<\/p>\n<\/div>\n<div class=\"sc-45461e9c-0 eqiBeF container-text text-embed \" id=\"element-body-21\">\n<p>La disposici\u00f3n de Milei a lanzar insultos ayud\u00f3 a impulsarlo a la presidencia en 2023, despu\u00e9s de ganar un gran n\u00famero de seguidores como un comentarista televisivo combativo que atra\u00eda audiencias al culpar a la clase pol\u00edtica argentina por a\u00f1os de mala gesti\u00f3n econ\u00f3mica.<\/p>\n<\/div>\n<div class=\"sc-45461e9c-0 eqiBeF container-text text-embed \" id=\"element-body-22\">\n<p>Las bases de Milei siguen celebrando el estilo<strong> irreverente<\/strong> que ha adoptado en la presidencia. <\/p>\n<\/div>\n<div class=\"sc-45461e9c-0 eqiBeF container-text text-embed \" id=\"element-body-23\">\n<p><strong>Amnist\u00eda Internacional<\/strong> ha documentado que ha insultado p\u00fablicamente al menos a 41 periodistas desde que asumi\u00f3 el cargo en diciembre de 2023.<\/p>\n<\/div>\n<div class=\"sc-45461e9c-0 eqiBeF container-text text-embed \" id=\"element-body-24\">\n<p>Pero algunos analistas dicen que Milei y sus aliados parecen estar intensificando su campa\u00f1a contra los medios de comunicaci\u00f3n y volvi\u00e9ndose m\u00e1s beligerantes.<\/p>\n<\/div>\n<div class=\"sc-45461e9c-0 eqiBeF container-text text-embed \" id=\"element-body-25\">\n<p>\u201cAntes exist\u00eda la idea del ojo por ojo: t\u00fa vienes por m\u00ed, yo voy por ti\u201d, dijo O&#8217;Donnell. <\/p>\n<\/div>\n<div class=\"sc-45461e9c-0 eqiBeF container-text text-embed \" id=\"element-body-26\">\n<p>\u201cAhora promueve abiertamente el odio, los insultos y el desprestigio directo. Ha habido un cambio y se ha vuelto mucho m\u00e1s agresivo\u201d.<\/p>\n<\/div>\n<div class=\"sc-45461e9c-0 eqiBeF container-text text-embed \" id=\"element-body-27\">\n<p>Ese giro pareci\u00f3 comenzar en abril, cuando Milei empez\u00f3 a usar su nuevo grito de guerra: <\/p>\n<\/div>\n<div class=\"sc-45461e9c-0 eqiBeF container-text text-embed \" id=\"element-body-28\">\n<p>\u201cNo odiamos lo suficiente a los periodistas\u201d en p\u00fablico.<\/p>\n<\/div>\n<div class=\"sc-45461e9c-0 eqiBeF container-text text-embed \" id=\"element-body-29\">\n<p>Tiene un parecido sorprendente con el mantra \u201cNo odias lo suficiente a los medios\u201d, popular entre los partidarios de Trump, y el eslogan \u201cNo odias lo suficiente a los medios tradicionales\u201d, citado por <strong>Elon Musk.<\/strong><\/p>\n<\/div>\n<div class=\"sc-45461e9c-0 eqiBeF container-text text-embed \" id=\"element-body-30\">\n<p>Milei utiliz\u00f3 la frase por primera vez poco despu\u00e9s de que su gobierno lograra un esperado acuerdo de 20 000 millones de d\u00f3lares con el Fondo Monetario Internacional. <\/p>\n<\/div>\n<div class=\"sc-45461e9c-0 eqiBeF container-text text-embed \" id=\"element-body-31\">\n<p>Posteriormente, Milei modific\u00f3 las normas que rigen las monedas locales y extranjeras, lo que llev\u00f3 a algunos economistas a cuestionar la gesti\u00f3n econ\u00f3mica de su gobierno.<\/p>\n<\/div>\n<div class=\"sc-45461e9c-0 eqiBeF container-text text-embed \" id=\"element-body-32\">\n<p>Eso, a su vez, provoc\u00f3 la ira de Milei.<\/p>\n<\/div>\n<div class=\"sc-45461e9c-0 eqiBeF container-text text-embed \" id=\"element-body-33\">\n<p>\u201cLo que ocurri\u00f3 fue una especie de escalada impulsada por una actitud vengativa: &#8216;Me cuestionaron, me acosaron, me pusieron en duda&#8217;\u201d, dijo Lucas Romero, analista pol\u00edtico y director de una encuestadora, sobre la reciente estrategia de Milei.<\/p>\n<\/div>\n<div class=\"sc-45461e9c-0 eqiBeF container-text text-embed \" id=\"element-body-34\">\n<p>&#8216;Me cuestionaron, me acosaron, me pusieron en duda&#8217;\u201d, dijo Lucas Romero, analista pol\u00edtico y director de una encuestadora, sobre la reciente estrategia de Milei.<\/p>\n<\/div>\n<div class=\"sc-45461e9c-0 eqiBeF container-text text-embed \" id=\"element-body-35\">\n<p> \u201cAhora me siento con la fuerza para salir y desafiarlos\u201d.<\/p>\n<\/div>\n<div class=\"sc-45461e9c-0 eqiBeF container-text text-embed \" id=\"element-body-36\">\n<p>Los ataques de Milei contra periodistas son \u201cun ataque a la libertad de expresi\u00f3n porque es una forma de censura indirecta, ya que este tipo de cosas obviamente tienden a inhibir la expresi\u00f3n\u201d, dijo<strong> Ricardo Gil Lavedra<\/strong>, profesor de derecho y ex juez.<\/p>\n<\/div>\n<div class=\"sc-45461e9c-0 eqiBeF container-text text-embed \" id=\"element-body-37\">\n<p>El presidente tambi\u00e9n ha recurrido a los tribunales y ha presentado demandas por difamaci\u00f3n contra tres periodistas, a quienes acusa de tildarle de nazi.<\/p>\n<\/div>\n<div class=\"sc-45461e9c-0 eqiBeF container-text text-embed \" id=\"element-body-38\">\n<p>\u201cLo que m\u00e1s nos preocupa en este momento es la incitaci\u00f3n al odio\u201d, dijo <strong>Mariela Belski<\/strong>, directora ejecutiva de Amnist\u00eda Internacional Argentina, y agreg\u00f3 que podr\u00eda derivar en violencia \u201cm\u00e1s all\u00e1 del \u00e1mbito online\u201d.<\/p>\n<\/div>\n<div class=\"sc-45461e9c-0 eqiBeF container-text text-embed \" id=\"element-body-39\">\n<p><strong>c.2025 The New York Times Company<\/strong><\/p>\n<\/div>\n<\/div>\n<p><br \/>\n<br \/><a href=\"https:\/\/www.clarin.com\/new-york-times-international-weekly\/argentina-difamacion-impulsada-ia-muestra-guerra-milei-prensa_0_qXf5Q0bM8N.html\">Fuente Clarin.com <\/a><\/p>\n","protected":false},"excerpt":{"rendered":"<p>BUENOS AIRES, Argentina \u2014 Un video difamatorio generado por inteligencia artificial que acusa falsamente a un periodista argentino de incesto ha estado circulando ampliamente online, y el presidente del pa\u00eds se est\u00e1 burlando de la v\u00edctima. El presidente Javier Milei, un \u00e1vido usuario de X, recurri\u00f3 furiosamente a la plataforma de redes sociales durante el [&hellip;]<\/p>\n","protected":false},"author":1,"featured_media":39112,"comment_status":"open","ping_status":"open","sticky":false,"template":"","format":"standard","meta":{"footnotes":""},"categories":[2],"tags":[288,835,22839,1864,20923,77,723,142,214],"class_list":["post-39111","post","type-post","status-publish","format-standard","has-post-thumbnail","hentry","category-ultimas-noticias","tag-argentina","tag-contra","tag-difamacion","tag-guerra","tag-impulsada","tag-milei","tag-muestra","tag-por","tag-prensa"],"_links":{"self":[{"href":"https:\/\/13.com.ar\/index.php\/wp-json\/wp\/v2\/posts\/39111","targetHints":{"allow":["GET"]}}],"collection":[{"href":"https:\/\/13.com.ar\/index.php\/wp-json\/wp\/v2\/posts"}],"about":[{"href":"https:\/\/13.com.ar\/index.php\/wp-json\/wp\/v2\/types\/post"}],"author":[{"embeddable":true,"href":"https:\/\/13.com.ar\/index.php\/wp-json\/wp\/v2\/users\/1"}],"replies":[{"embeddable":true,"href":"https:\/\/13.com.ar\/index.php\/wp-json\/wp\/v2\/comments?post=39111"}],"version-history":[{"count":0,"href":"https:\/\/13.com.ar\/index.php\/wp-json\/wp\/v2\/posts\/39111\/revisions"}],"wp:featuredmedia":[{"embeddable":true,"href":"https:\/\/13.com.ar\/index.php\/wp-json\/wp\/v2\/media\/39112"}],"wp:attachment":[{"href":"https:\/\/13.com.ar\/index.php\/wp-json\/wp\/v2\/media?parent=39111"}],"wp:term":[{"taxonomy":"category","embeddable":true,"href":"https:\/\/13.com.ar\/index.php\/wp-json\/wp\/v2\/categories?post=39111"},{"taxonomy":"post_tag","embeddable":true,"href":"https:\/\/13.com.ar\/index.php\/wp-json\/wp\/v2\/tags?post=39111"}],"curies":[{"name":"wp","href":"https:\/\/api.w.org\/{rel}","templated":true}]}}