{"id":39095,"date":"2025-07-03T10:20:53","date_gmt":"2025-07-03T13:20:53","guid":{"rendered":"https:\/\/13.com.ar\/index.php\/como-es-la-nueva-indemnizacion-que-impulsa-el-gobierno-de-javier-milei\/"},"modified":"2025-07-03T10:20:53","modified_gmt":"2025-07-03T13:20:53","slug":"como-es-la-nueva-indemnizacion-que-impulsa-el-gobierno-de-javier-milei","status":"publish","type":"post","link":"https:\/\/13.com.ar\/index.php\/como-es-la-nueva-indemnizacion-que-impulsa-el-gobierno-de-javier-milei\/","title":{"rendered":"c\u00f3mo es la nueva indemnizaci\u00f3n que impulsa el Gobierno de Javier Milei"},"content":{"rendered":"<p> <br \/>\n<\/p>\n<div id=\"cuerpo\">\n<div class=\"sc-45461e9c-0 eqiBeF container-text text-embed \" id=\"element-body-0\">\n<p>El Gobierno de<strong> Javier Milei<\/strong> dio un paso significativo en su <strong>reforma laboral<\/strong> al oficializar un <strong>nuevo mecanismo de indemnizaciones laborales<\/strong>. Este sistema, que busca ser una alternativa al esquema tradicional de compensaci\u00f3n por despido, fue aprobado por la<strong> Comisi\u00f3n Nacional de Valores (CNV)<\/strong> en el Bolet\u00edn Oficial.<\/p>\n<\/div>\n<div class=\"sc-45461e9c-0 eqiBeF container-text text-embed \" id=\"element-body-1\">\n<p>La normativa <strong>reglamenta el marco regulatorio del Fondo de Cese Laboral <\/strong>que tiene como objetivo reemplazar la indemnizaci\u00f3n por antig\u00fcedad que actualmente establece el art\u00edculo 245 de la Ley de Contrato de Trabajo. <\/p>\n<\/div>\n<p><h2>Indemnizaciones: \u00bfc\u00f3mo funcionar\u00eda el nuevo sistema bajo la reforma laboral?<\/h2>\n<\/p>\n<div class=\"sc-45461e9c-0 eqiBeF container-text text-embed \" id=\"element-body-3\">\n<p>Actualmente, cuando despiden a un trabajador sin justa causa, el empleador tiene que pagarle una indemnizaci\u00f3n por antig\u00fcedad, que es una suma de dinero seg\u00fan los a\u00f1os trabajados. <strong>Con esta reforma, empleadores y sindicatos podr\u00e1n acordar usar otro sistema <\/strong>en lugar de esa indemnizaci\u00f3n. Ese nuevo sistema se llama <strong>Sistema de Cese Laboral.<\/strong><\/p>\n<\/div>\n<div class=\"sc-45461e9c-0 eqiBeF container-text text-embed \" id=\"element-body-4\">\n<p>&#8220;La norma m\u00e1s reciente despliega la normativa necesaria para que se puedan adoptar los modelos de administraci\u00f3n de fondos. Las modalidades de pago de indemnizaci\u00f3n que se podr\u00edan acordar son diversas, y tambi\u00e9n son distintos los sistemas de administraci\u00f3n de los fondos&#8221;, explica Juan Ottaviano, abogado laboralista. <\/p>\n<\/div>\n<div class=\"sc-98b114a2-0 bkqiHH image-embed  image-embed \" id=\"element-body-5\"><picture class=\"sc-98b114a2-1 jRUlDm\"><source media=\"(min-width: 975px)\" width=\"720\" height=\"480\" \/><img alt=\"Los aportes mensuales al Fondo de Cese Laboral fueron establecidos dentro del cap\u00edtulo laboral de la Ley Bases. Foto: Reuters.\" loading=\"lazy\" width=\"720\" height=\"480\" decoding=\"async\" data-nimg=\"1\" style=\"color:transparent\" src=\"https:\/\/13.com.ar\/wp-content\/uploads\/2025\/07\/como-es-la-nueva-indemnizacion-que-impulsa-el-Gobierno-de.jpg\"\/><span class=\"epigraphe\">Los aportes mensuales al Fondo de Cese Laboral fueron establecidos dentro del cap\u00edtulo laboral de la Ley Bases. Foto: Reuters.<\/span><span class=\"picture-open\"><button class=\"open-image\" aria-label=\"Open Image\"\/><\/span><\/picture><\/div>\n<div class=\"sc-45461e9c-0 eqiBeF container-text text-embed \" id=\"element-body-6\">\n<p>En vez de pagar una indemnizaci\u00f3n a partir de los a\u00f1os trabajados, el <strong>empleador ir\u00eda haciendo aportes mensuales a un fondo mientras la persona est\u00e1 contratada<\/strong>. Esa plata se guardar\u00eda dentro de un Fondo Com\u00fan de Inversi\u00f3n (FCI) o un Fideicomiso Financiero (FF). Entonces, al <strong>despedir a un empleado, el mismo cobrar\u00eda esa plata del fondo<\/strong>. Adem\u00e1s, seg\u00fan lo publicado en el Bolet\u00edn Oficial, los trabajadores podr\u00e1n realizar aportes adicionales en el Sistema de Cese Laboral.<\/p>\n<\/div>\n<div class=\"sc-45461e9c-0 eqiBeF container-text text-embed \" id=\"element-body-7\">\n<p>La <strong>adhesi\u00f3n a este nuevo r\u00e9gimen<\/strong> depender\u00e1 de lo que cada sindicato, a futuro, acuerde con su parte patronal en su <strong>convenio colectivo de trabajo. <\/strong>\u201cDepende del sistema que adopte el convenio colectivo, pero hasta tanto no suceda eso no es obligatorio para los sectores\u201d, asegura Ottaviano.<\/p>\n<\/div>\n<div class=\"sc-45461e9c-0 eqiBeF container-text text-embed \" id=\"element-body-8\">\n<p>En el primer encuentro del Consejo de Mayo, encabezado por el jefe de Gabinete, Guillermo Francos, el pasado 24 de junio, se acord\u00f3 que para diciembre de este a\u00f1o se deber\u00e1 tener listo un documento final con todas las reformas detalladas en el Pacto.<\/p>\n<\/div>\n<p><h2>\u00bfQu\u00e9 es Fondo de Cese Laboral?<\/h2>\n<\/p>\n<div class=\"sc-45461e9c-0 eqiBeF container-text text-embed \" id=\"element-body-10\">\n<p>El <strong>Fondo de Cese Laboral <\/strong>es un mecanismo que busca modificar las indemnizaciones por despido. En lugar de que el empleador pague una indemnizaci\u00f3n al finalizar la relaci\u00f3n laboral, se realizan aportes mensuales a un fondo, que luego el trabajador cobrar\u00eda si lo despiden.<\/p>\n<\/div>\n<p><h2>Nuevo sistema de indemnizaciones: \u00bfcu\u00e1ndo comienza a funcionar?<\/h2>\n<\/p>\n<div class=\"sc-45461e9c-0 eqiBeF container-text text-embed \" id=\"element-body-12\">\n<p>Si bien <strong>a\u00fan no est\u00e1 confirmada la fecha de implementaci\u00f3n del nuevo sistema de indemnizaciones,<\/strong> se espera que el Gobierno proponga en las negociaciones paritarias la adopci\u00f3n de alguno de los modelos contemplados en el decreto reglamentario de la Ley Bases.<\/p>\n<\/div>\n<p><h2>\u00bfC\u00f3mo impactar\u00eda en los trabajadores el nuevo sistema de indemnizaciones?<\/h2>\n<\/p>\n<div class=\"sc-45461e9c-0 eqiBeF container-text text-embed \" id=\"element-body-14\">\n<p>La diferencia entre el sistema de indemnizaciones tradicional y el Fondo de Cese Laboral. \u00bfCu\u00e1nto dinero cobrar\u00eda trabajador con un sueldo bruto de $800.000 y 3 a\u00f1os de antig\u00fcedad si lo despiden?<\/p>\n<\/div>\n<p><h3>Con indemnizaci\u00f3n tradicional<\/h3>\n<\/p>\n<div class=\"sc-45461e9c-0 eqiBeF container-text text-embed \" id=\"element-body-16\">\n<ul>\n<li>Recibir\u00eda 3 sueldos por a\u00f1o trabajado: $800.000 \u00d7 3 = $2.400.000<\/li>\n<li>Sin contar aguinaldo ni adicionales, ya excluidos del c\u00e1lculo por la reforma.<\/li>\n<\/ul>\n<\/div>\n<p><h3>Con fondo de cese laboral (8% mensual)<\/h3>\n<\/p>\n<div class=\"sc-45461e9c-0 eqiBeF container-text text-embed \" id=\"element-body-18\">\n<ul>\n<li>La empresa habr\u00eda aportado $64.000 por mes (8% de $800.000).<\/li>\n<li>En 36 meses: $2.304.000, a lo que podr\u00edan sumarse intereses si el fondo genera rentabilidad.<\/li>\n<\/ul>\n<\/div>\n<p><h2>\u00bfCu\u00e1nto se cobra por indemnizaci\u00f3n por despido en Argentina en julio de 2025?<\/h2>\n<\/p>\n<div class=\"sc-45461e9c-0 eqiBeF container-text text-embed \" id=\"element-body-20\">\n<p>Para calcular la <strong>indemnizaci\u00f3n por despido en Argentina en julio de 2025<\/strong>, se deben sumar varios componentes obligatorios. El c\u00e1lculo principal es la <strong>indemnizaci\u00f3n por antig\u00fcedad.<\/strong> Se calcula multiplicando un mes de sueldo por cada a\u00f1o de servicio, considerando la mejor remuneraci\u00f3n mensual, normal y habitual del \u00faltimo a\u00f1o trabajado en la empresa.<\/p>\n<\/div>\n<div class=\"sc-98b114a2-0 bkqiHH image-embed  image-embed \" id=\"element-body-21\"><picture class=\"sc-98b114a2-1 jRUlDm\"><source media=\"(min-width: 975px)\" width=\"720\" height=\"480\" \/><img alt=\"El gobierno busca implementar un nuevo sistema de indemnizaciones.\" loading=\"lazy\" width=\"720\" height=\"480\" decoding=\"async\" data-nimg=\"1\" style=\"color:transparent\" src=\"https:\/\/13.com.ar\/wp-content\/uploads\/2025\/07\/1751548853_976_como-es-la-nueva-indemnizacion-que-impulsa-el-Gobierno-de.jpg\"\/><span class=\"epigraphe\">El gobierno busca implementar un nuevo sistema de indemnizaciones.<\/span><span class=\"picture-open\"><button class=\"open-image\" aria-label=\"Open Image\"\/><\/span><\/picture><\/div>\n<div class=\"sc-45461e9c-0 eqiBeF container-text text-embed \" id=\"element-body-22\">\n<p>El llamado &#8220;mejor sueldo bruto&#8221; incluye todos los ingresos habituales, como el salario base, horas extras, comisiones, bonos regulares, el Salario Anual Complementario (SAC o aguinaldo) proporcional y los vi\u00e1ticos.<\/p>\n<\/div>\n<div class=\"sc-45461e9c-0 eqiBeF container-text text-embed \" id=\"element-body-23\">\n<p>Adem\u00e1s del monto por antig\u00fcedad, la<strong> liquidaci\u00f3n final se completa con otros conceptos obligatorios. <\/strong>Uno de ellos es la indemnizaci\u00f3n sustitutiva del preaviso<strong>,<\/strong> que el empleador debe abonar si no avis\u00f3 el despido con la anticipaci\u00f3n legal requerida (que es de un mes si la antig\u00fcedad es menor a cinco a\u00f1os, y de dos meses si es mayor a cinco a\u00f1os). <\/p>\n<\/div>\n<div class=\"sc-45461e9c-0 eqiBeF container-text text-embed \" id=\"element-body-24\">\n<p>Finalmente, se abonan el sueldo proporcional por los d\u00edas trabajados en el mes del despido, el aguinaldo proporcional correspondiente hasta la fecha de desvinculaci\u00f3n, y las vacaciones no gozadas junto.<\/p>\n<\/div>\n<div class=\"sc-45461e9c-0 eqiBeF container-text text-embed \" id=\"element-body-25\">\n<p>La suma de todos estos conceptos es lo que constituye el monto total que un trabajador recibir\u00e1 como indemnizaci\u00f3n por despido.<\/p>\n<\/div>\n<\/div>\n<p><br \/>\n<br \/><a href=\"https:\/\/www.clarin.com\/informacion-general\/reforma-laboral-2025-nueva-indemnizacion-impulsa-gobierno-javier-milei_0_6xwlEmgwqF.html\">Fuente Clarin.com <\/a><\/p>\n","protected":false},"excerpt":{"rendered":"<p>El Gobierno de Javier Milei dio un paso significativo en su reforma laboral al oficializar un nuevo mecanismo de indemnizaciones laborales. Este sistema, que busca ser una alternativa al esquema tradicional de compensaci\u00f3n por despido, fue aprobado por la Comisi\u00f3n Nacional de Valores (CNV) en el Bolet\u00edn Oficial. La normativa reglamenta el marco regulatorio del [&hellip;]<\/p>\n","protected":false},"author":1,"featured_media":39096,"comment_status":"open","ping_status":"open","sticky":false,"template":"","format":"standard","meta":{"footnotes":""},"categories":[2],"tags":[66,71,4246,6364,273,77,19],"class_list":["post-39095","post","type-post","status-publish","format-standard","has-post-thumbnail","hentry","category-ultimas-noticias","tag-como","tag-gobierno","tag-impulsa","tag-indemnizacion","tag-javier","tag-milei","tag-nueva"],"_links":{"self":[{"href":"https:\/\/13.com.ar\/index.php\/wp-json\/wp\/v2\/posts\/39095","targetHints":{"allow":["GET"]}}],"collection":[{"href":"https:\/\/13.com.ar\/index.php\/wp-json\/wp\/v2\/posts"}],"about":[{"href":"https:\/\/13.com.ar\/index.php\/wp-json\/wp\/v2\/types\/post"}],"author":[{"embeddable":true,"href":"https:\/\/13.com.ar\/index.php\/wp-json\/wp\/v2\/users\/1"}],"replies":[{"embeddable":true,"href":"https:\/\/13.com.ar\/index.php\/wp-json\/wp\/v2\/comments?post=39095"}],"version-history":[{"count":0,"href":"https:\/\/13.com.ar\/index.php\/wp-json\/wp\/v2\/posts\/39095\/revisions"}],"wp:featuredmedia":[{"embeddable":true,"href":"https:\/\/13.com.ar\/index.php\/wp-json\/wp\/v2\/media\/39096"}],"wp:attachment":[{"href":"https:\/\/13.com.ar\/index.php\/wp-json\/wp\/v2\/media?parent=39095"}],"wp:term":[{"taxonomy":"category","embeddable":true,"href":"https:\/\/13.com.ar\/index.php\/wp-json\/wp\/v2\/categories?post=39095"},{"taxonomy":"post_tag","embeddable":true,"href":"https:\/\/13.com.ar\/index.php\/wp-json\/wp\/v2\/tags?post=39095"}],"curies":[{"name":"wp","href":"https:\/\/api.w.org\/{rel}","templated":true}]}}