{"id":39091,"date":"2025-07-03T10:15:08","date_gmt":"2025-07-03T13:15:08","guid":{"rendered":"https:\/\/13.com.ar\/index.php\/el-conductor-de-una-camioneta-atropello-y-mato-a-un-ciclista-en-palermo-y-se-fugo-tras-dejar-tirada-a-la-victima\/"},"modified":"2025-07-03T10:15:08","modified_gmt":"2025-07-03T13:15:08","slug":"el-conductor-de-una-camioneta-atropello-y-mato-a-un-ciclista-en-palermo-y-se-fugo-tras-dejar-tirada-a-la-victima","status":"publish","type":"post","link":"https:\/\/13.com.ar\/index.php\/el-conductor-de-una-camioneta-atropello-y-mato-a-un-ciclista-en-palermo-y-se-fugo-tras-dejar-tirada-a-la-victima\/","title":{"rendered":"El conductor de una camioneta atropell\u00f3 y mat\u00f3 a un ciclista en Palermo y se fug\u00f3 tras dejar tirada a la v\u00edctima"},"content":{"rendered":"<p> <br \/>\n<br \/><img decoding=\"async\" src=\"https:\/\/13.com.ar\/wp-content\/uploads\/2025\/07\/El-conductor-de-una-camioneta-atropello-y-mato-a-un.jpg\" \/><\/p>\n<div id=\"element-body-0\">\n<p>Un hombre que circulaba en bicicleta por el barrio de <strong>Palermo<\/strong> muri\u00f3 esta ma\u00f1ana tras ser atropellado presuntamente por una camioneta <strong>cuyo conductor no detuvo su marcha<\/strong> para auxiliarlo.<\/p>\n<\/div>\n<div id=\"element-body-1\">\n<p>El fatal accidente ocurri\u00f3 en las primeras horas de esta ma\u00f1ana en la esquina de <strong>Ugarteche y avenida Las Heras<\/strong>. Vecinos de la zona alertaron a la polic\u00eda sobre <strong>un ciclista de 69 a\u00f1os<\/strong> que hab\u00eda sido atropellado, y cuando personal de SAME lleg\u00f3 para brindar las primeras asistencias confirm\u00f3 su fallecimiento.<\/p>\n<\/div>\n<div id=\"element-body-2\">\n<p>El personal de la Comisar\u00eda Vecinal 14 C lleg\u00f3 hasta el lugar, y los primeros testimonios recogidos all\u00ed apuntaron a que una camioneta que circulaba a alta velocidad por Ugarteche hab\u00eda embestido al ciclista y su conductor no se detuvo a auxiliarlo.<\/p>\n<\/div>\n<div id=\"element-body-3\">\n<p>A partir de los datos aportados, momentos despu\u00e9s, personal policial hall\u00f3 una <strong>camioneta Toyota gris<\/strong> con signos de choque frontal, estacionada en<strong> Juli\u00e1n Alvarez y Juncal<\/strong>, sospechada de haber participado en el hecho.<\/p>\n<\/div>\n<div id=\"element-body-4\">\n<p>La Fiscal\u00eda Nacional en lo Criminal y Correccional 30, a cargo del Dr. Recchini, Secretar\u00eda del Dr. Campana, orden\u00f3 pericias al veh\u00edculo presuntamente involucrado, y dar intervenci\u00f3n a Rastros y Divisi\u00f3n Homicidios. El veh\u00edculo qued\u00f3 con consigna policial.<\/p>\n<\/div>\n<p><br \/>\n<br \/><a href=\"https:\/\/www.clarin.com\/sociedad\/conductor-camioneta-atropello-mato-ciclista-palermo-fugo-dejar-tirada-victima_0_EGPd6PUkvW.html\">Fuente Clarin.com <\/a><\/p>\n","protected":false},"excerpt":{"rendered":"<p>Un hombre que circulaba en bicicleta por el barrio de Palermo muri\u00f3 esta ma\u00f1ana tras ser atropellado presuntamente por una camioneta cuyo conductor no detuvo su marcha para auxiliarlo. El fatal accidente ocurri\u00f3 en las primeras horas de esta ma\u00f1ana en la esquina de Ugarteche y avenida Las Heras. Vecinos de la zona alertaron a [&hellip;]<\/p>\n","protected":false},"author":1,"featured_media":39092,"comment_status":"open","ping_status":"open","sticky":false,"template":"","format":"standard","meta":{"footnotes":""},"categories":[2],"tags":[1501,921,17767,197,6577,5692,1384,722,10622,312,73,3165],"class_list":["post-39091","post","type-post","status-publish","format-standard","has-post-thumbnail","hentry","category-ultimas-noticias","tag-atropello","tag-camioneta","tag-ciclista","tag-conductor","tag-dejar","tag-fugo","tag-mato","tag-palermo","tag-tirada","tag-tras","tag-una","tag-victima"],"_links":{"self":[{"href":"https:\/\/13.com.ar\/index.php\/wp-json\/wp\/v2\/posts\/39091","targetHints":{"allow":["GET"]}}],"collection":[{"href":"https:\/\/13.com.ar\/index.php\/wp-json\/wp\/v2\/posts"}],"about":[{"href":"https:\/\/13.com.ar\/index.php\/wp-json\/wp\/v2\/types\/post"}],"author":[{"embeddable":true,"href":"https:\/\/13.com.ar\/index.php\/wp-json\/wp\/v2\/users\/1"}],"replies":[{"embeddable":true,"href":"https:\/\/13.com.ar\/index.php\/wp-json\/wp\/v2\/comments?post=39091"}],"version-history":[{"count":0,"href":"https:\/\/13.com.ar\/index.php\/wp-json\/wp\/v2\/posts\/39091\/revisions"}],"wp:featuredmedia":[{"embeddable":true,"href":"https:\/\/13.com.ar\/index.php\/wp-json\/wp\/v2\/media\/39092"}],"wp:attachment":[{"href":"https:\/\/13.com.ar\/index.php\/wp-json\/wp\/v2\/media?parent=39091"}],"wp:term":[{"taxonomy":"category","embeddable":true,"href":"https:\/\/13.com.ar\/index.php\/wp-json\/wp\/v2\/categories?post=39091"},{"taxonomy":"post_tag","embeddable":true,"href":"https:\/\/13.com.ar\/index.php\/wp-json\/wp\/v2\/tags?post=39091"}],"curies":[{"name":"wp","href":"https:\/\/api.w.org\/{rel}","templated":true}]}}