{"id":39088,"date":"2025-07-03T10:09:30","date_gmt":"2025-07-03T13:09:30","guid":{"rendered":"https:\/\/13.com.ar\/index.php\/tras-el-fallo-de-la-corte-suprema-que-favorecio-a-un-cura-abusador-el-gobierno-quiere-declarar-imprescriptibles-los-delitos-sexuales\/"},"modified":"2025-07-03T10:09:30","modified_gmt":"2025-07-03T13:09:30","slug":"tras-el-fallo-de-la-corte-suprema-que-favorecio-a-un-cura-abusador-el-gobierno-quiere-declarar-imprescriptibles-los-delitos-sexuales","status":"publish","type":"post","link":"https:\/\/13.com.ar\/index.php\/tras-el-fallo-de-la-corte-suprema-que-favorecio-a-un-cura-abusador-el-gobierno-quiere-declarar-imprescriptibles-los-delitos-sexuales\/","title":{"rendered":"Tras el fallo de la Corte Suprema que favoreci\u00f3 a un cura abusador, el Gobierno quiere declarar &#8220;imprescriptibles&#8221; los delitos sexuales"},"content":{"rendered":"<p> <br \/>\n<br \/><img decoding=\"async\" src=\"https:\/\/13.com.ar\/wp-content\/uploads\/2025\/07\/El-cura-pedofilo-y-el-absurdo-perdon-del-tiempo.jpg\" \/><\/p>\n<div id=\"element-body-0\">\n<p>El Gobierno del presidente Javier Milei quiere <strong>declarar &#8220;imprescriptibles&#8221; los delitos sexuales<\/strong>, luego de que un fallo de la Corte Suprema de Justicia <strong>favoreciera a un cura abusador<\/strong>.<\/p>\n<\/div>\n<div id=\"element-body-1\">\n<p>As\u00ed lo expres\u00f3 el ministro de Justicia de la Naci\u00f3n, <strong>Mariano C\u00faneo Libarona<\/strong>, quien a trav\u00e9s de redes sociales expres\u00f3 que &#8220;los delitos sexuales NO deber\u00edan prescribir&#8221;.<\/p>\n<\/div>\n<div id=\"element-body-2\">\n<p>El funcionario nacional se hizo eco del caso de <strong>Justo Jos\u00e9 Ilarraz<\/strong>, un sacerdote condenado a 25 a\u00f1os de prisi\u00f3n por abusar de menores, que fue echado de la Iglesia por el Papa Francisco, pero que el M\u00e1ximo Tribunal absolvi\u00f3.<\/p>\n<\/div>\n<div id=\"element-body-3\">\n<p>Ilarraz fue declarado culpable en 2018 por los abusos contra siete chicos cometidos entre 1988 y 1992. Es decir, entre 26 y 30 a\u00f1os antes de la condena.<\/p>\n<\/div>\n<div id=\"element-body-4\">\n<p>Sin embargo, la Corte plante\u00f3 que <strong>los delitos prescribieron siete a\u00f1os antes de que se formalizara la primera denuncia<\/strong> contra el cura, en 2012.<\/p>\n<\/div>\n<div id=\"element-body-5\">\n<p>Los abusos ocurrieron en el Seminario Nuestra Se\u00f1ora del Cen\u00e1culo de Paran\u00e1, donde el condenado era prefecto de disciplina y gu\u00eda espiritual de los adolescentes abusados.<\/p>\n<\/div>\n<div id=\"element-body-7\">\n<p>&#8220;Para evitar este tipo de injusticias, en el nuevo C\u00f3digo Penal que enviaremos al Congreso, propondremos la imprescriptibilidad de los delitos sexuales&#8221;, expres\u00f3 el ministro C\u00faneo Libarona.<\/p>\n<\/div>\n<p><br \/>\n<br \/><a href=\"https:\/\/www.clarin.com\/politica\/fallo-corte-suprema-favorecio-cura-abusador-gobierno-quiere-declarar-imprescriptibles-delitos-sexuales_0_UutvrNSWju.html\">Fuente Clarin.com <\/a><\/p>\n","protected":false},"excerpt":{"rendered":"<p>El Gobierno del presidente Javier Milei quiere declarar &#8220;imprescriptibles&#8221; los delitos sexuales, luego de que un fallo de la Corte Suprema de Justicia favoreciera a un cura abusador. As\u00ed lo expres\u00f3 el ministro de Justicia de la Naci\u00f3n, Mariano C\u00faneo Libarona, quien a trav\u00e9s de redes sociales expres\u00f3 que &#8220;los delitos sexuales NO deber\u00edan prescribir&#8221;. [&hellip;]<\/p>\n","protected":false},"author":1,"featured_media":38958,"comment_status":"open","ping_status":"open","sticky":false,"template":"","format":"standard","meta":{"footnotes":""},"categories":[2],"tags":[22834,297,3545,3507,1189,1969,22833,71,22835,28,1273,5223,2357,312],"class_list":["post-39088","post","type-post","status-publish","format-standard","has-post-thumbnail","hentry","category-ultimas-noticias","tag-abusador","tag-corte","tag-cura","tag-declarar","tag-delitos","tag-fallo","tag-favorecio","tag-gobierno","tag-imprescriptibles","tag-los","tag-quiere","tag-sexuales","tag-suprema","tag-tras"],"_links":{"self":[{"href":"https:\/\/13.com.ar\/index.php\/wp-json\/wp\/v2\/posts\/39088","targetHints":{"allow":["GET"]}}],"collection":[{"href":"https:\/\/13.com.ar\/index.php\/wp-json\/wp\/v2\/posts"}],"about":[{"href":"https:\/\/13.com.ar\/index.php\/wp-json\/wp\/v2\/types\/post"}],"author":[{"embeddable":true,"href":"https:\/\/13.com.ar\/index.php\/wp-json\/wp\/v2\/users\/1"}],"replies":[{"embeddable":true,"href":"https:\/\/13.com.ar\/index.php\/wp-json\/wp\/v2\/comments?post=39088"}],"version-history":[{"count":0,"href":"https:\/\/13.com.ar\/index.php\/wp-json\/wp\/v2\/posts\/39088\/revisions"}],"wp:featuredmedia":[{"embeddable":true,"href":"https:\/\/13.com.ar\/index.php\/wp-json\/wp\/v2\/media\/38958"}],"wp:attachment":[{"href":"https:\/\/13.com.ar\/index.php\/wp-json\/wp\/v2\/media?parent=39088"}],"wp:term":[{"taxonomy":"category","embeddable":true,"href":"https:\/\/13.com.ar\/index.php\/wp-json\/wp\/v2\/categories?post=39088"},{"taxonomy":"post_tag","embeddable":true,"href":"https:\/\/13.com.ar\/index.php\/wp-json\/wp\/v2\/tags?post=39088"}],"curies":[{"name":"wp","href":"https:\/\/api.w.org\/{rel}","templated":true}]}}