{"id":39084,"date":"2025-07-03T10:03:46","date_gmt":"2025-07-03T13:03:46","guid":{"rendered":"https:\/\/13.com.ar\/index.php\/asi-estaba-la-casa-donde-hallaron-a-las-victimas-de-villa-devoto\/"},"modified":"2025-07-03T10:03:46","modified_gmt":"2025-07-03T13:03:46","slug":"asi-estaba-la-casa-donde-hallaron-a-las-victimas-de-villa-devoto","status":"publish","type":"post","link":"https:\/\/13.com.ar\/index.php\/asi-estaba-la-casa-donde-hallaron-a-las-victimas-de-villa-devoto\/","title":{"rendered":"as\u00ed estaba la casa donde hallaron a las v\u00edctimas de Villa Devoto"},"content":{"rendered":"<p> <br \/>\n<br \/><img decoding=\"async\" src=\"https:\/\/13.com.ar\/wp-content\/uploads\/2025\/07\/asi-estaba-la-casa-donde-hallaron-a-las-victimas-de.jpg\" \/><\/p>\n<div id=\"element-body-0\">\n<p>Cuatro tazas con sus respectivas cucharitas estaban sobre cuatro platos chicos. Dos vasos m\u00e1s peque\u00f1os, uno de ellos con la imagen de una princesa, posaban arriba de un mantel negro, blanco y gris a cuadritos en<strong> la mesa de la cocina de la familia Nastchokine.<\/strong> La postal la completaba un portarrollo de papel de cocina y una caja de madera con saquitos de t\u00e9.<\/p>\n<\/div>\n<div id=\"element-body-1\">\n<p>Esta fue la escena con la que se encontraron los Bomberos de la Ciudad y m\u00e9dicos del SAME cuando la tarde de este martes ingresaron a la casa de dos pisos de la calle Sanabria 3768, en Villa Devoto.<\/p>\n<\/div>\n<div id=\"element-body-2\">\n<p>Todo hac\u00eda indicar que Demetrio de Nastchokine (79) y su esposa Graciela Leonor Just (73) quer\u00edan agasajar a sus invitados de honor: su hijo Andr\u00e9s de Nastchokine (43), su nuera francesa Marie Camille Lalanne (40) y sus peque\u00f1os nietos de 4 y 1 a\u00f1o.<\/p>\n<\/div>\n<div id=\"element-body-4\">\n<p>Los cuatro \u00faltimos<strong> hab\u00edan llegado desde Italia este lunes para visitar a su familia.<\/strong> El momento del reencuentro fue compartido por otro de sus hermanos en las redes sociales.<\/p>\n<\/div>\n<div id=\"element-body-5\">\n<p>Esa misma noche compartieron la cena en la casa. La principal hip\u00f3tesis apunta a que antes de irse a dormir, <strong>el matrimonio anfitri\u00f3n dej\u00f3 todo listo para desayunar la ma\u00f1ana siguiente.<\/strong> Por lo hallado en el interior de la vivienda, se cree que los cinco integrantes de la familia murieron durante las primeras horas del martes. El beb\u00e9 que sobrevivi\u00f3 fue encontrado reci\u00e9n cerca de las 16, cuando se descubri\u00f3 el horror.<\/p>\n<\/div>\n<div id=\"element-body-7\">\n<p>Una de las hijas de Demetrio y Graciela lleg\u00f3 minutos antes de las<strong> 16.30 de este martes<\/strong> a la casa de sus padres, que no respond\u00edan los llamados. Al arribar, abri\u00f3 la puerta y un fuerte olor a gas la invadi\u00f3.<\/p>\n<\/div>\n<div id=\"element-body-8\">\n<p>Un vecino llam\u00f3 al 911 al ver a la mujer mareada despu\u00e9s de ingresar por la puerta principal de la vivienda. Los oficiales llamaron a los bomberos, que entraron al lugar. En el primer piso encontraron a Andr\u00e9s junto a su pareja e hija de 4 a\u00f1os en un mismo dormitorio, todos sin signos vitales.<\/p>\n<\/div>\n<div id=\"element-body-9\">\n<p>En otra habitaci\u00f3n contigua estaba el beb\u00e9, consciente y, seg\u00fan inform\u00f3 la Polic\u00eda, en buen estado de salud. Fue trasladado al Hospital Zubizarreta y luego derivado al Hospital de Ni\u00f1os Ricardo Guti\u00e9rrez.<\/p>\n<\/div>\n<div id=\"element-body-11\">\n<p>De acuerdo con fuentes de la investigaci\u00f3n, se salv\u00f3 porque en la habitaci\u00f3n en la que estaba hab\u00eda<strong> una ventana abierta.<\/strong> En el segundo piso, en otro dormitorio, hallaron a Demetrio y Graciela, tambi\u00e9n sin vida.<\/p>\n<\/div>\n<div id=\"element-body-13\">\n<p>Personal de la Unidad Criminal\u00edstica M\u00f3vil, Siniestros, Bomberos de la Ciudad y t\u00e9cnicos de la empresa MetroGAS \u2013prestadora de servicio en la zona- realizaron las primeras pericias en el lugar, por requerimiento de la Fiscal\u00eda Nacional en lo Criminal y Correccional N\u00b0 48, a cargo de Eduardo Rosende, quien lleva adelante la causa.<\/p>\n<\/div>\n<div id=\"element-body-14\">\n<p>Seg\u00fan fuentes de las investigaci\u00f3n, aunque a\u00fan no est\u00e1n los resultados finales de los peritajes, la informaci\u00f3n preliminar arroja que <strong>la falla se produjo en una caldera<\/strong> que estaba ubicada en la cocina comedor y que ten\u00eda da\u00f1ado el conducto de ventilaci\u00f3n.<\/p>\n<\/div>\n<div id=\"element-body-15\">\n<p>Las pericias determinaron que <strong>la ca\u00f1er\u00eda estaba corro\u00edda <\/strong>y ten\u00eda hecho arreglos parciales realizados con sellador. Aparentemente, siempre seg\u00fan fuentes ligadas con la investigaci\u00f3n, los gases no sal\u00edan al exterior y quedaban en el entretecho de la vivienda.<\/p>\n<\/div>\n<div id=\"element-body-16\">\n<p>A su vez, en una pared lindera con la caldera, se encontr\u00f3 un papel pegado con cinta. Estaba fechado el 25 de abril y conten\u00eda <strong>un presupuesto escrito de pu\u00f1o y letra por un gasista<\/strong> en el que hab\u00eda dos tarifas, una por 600 mil y la otra por 1,2 millones de pesos, para realizar arreglos a dicho artefacto.<\/p>\n<\/div>\n<div id=\"element-body-18\">\n<p>A su vez, los peritos y t\u00e9cnicos descubrieron que <strong>estaba tapada con una cinta adhesiva transparente una rejilla de ventilaci\u00f3n<\/strong> que es obligatoria para que exista una buena aireaci\u00f3n en los ambientes con artefactos a gas. Tambi\u00e9n hab\u00edan tapado con papel film los marcos de las ventanas para que no pase el fr\u00edo.<\/p>\n<\/div>\n<div id=\"element-body-19\">\n<p>Otra anomal\u00eda que hab\u00eda en la vivienda era <strong>un falso techo en la cocina<\/strong>, que fue realizado con durlock. De acuerdo a los especialistas, el mon\u00f3xido se acumul\u00f3 entre la c\u00e1mara de aire que qued\u00f3 con el piso de pinotea de la planta alta. Los peritos estimaron que pudo haberse filtrado por el piso en las dos habitaciones donde se hallaban dos de las v\u00edctimas fatales.<\/p>\n<\/div>\n<p><br \/>\n<br \/><a href=\"https:\/\/www.clarin.com\/ciudades\/mesa-servida-desayuno-casa-hallaron-victimas-villa-devoto_0_5vi2kzGxzt.html\">Fuente Clarin.com <\/a><\/p>\n","protected":false},"excerpt":{"rendered":"<p>Cuatro tazas con sus respectivas cucharitas estaban sobre cuatro platos chicos. Dos vasos m\u00e1s peque\u00f1os, uno de ellos con la imagen de una princesa, posaban arriba de un mantel negro, blanco y gris a cuadritos en la mesa de la cocina de la familia Nastchokine. La postal la completaba un portarrollo de papel de cocina [&hellip;]<\/p>\n","protected":false},"author":1,"featured_media":39085,"comment_status":"open","ping_status":"open","sticky":false,"template":"","format":"standard","meta":{"footnotes":""},"categories":[2],"tags":[789,108,14784,743,627,961,48,1167,2131],"class_list":["post-39084","post","type-post","status-publish","format-standard","has-post-thumbnail","hentry","category-ultimas-noticias","tag-asi","tag-casa","tag-devoto","tag-donde","tag-estaba","tag-hallaron","tag-las","tag-victimas","tag-villa"],"_links":{"self":[{"href":"https:\/\/13.com.ar\/index.php\/wp-json\/wp\/v2\/posts\/39084","targetHints":{"allow":["GET"]}}],"collection":[{"href":"https:\/\/13.com.ar\/index.php\/wp-json\/wp\/v2\/posts"}],"about":[{"href":"https:\/\/13.com.ar\/index.php\/wp-json\/wp\/v2\/types\/post"}],"author":[{"embeddable":true,"href":"https:\/\/13.com.ar\/index.php\/wp-json\/wp\/v2\/users\/1"}],"replies":[{"embeddable":true,"href":"https:\/\/13.com.ar\/index.php\/wp-json\/wp\/v2\/comments?post=39084"}],"version-history":[{"count":0,"href":"https:\/\/13.com.ar\/index.php\/wp-json\/wp\/v2\/posts\/39084\/revisions"}],"wp:featuredmedia":[{"embeddable":true,"href":"https:\/\/13.com.ar\/index.php\/wp-json\/wp\/v2\/media\/39085"}],"wp:attachment":[{"href":"https:\/\/13.com.ar\/index.php\/wp-json\/wp\/v2\/media?parent=39084"}],"wp:term":[{"taxonomy":"category","embeddable":true,"href":"https:\/\/13.com.ar\/index.php\/wp-json\/wp\/v2\/categories?post=39084"},{"taxonomy":"post_tag","embeddable":true,"href":"https:\/\/13.com.ar\/index.php\/wp-json\/wp\/v2\/tags?post=39084"}],"curies":[{"name":"wp","href":"https:\/\/api.w.org\/{rel}","templated":true}]}}