{"id":39078,"date":"2025-07-03T09:39:30","date_gmt":"2025-07-03T12:39:30","guid":{"rendered":"https:\/\/13.com.ar\/index.php\/cual-es-el-nuevo-precio-de-la-entrada-al-parque-provincial-ischigualasto-de-san-juan\/"},"modified":"2025-07-03T09:39:30","modified_gmt":"2025-07-03T12:39:30","slug":"cual-es-el-nuevo-precio-de-la-entrada-al-parque-provincial-ischigualasto-de-san-juan","status":"publish","type":"post","link":"https:\/\/13.com.ar\/index.php\/cual-es-el-nuevo-precio-de-la-entrada-al-parque-provincial-ischigualasto-de-san-juan\/","title":{"rendered":"cu\u00e1l es el nuevo precio de la entrada al Parque Provincial Ischigualasto de San Juan"},"content":{"rendered":"<p> <br \/>\n<br \/><img decoding=\"async\" src=\"https:\/\/13.com.ar\/wp-content\/uploads\/2025\/07\/cual-es-el-nuevo-precio-de-la-entrada-al-Parque.jpg\" \/><\/p>\n<div id=\"element-body-0\">\n<p>A partir del <strong>1 de julio el Parque Provincial Ischigualasto de San Juan actualiz\u00f3<\/strong> su nuevo <strong>precio de entrada <\/strong>para aquellas personas que lo visiten durante las<strong> vacaciones de invierno<\/strong> en el Valle de la Luna.<\/p>\n<\/div>\n<div id=\"element-body-1\">\n<p>Si ten\u00e9s pensado visitar esta atracci\u00f3n tur\u00edstica de Argentina en las pr\u00f3ximas semanas, es importante que sepas que las <strong>tarifas van variando seg\u00fan el visitante y las actividades<\/strong> adicionales que quieran realizar dentro del parque.<\/p>\n<\/div>\n<div id=\"element-body-3\">\n<p>El<strong> Parque Provincial Ischigualasto ajust\u00f3 sus precios de entrada para los turistas<\/strong>, con tarifas diferenciadas seg\u00fan la procedencia del visitante. Este cambio busca optimizar la experiencia en el parque y regular el acceso a las distintas \u00e1reas.<\/p>\n<\/div>\n<div id=\"element-body-12\">\n<p>El parque <strong>ofrece varias actividades adicionales que permiten a los visitantes disfrutar de una experiencia m\u00e1s completa<\/strong>. Estas opciones tienen un costo extra, adem\u00e1s de la entrada general, y permiten explorar el lugar de formas \u00fanicas.<\/p>\n<\/div>\n<div id=\"element-body-17\">\n<p>Estas actividades <strong>permiten a los turistas disfrutar del impresionante paisaje y las maravillas naturales del Valle de la Luna <\/strong>de una manera m\u00e1s profunda y exclusiva.<\/p>\n<\/div>\n<p><br \/>\n<br \/><a href=\"https:\/\/www.clarin.com\/informacion-general\/vacaciones-valle-luna-nuevo-precio-entrada-parque-provincial-ischigualasto-san-juan_0_t6MwQX2MUb.html\">Fuente Clarin.com <\/a><\/p>\n","protected":false},"excerpt":{"rendered":"<p>A partir del 1 de julio el Parque Provincial Ischigualasto de San Juan actualiz\u00f3 su nuevo precio de entrada para aquellas personas que lo visiten durante las vacaciones de invierno en el Valle de la Luna. Si ten\u00e9s pensado visitar esta atracci\u00f3n tur\u00edstica de Argentina en las pr\u00f3ximas semanas, es importante que sepas que las [&hellip;]<\/p>\n","protected":false},"author":1,"featured_media":39079,"comment_status":"open","ping_status":"open","sticky":false,"template":"","format":"standard","meta":{"footnotes":""},"categories":[2],"tags":[373,438,22831,1038,14,787,866,2013,451],"class_list":["post-39078","post","type-post","status-publish","format-standard","has-post-thumbnail","hentry","category-ultimas-noticias","tag-cual","tag-entrada","tag-ischigualasto","tag-juan","tag-nuevo","tag-parque","tag-precio","tag-provincial","tag-san"],"_links":{"self":[{"href":"https:\/\/13.com.ar\/index.php\/wp-json\/wp\/v2\/posts\/39078","targetHints":{"allow":["GET"]}}],"collection":[{"href":"https:\/\/13.com.ar\/index.php\/wp-json\/wp\/v2\/posts"}],"about":[{"href":"https:\/\/13.com.ar\/index.php\/wp-json\/wp\/v2\/types\/post"}],"author":[{"embeddable":true,"href":"https:\/\/13.com.ar\/index.php\/wp-json\/wp\/v2\/users\/1"}],"replies":[{"embeddable":true,"href":"https:\/\/13.com.ar\/index.php\/wp-json\/wp\/v2\/comments?post=39078"}],"version-history":[{"count":0,"href":"https:\/\/13.com.ar\/index.php\/wp-json\/wp\/v2\/posts\/39078\/revisions"}],"wp:featuredmedia":[{"embeddable":true,"href":"https:\/\/13.com.ar\/index.php\/wp-json\/wp\/v2\/media\/39079"}],"wp:attachment":[{"href":"https:\/\/13.com.ar\/index.php\/wp-json\/wp\/v2\/media?parent=39078"}],"wp:term":[{"taxonomy":"category","embeddable":true,"href":"https:\/\/13.com.ar\/index.php\/wp-json\/wp\/v2\/categories?post=39078"},{"taxonomy":"post_tag","embeddable":true,"href":"https:\/\/13.com.ar\/index.php\/wp-json\/wp\/v2\/tags?post=39078"}],"curies":[{"name":"wp","href":"https:\/\/api.w.org\/{rel}","templated":true}]}}