{"id":39076,"date":"2025-07-03T09:36:41","date_gmt":"2025-07-03T12:36:41","guid":{"rendered":"https:\/\/13.com.ar\/index.php\/camuzzi-comienza-a-restablecer-el-servicio-en-mar-del-plata-tras-mejoras-en-la-presion\/"},"modified":"2025-07-03T09:36:41","modified_gmt":"2025-07-03T12:36:41","slug":"camuzzi-comienza-a-restablecer-el-servicio-en-mar-del-plata-tras-mejoras-en-la-presion","status":"publish","type":"post","link":"https:\/\/13.com.ar\/index.php\/camuzzi-comienza-a-restablecer-el-servicio-en-mar-del-plata-tras-mejoras-en-la-presion\/","title":{"rendered":"Camuzzi comienza a restablecer el servicio en Mar del Plata tras mejoras en la presi\u00f3n"},"content":{"rendered":"<p> <br \/>\n<br \/><img decoding=\"async\" src=\"https:\/\/13.com.ar\/wp-content\/uploads\/2025\/07\/Camuzzi-comienza-a-restablecer-el-servicio-en-Mar-del-Plata.jpg\" \/><\/p>\n<div id=\"element-body-0\">\n<p>Tras varios d\u00edas de baja presi\u00f3n y cortes de suministro, Camuzzi Gas Pampeana <strong>inform\u00f3 que el sistema de distribuci\u00f3n en Mar del Plata <\/strong>comenz\u00f3 a mostrar <strong>mejoras sostenidas<\/strong>, lo que permiti\u00f3 iniciar este mi\u00e9rcoles el operativo de reconexi\u00f3n domiciliaria.<\/p>\n<\/div>\n<div id=\"element-body-1\">\n<p>Al mediod\u00eda, el Gobierno se re\u00fane con empresas para definir la situaci\u00f3n a nivel nacional. Durante el encuentro evaluar\u00e1n si hay gas disponible o si persisten los cortes a GNC e industrias.<\/p>\n<\/div>\n<div id=\"element-body-2\">\n<p>En Mar del Plata, aunque el sistema a\u00fan no se encuentra completamente normalizado, <strong>la distribuidora comenz\u00f3 con la restituci\u00f3n progresiva del servicio<\/strong> en los hogares afectados. Las tareas se desarrollar\u00e1n a lo largo de la jornada, en tanto se mantenga la estabilidad de la red.<\/p>\n<\/div>\n<div id=\"element-body-3\">\n<p>Seg\u00fan explic\u00f3 la empresa,<strong> cuadrillas t\u00e9cnicas recorrer\u00e1n cada domicilio para realizar la reconexi\u00f3n del gas natural,<\/strong> y se solicita a los usuarios que no intenten reactivar el suministro por su cuenta. La operaci\u00f3n debe ser realizada exclusivamente por personal t\u00e9cnico autorizado, a fin de evitar accidentes o fallas en el sistema.<\/p>\n<\/div>\n<div id=\"element-body-4\">\n<p>Camuzzi tambi\u00e9n convoca a aquellos usuarios que a\u00fan no hayan reportado su corte de servicio a comunicarse a las l\u00edneas de emergencia, disponibles las 24 horas: 0810-999-0810 \/ 0800-999-0810.<\/p>\n<\/div>\n<div id=\"element-body-5\">\n<p>La compa\u00f1\u00eda se\u00f1al\u00f3 que<strong> el monitoreo de la red contin\u00faa activo <\/strong>de forma constante y que se <strong>est\u00e1n haciendo todos los esfuerzos operativos necesarios para restablecer el servicio<\/strong> en el menor tiempo posible. Adem\u00e1s, se dispuso una guardia t\u00e9cnica permanente para asistir a los usuarios que no se encuentren en sus domicilios al momento del paso de las cuadrillas.<\/p>\n<\/div>\n<div id=\"element-body-6\">\n<p>La situaci\u00f3n se produjo en el marco de una ola de fr\u00edo polar que elev\u00f3 de forma extraordinaria el consumo de gas natural en la regi\u00f3n.<\/p>\n<\/div>\n<p><br \/>\n<br \/><a href=\"https:\/\/www.clarin.com\/economia\/gas-mar-plata-camuzzi-inicia-restitucion-servicio_0_3aOCmWxlZA.html\">Fuente Clarin.com <\/a><\/p>\n","protected":false},"excerpt":{"rendered":"<p>Tras varios d\u00edas de baja presi\u00f3n y cortes de suministro, Camuzzi Gas Pampeana inform\u00f3 que el sistema de distribuci\u00f3n en Mar del Plata comenz\u00f3 a mostrar mejoras sostenidas, lo que permiti\u00f3 iniciar este mi\u00e9rcoles el operativo de reconexi\u00f3n domiciliaria. Al mediod\u00eda, el Gobierno se re\u00fane con empresas para definir la situaci\u00f3n a nivel nacional. Durante [&hellip;]<\/p>\n","protected":false},"author":1,"featured_media":39077,"comment_status":"open","ping_status":"open","sticky":false,"template":"","format":"standard","meta":{"footnotes":""},"categories":[2],"tags":[22830,10315,100,537,10964,255,306,19523,654,312],"class_list":["post-39076","post","type-post","status-publish","format-standard","has-post-thumbnail","hentry","category-ultimas-noticias","tag-camuzzi","tag-comienza","tag-del","tag-mar","tag-mejoras","tag-plata","tag-presion","tag-restablecer","tag-servicio","tag-tras"],"_links":{"self":[{"href":"https:\/\/13.com.ar\/index.php\/wp-json\/wp\/v2\/posts\/39076","targetHints":{"allow":["GET"]}}],"collection":[{"href":"https:\/\/13.com.ar\/index.php\/wp-json\/wp\/v2\/posts"}],"about":[{"href":"https:\/\/13.com.ar\/index.php\/wp-json\/wp\/v2\/types\/post"}],"author":[{"embeddable":true,"href":"https:\/\/13.com.ar\/index.php\/wp-json\/wp\/v2\/users\/1"}],"replies":[{"embeddable":true,"href":"https:\/\/13.com.ar\/index.php\/wp-json\/wp\/v2\/comments?post=39076"}],"version-history":[{"count":0,"href":"https:\/\/13.com.ar\/index.php\/wp-json\/wp\/v2\/posts\/39076\/revisions"}],"wp:featuredmedia":[{"embeddable":true,"href":"https:\/\/13.com.ar\/index.php\/wp-json\/wp\/v2\/media\/39077"}],"wp:attachment":[{"href":"https:\/\/13.com.ar\/index.php\/wp-json\/wp\/v2\/media?parent=39076"}],"wp:term":[{"taxonomy":"category","embeddable":true,"href":"https:\/\/13.com.ar\/index.php\/wp-json\/wp\/v2\/categories?post=39076"},{"taxonomy":"post_tag","embeddable":true,"href":"https:\/\/13.com.ar\/index.php\/wp-json\/wp\/v2\/tags?post=39076"}],"curies":[{"name":"wp","href":"https:\/\/api.w.org\/{rel}","templated":true}]}}