{"id":39072,"date":"2025-07-03T09:30:30","date_gmt":"2025-07-03T12:30:30","guid":{"rendered":"https:\/\/13.com.ar\/index.php\/abrieron-una-ventanilla-para-hombres-maltratados\/"},"modified":"2025-07-03T09:30:30","modified_gmt":"2025-07-03T12:30:30","slug":"abrieron-una-ventanilla-para-hombres-maltratados","status":"publish","type":"post","link":"https:\/\/13.com.ar\/index.php\/abrieron-una-ventanilla-para-hombres-maltratados\/","title":{"rendered":"abrieron una &#8220;ventanilla para hombres maltratados&#8221;"},"content":{"rendered":"<p> <br \/>\n<br \/><img decoding=\"async\" src=\"https:\/\/13.com.ar\/wp-content\/uploads\/2025\/07\/abrieron-una-ventanilla-para-hombres-maltratados.jpg\" \/><\/p>\n<div id=\"element-body-0\">\n<p>La apertura de <strong>&#8220;una ventanilla de escucha para hombres maltratados&#8221;<\/strong> en el distrito VI de Roma, que cuenta con asistencia legal y apoyo psicol\u00f3gico y que ha sido impulsada por el partido de la primera ministra italiana, la ultraderechista Giorgia Meloni, <strong>ha recibido numerosos cr\u00edticas y desatado la pol\u00e9mica.<\/strong><\/p>\n<\/div>\n<div id=\"element-body-1\">\n<p>La iniciativa de Nicola Franco, responsable del distrito localizado en la periferia este de la capital y el \u00fanico liderado por Hermanos de Italia, la formaci\u00f3n de Meloni, prev\u00e9 la implementaci\u00f3n de una sala abierta un d\u00eda a la semana para ofrecer ayuda a <strong>hombres que sufren violencia psicol\u00f3gica<\/strong>, explican los medios locales.<\/p>\n<\/div>\n<div id=\"element-body-2\">\n<p>El objetivo es &#8220;alentar a los hombres a denunciar y proporcionar herramientas para afrontar traumas que a menudo se silencian por verg\u00fcenza o miedo al juicio social&#8221;, seg\u00fan se indica en una resoluci\u00f3n aprobada recientemente entre las cr\u00edticas de la oposici\u00f3n, que ha instado a <strong>su revocaci\u00f3n inmediata.<\/strong><\/p>\n<\/div>\n<div id=\"element-body-4\">\n<p>La controversia ha surgido por su referencia expl\u00edcita al concepto de &#8220;alienaci\u00f3n parental&#8221;, una noci\u00f3n jur\u00eddica y psicol\u00f3gica fuertemente cuestionada por la comunidad cient\u00edfica y por asociaciones que trabajan en la lucha contra la violencia de g\u00e9nero.<\/p>\n<\/div>\n<div id=\"element-body-6\">\n<p>La presidenta de la Asamblea de la capital, Svetlana Celli, del Partido Dem\u00f3crata (PD), ya ha pedido la anulaci\u00f3n de una &#8220;iniciativa absurda&#8221; que &#8220;corre el riesgo de legitimar narrativas que <strong>culpabilizan a las v\u00edctimas<\/strong> y debilitan las protecciones para las mujeres que denuncian&#8221;.<\/p>\n<\/div>\n<div id=\"element-body-7\">\n<p>Mientras que Monica Lucarelli, concejal de Igualdad de Oportunidades del Ayuntamiento de Roma, calific\u00f3 la resoluci\u00f3n como &#8220;un acto pol\u00edtico e ideol\u00f3gico de extrema gravedad&#8221; que viola el documento sobre la lucha contra la violencia machista presentado por el Gobierno de Meloni en noviembre de 2024.<\/p>\n<\/div>\n<div id=\"element-body-9\">\n<p>Lucarelli record\u00f3 que ese documento descarta expresamente la alienaci\u00f3n parental como un concepto v\u00e1lido, se\u00f1alando que ha sido utilizado para <strong>desacreditar a mujeres <\/strong>que denuncian violencia y justificar la retirada de custodia de sus hijos y pidi\u00f3 a Meloni que intervenga &#8220;con claridad&#8221; sobre el asunto.<\/p>\n<\/div>\n<div id=\"element-body-10\">\n<p>Tambi\u00e9n algunas asociaciones feministas han criticado la medida, como &#8220;Differenza Donna&#8221;, que expres\u00f3 &#8220;consternaci\u00f3n y firme condena&#8221; por un &#8220;intento institucional de invertir la realidad&#8221;.<\/p>\n<\/div>\n<div id=\"element-body-11\">\n<p>Franco, por su parte, rechaz\u00f3 las acusaciones, calific\u00e1ndolas de &#8220;locura ideol\u00f3gica&#8221; y afirmando que el fen\u00f3meno del maltrato masculino est\u00e1 <strong>&#8220;subestimado y subdimensionado&#8221;.<\/strong><\/p>\n<\/div>\n<div id=\"element-body-12\">\n<p>&#8220;La ventanilla es un servicio a la persona que no excluye el trabajo que hay que hacer para proteger a las mujeres y contra la violencia de g\u00e9nero. Somos una instituci\u00f3n y debemos ocuparnos de las personas. Ante todo&#8221;, dijo. <\/p>\n<\/div>\n<p><br \/>\n<br \/><a href=\"https:\/\/www.clarin.com\/viste\/polemica-roma-abrieron-ventanilla-hombres-maltratados_0_ljuOuIZp3f.html\">Fuente Clarin.com <\/a><\/p>\n","protected":false},"excerpt":{"rendered":"<p>La apertura de &#8220;una ventanilla de escucha para hombres maltratados&#8221; en el distrito VI de Roma, que cuenta con asistencia legal y apoyo psicol\u00f3gico y que ha sido impulsada por el partido de la primera ministra italiana, la ultraderechista Giorgia Meloni, ha recibido numerosos cr\u00edticas y desatado la pol\u00e9mica. La iniciativa de Nicola Franco, responsable [&hellip;]<\/p>\n","protected":false},"author":1,"featured_media":39073,"comment_status":"open","ping_status":"open","sticky":false,"template":"","format":"standard","meta":{"footnotes":""},"categories":[2],"tags":[12197,2009,22829,16,73,21618],"class_list":["post-39072","post","type-post","status-publish","format-standard","has-post-thumbnail","hentry","category-ultimas-noticias","tag-abrieron","tag-hombres","tag-maltratados","tag-para","tag-una","tag-ventanilla"],"_links":{"self":[{"href":"https:\/\/13.com.ar\/index.php\/wp-json\/wp\/v2\/posts\/39072","targetHints":{"allow":["GET"]}}],"collection":[{"href":"https:\/\/13.com.ar\/index.php\/wp-json\/wp\/v2\/posts"}],"about":[{"href":"https:\/\/13.com.ar\/index.php\/wp-json\/wp\/v2\/types\/post"}],"author":[{"embeddable":true,"href":"https:\/\/13.com.ar\/index.php\/wp-json\/wp\/v2\/users\/1"}],"replies":[{"embeddable":true,"href":"https:\/\/13.com.ar\/index.php\/wp-json\/wp\/v2\/comments?post=39072"}],"version-history":[{"count":0,"href":"https:\/\/13.com.ar\/index.php\/wp-json\/wp\/v2\/posts\/39072\/revisions"}],"wp:featuredmedia":[{"embeddable":true,"href":"https:\/\/13.com.ar\/index.php\/wp-json\/wp\/v2\/media\/39073"}],"wp:attachment":[{"href":"https:\/\/13.com.ar\/index.php\/wp-json\/wp\/v2\/media?parent=39072"}],"wp:term":[{"taxonomy":"category","embeddable":true,"href":"https:\/\/13.com.ar\/index.php\/wp-json\/wp\/v2\/categories?post=39072"},{"taxonomy":"post_tag","embeddable":true,"href":"https:\/\/13.com.ar\/index.php\/wp-json\/wp\/v2\/tags?post=39072"}],"curies":[{"name":"wp","href":"https:\/\/api.w.org\/{rel}","templated":true}]}}