{"id":3899,"date":"2025-02-11T13:37:31","date_gmt":"2025-02-11T16:37:31","guid":{"rendered":"https:\/\/13.com.ar\/index.php\/pablo-solari-fue-presentado-en-el-spartak-moscu-y-river-puede-sumar-otro-refuerzo\/"},"modified":"2025-02-11T13:37:31","modified_gmt":"2025-02-11T16:37:31","slug":"pablo-solari-fue-presentado-en-el-spartak-moscu-y-river-puede-sumar-otro-refuerzo","status":"publish","type":"post","link":"https:\/\/13.com.ar\/index.php\/pablo-solari-fue-presentado-en-el-spartak-moscu-y-river-puede-sumar-otro-refuerzo\/","title":{"rendered":"Pablo Solari fue presentado en el Spartak Mosc\u00fa y River puede sumar otro refuerzo"},"content":{"rendered":"<p> <br \/>\n<br \/><img decoding=\"async\" src=\"https:\/\/13.com.ar\/wp-content\/uploads\/2025\/02\/Pablo-Solari-fue-presentado-en-el-Spartak-Moscu-y-River.jpg\" \/><\/p>\n<div>\n<p>El Spartak Mosc\u00fa oficializ\u00f3 este martes la incorporaci\u00f3n del delantero argentino <strong>Pablo Solari<\/strong>. El exfutbolista de<strong> River Plate<\/strong> firm\u00f3 contrato hasta junio de 2029 con el club ruso y llevar\u00e1 el n\u00famero 7 en su camiseta. Con su salida, el Millonario obtiene otro cupo para reforzar el equipo de Marcelo Gallardo antes del 12 de marzo, fecha l\u00edmite establecida por la AFA.<\/p>\n<\/div>\n<div>\n<p><em>&#8220;Hola fan\u00e1ticos del Spartak. Ya estoy en casa. Muy contento de estar ac\u00e1 y espero darles muchas alegr\u00edas&#8221;<\/em>, fueron las primeras palabras de Pablo Solari como jugador de Spartak Mosc\u00fa. La transferecia de Solari al conjunto ruso se cerr\u00f3 en 12 millones de euros incluidos los bonos. El club de Nu\u00f1ez pose\u00eda el 60% del pase, mientras que el 40% restante se distribu\u00eda entre Colo Colo (30%) y Talleres (10%).<\/p>\n<\/div>\n<div>\n<p>El exdelantero de River Plate se despidi\u00f3 de sus compa\u00f1eros en la noche del partido ante Instituto en el Monumental antes de partir rumbo a Rusia. Tras varios tr\u00e1mites, Solari firm\u00f3 por cuatro temporadas y media con el Spartak Mosc\u00fa. Nacido en Arizona, Provincia de San Luis, el jugador convirti\u00f3 46 goles y 28 asistencias en 181 partidos con River, entre los que se destacan el gol de octavos de la Copa Libertadores ante Inter de Porto Alegre, un tanto ante Boca de local y el gol en la final de la Supercopa Argentina contra Estudiantes.<\/p>\n<\/div>\n<div>\n<p>Sin embargo, el extremo altern\u00f3 momentos buenos y malos y nunca logr\u00f3 consolidarse como titular en el equipo. Sus actuaciones m\u00e1s memorables llegaron cuando ingresaba en los segundos tiempos desde el banco. A pesar de su velocidad y habilidad para eludir rivales, el delantero no lograba resolver con eficacia en los metros finales del arco rival.<\/p>\n<\/div>\n<div>\n<p>Pablo Solari no estar\u00e1 solo, ya que se reencontr\u00f3 con un viejo conocido: <strong>Esequiel Barco<\/strong>, quien se uni\u00f3 al club ruso a mitad del a\u00f1o pasado. Adem\u00e1s, compartir\u00e1 vestuario con el paraguayo Jes\u00fas Medina y al costarricense, Manfred Ugalde, actual goleador del campeonato ruso con 15 goles.<\/p>\n<\/div>\n<div>\n<p>Bajo la direcci\u00f3n de su entrenador serbio, Dejan Stankovic, el Spartak Mosc\u00fa planea formar un equipo altamente competitivo. La semana pasada, incorpor\u00f3 al delantero trinitense Levi Garc\u00eda, quien firm\u00f3 hasta 2028 y jugaba en el AEK Atenas desde 2020. Actualmente, el Spartak ocupa el tercer lugar en la tabla de la Liga de Rusia, a solo dos puntos de los l\u00edderes, Krasnodar y Zenit.<\/p>\n<\/div>\n<p><br \/>\n<br \/><a href=\"https:\/\/www.clarin.com\/deportes\/pablo-solari-presentado-spartak-moscu-river-puede-sumar-refuerzo_0_Qqan9VgpBJ.html\">Fuente Clarin.com <\/a><\/p>\n","protected":false},"excerpt":{"rendered":"<p>El Spartak Mosc\u00fa oficializ\u00f3 este martes la incorporaci\u00f3n del delantero argentino Pablo Solari. El exfutbolista de River Plate firm\u00f3 contrato hasta junio de 2029 con el club ruso y llevar\u00e1 el n\u00famero 7 en su camiseta. Con su salida, el Millonario obtiene otro cupo para reforzar el equipo de Marcelo Gallardo antes del 12 de [&hellip;]<\/p>\n","protected":false},"author":1,"featured_media":3900,"comment_status":"open","ping_status":"open","sticky":false,"template":"","format":"standard","meta":{"footnotes":""},"categories":[2],"tags":[105,5933,366,5929,5931,136,458,595,5930,5932,5496],"class_list":["post-3899","post","type-post","status-publish","format-standard","has-post-thumbnail","hentry","category-ultimas-noticias","tag-fue","tag-moscu","tag-otro","tag-pablo","tag-presentado","tag-puede","tag-refuerzo","tag-river","tag-solari","tag-spartak","tag-sumar"],"_links":{"self":[{"href":"https:\/\/13.com.ar\/index.php\/wp-json\/wp\/v2\/posts\/3899","targetHints":{"allow":["GET"]}}],"collection":[{"href":"https:\/\/13.com.ar\/index.php\/wp-json\/wp\/v2\/posts"}],"about":[{"href":"https:\/\/13.com.ar\/index.php\/wp-json\/wp\/v2\/types\/post"}],"author":[{"embeddable":true,"href":"https:\/\/13.com.ar\/index.php\/wp-json\/wp\/v2\/users\/1"}],"replies":[{"embeddable":true,"href":"https:\/\/13.com.ar\/index.php\/wp-json\/wp\/v2\/comments?post=3899"}],"version-history":[{"count":0,"href":"https:\/\/13.com.ar\/index.php\/wp-json\/wp\/v2\/posts\/3899\/revisions"}],"wp:featuredmedia":[{"embeddable":true,"href":"https:\/\/13.com.ar\/index.php\/wp-json\/wp\/v2\/media\/3900"}],"wp:attachment":[{"href":"https:\/\/13.com.ar\/index.php\/wp-json\/wp\/v2\/media?parent=3899"}],"wp:term":[{"taxonomy":"category","embeddable":true,"href":"https:\/\/13.com.ar\/index.php\/wp-json\/wp\/v2\/categories?post=3899"},{"taxonomy":"post_tag","embeddable":true,"href":"https:\/\/13.com.ar\/index.php\/wp-json\/wp\/v2\/tags?post=3899"}],"curies":[{"name":"wp","href":"https:\/\/api.w.org\/{rel}","templated":true}]}}