{"id":3895,"date":"2025-02-11T13:31:30","date_gmt":"2025-02-11T16:31:30","guid":{"rendered":"https:\/\/13.com.ar\/index.php\/entraron-a-una-panaderia-le-apuntaron-a-la-empleada-y-escaparon-en-la-camioneta-del-repartidor\/"},"modified":"2025-02-11T13:31:30","modified_gmt":"2025-02-11T16:31:30","slug":"entraron-a-una-panaderia-le-apuntaron-a-la-empleada-y-escaparon-en-la-camioneta-del-repartidor","status":"publish","type":"post","link":"https:\/\/13.com.ar\/index.php\/entraron-a-una-panaderia-le-apuntaron-a-la-empleada-y-escaparon-en-la-camioneta-del-repartidor\/","title":{"rendered":"entraron a una panader\u00eda, le apuntaron a la empleada y escaparon en la camioneta del repartidor"},"content":{"rendered":"<p> <br \/>\n<\/p>\n<div id=\"cuerpo\">\n<div class=\"sc-80531b6b-0 chRIGJ container-text text-embed\">\n<p><strong>Dos delincuentes entraron a robar a una panader\u00eda en Ituzaing\u00f3<\/strong>, le apuntaron con un arma a una mujer y se llevaron el poco dinero que hab\u00eda en la caja registradora, adem\u00e1s del celular de la empleada y la camioneta de un repartidor. Los dos terminaron detenidos.<\/p>\n<\/div>\n<div class=\"sc-80531b6b-0 chRIGJ container-text text-embed\">\n<p>El hecho ocurri\u00f3 el domingo por la ma\u00f1ana en Martino\u2019s Bakery, una panader\u00eda ubicada en avenida Ratti al 2600. All\u00ed entraron dos hombres, que luego lograron ser identificados como Sebasti\u00e1n Jos\u00e9 Ayala Acevedo y Mart\u00edn Ezequiel Ver\u00f3n.<\/p>\n<\/div>\n<div class=\"sc-80531b6b-0 chRIGJ container-text text-embed\">\n<p>El momento del robo qued\u00f3 registrado por la c\u00e1mara de seguridad del local. En el video se puede ver a los dos ladrones llegando al local. Uno de ellos saca un arma y se dirige a la empleada que estaba de espaldas. Al notar que se trataba de un robo, la mujer intent\u00f3 alejarse del atacante, pero \u00e9l la sigui\u00f3.<\/p>\n<\/div>\n<div class=\"sc-80531b6b-0 chRIGJ container-text text-embed\">\n<p>Por otro lado, su c\u00f3mplice se acerc\u00f3 a la caja registradora y sac\u00f3 el poco dinero que hab\u00eda en ese momento. Tambi\u00e9n agarr\u00f3 el celular de la mujer. Acto seguido, tambi\u00e9n a punta de pistola, le sac\u00f3 las pertenencias al hombre que en ese momento repart\u00eda la mercader\u00eda en la panader\u00eda, que estaba en el fondo del local.<\/p>\n<\/div>\n<div class=\"sc-80531b6b-0 chRIGJ container-text text-embed\">\n<p>Seg\u00fan confirm\u00f3 el repartidor al medio <em>Primer Plano<\/em>, le robaron 20 mil pesos en efectivo y las llaves de su camioneta Peugeot Partner.<\/p>\n<\/div>\n<div class=\"sc-198be8ec-0 cynXbu image-embed  image-embed \"><picture class=\"sc-198be8ec-1 kOjRiQ\"><source media=\"(min-width: 975px)\" width=\"720\" height=\"480\" \/><img alt=\"El momento de la entrada del primer delincuente armado.\" loading=\"lazy\" width=\"720\" height=\"480\" decoding=\"async\" data-nimg=\"1\" style=\"color:transparent\" src=\"https:\/\/13.com.ar\/wp-content\/uploads\/2025\/02\/entraron-a-una-panaderia-le-apuntaron-a-la-empleada-y.jpg\"\/><span class=\"epigraphe\">El momento de la entrada del primer delincuente armado.<\/span><span class=\"bkg\"\/><span class=\"picture-open\"><button class=\"open-image\" aria-label=\"Open Image\"\/><\/span><\/picture><\/div>\n<div class=\"sc-80531b6b-0 chRIGJ container-text text-embed\">\n<p>Despu\u00e9s de cometer el robo y amenazar a las v\u00edctimas, los dos delincuentes se fugaron. Sin embargo, <strong>el escape no les dur\u00f3 mucho <\/strong>porque el due\u00f1o de la camioneta avis\u00f3 inmediatamente al 911 para denunciar lo que hab\u00eda ocurrido.<\/p>\n<\/div>\n<div class=\"sc-80531b6b-0 chRIGJ container-text text-embed\">\n<p>La Polic\u00eda activ\u00f3 el operativo de b\u00fasqueda y, a pocas cuadras del lugar, cerraron los caminos de escape. Al estar encerrados, los asaltantes<strong> se bajaron de la camioneta para intentar huir a pie<\/strong>. Corrieron en diferentes direcciones y entraron en dos domicilios: uno en Perdomo al 2000 y otro sobre Portugal al 3600. Finalmente, ambos lograron ser detenidos.<\/p>\n<\/div>\n<div class=\"sc-80531b6b-0 chRIGJ container-text text-embed\">\n<p>El fiscal Marcelo Tavolaro, de la fiscal\u00eda Descentralizada N\u00b01 de Ituzaing\u00f3, solicit\u00f3 las detenciones de ambos al juez de Garant\u00edas Gustavo Robles, por los delitos de <em>&#8220;robo agravado por el uso de arma de fuego&#8221;<\/em> y <em>&#8220;violaci\u00f3n de domicilio reiterada en dos hechos&#8221;.<\/em><\/p>\n<\/div>\n<p><h2>Otra vez, Ituzaing\u00f3<\/h2>\n<\/p>\n<div class=\"sc-80531b6b-0 chRIGJ container-text text-embed\">\n<p>Este acontecimiento ocurre una semana despu\u00e9s de un robo millonario en Ituzaing\u00f3. Una mujer necesitaba sacar 23 millones del banco, asisti\u00f3 el jueves para realizar la transacci\u00f3n, pero los empleados le dijeron que regresara el viernes. Cuando lleg\u00f3 ese d\u00eda, pudo retirar el dinero, se dirigi\u00f3 a su pyme, estacion\u00f3 en la puerta y baj\u00f3 del auto.<\/p>\n<\/div>\n<div class=\"sc-80531b6b-0 chRIGJ container-text text-embed\">\n<p>Al agarrar el bolso de dinero, dos motochorros se le acercaron y le arrancaron el bolso de la mano. Tambi\u00e9n le sacaron su computadora y sus documentos. La situaci\u00f3n fue muy r\u00e1pida y dur\u00f3 menos de 10 segundos, pero todo qued\u00f3 registrado por las c\u00e1maras de seguridad.<\/p>\n<\/div>\n<div class=\"sc-80531b6b-0 chRIGJ container-text text-embed\">\n<p>Las autoridades todav\u00eda estaban investigando el hecho para saber si hubo complicidad por parte de los empleados del banco que la hicieron ir un d\u00eda despu\u00e9s de su pedido, pero sobretodo para poder identificar a los criminales y detenerlos.<\/p>\n<\/div>\n<div class=\"sc-ad4aedf2-0 dPPgNJ border-video video-embed horizontal border-video video-embed horizontal\">\n<div class=\"sc-ad4aedf2-1 hnFuni videoText videoText\">\n<h2>Video<\/h2>\n<p>Sac\u00f3 23 millones de pesos del banco, volvi\u00f3 a su casa y motochorros le arrancaron el bolso con dinero<\/p>\n<\/div>\n<\/div>\n<\/div>\n<p><br \/>\n<br \/><a href=\"https:\/\/www.clarin.com\/policiales\/ituzaingo-entraron-panaderia-apuntaron-empleada-escaparon-camioneta-repartidor_0_xB901o3Iqq.html\">Fuente Clarin.com <\/a><\/p>\n","protected":false},"excerpt":{"rendered":"<p>Dos delincuentes entraron a robar a una panader\u00eda en Ituzaing\u00f3, le apuntaron con un arma a una mujer y se llevaron el poco dinero que hab\u00eda en la caja registradora, adem\u00e1s del celular de la empleada y la camioneta de un repartidor. Los dos terminaron detenidos. El hecho ocurri\u00f3 el domingo por la ma\u00f1ana en [&hellip;]<\/p>\n","protected":false},"author":1,"featured_media":3896,"comment_status":"open","ping_status":"open","sticky":false,"template":"","format":"standard","meta":{"footnotes":""},"categories":[2],"tags":[5924,921,100,5457,5922,3993,5923,5925,73],"class_list":["post-3895","post","type-post","status-publish","format-standard","has-post-thumbnail","hentry","category-ultimas-noticias","tag-apuntaron","tag-camioneta","tag-del","tag-empleada","tag-entraron","tag-escaparon","tag-panaderia","tag-repartidor","tag-una"],"_links":{"self":[{"href":"https:\/\/13.com.ar\/index.php\/wp-json\/wp\/v2\/posts\/3895","targetHints":{"allow":["GET"]}}],"collection":[{"href":"https:\/\/13.com.ar\/index.php\/wp-json\/wp\/v2\/posts"}],"about":[{"href":"https:\/\/13.com.ar\/index.php\/wp-json\/wp\/v2\/types\/post"}],"author":[{"embeddable":true,"href":"https:\/\/13.com.ar\/index.php\/wp-json\/wp\/v2\/users\/1"}],"replies":[{"embeddable":true,"href":"https:\/\/13.com.ar\/index.php\/wp-json\/wp\/v2\/comments?post=3895"}],"version-history":[{"count":0,"href":"https:\/\/13.com.ar\/index.php\/wp-json\/wp\/v2\/posts\/3895\/revisions"}],"wp:featuredmedia":[{"embeddable":true,"href":"https:\/\/13.com.ar\/index.php\/wp-json\/wp\/v2\/media\/3896"}],"wp:attachment":[{"href":"https:\/\/13.com.ar\/index.php\/wp-json\/wp\/v2\/media?parent=3895"}],"wp:term":[{"taxonomy":"category","embeddable":true,"href":"https:\/\/13.com.ar\/index.php\/wp-json\/wp\/v2\/categories?post=3895"},{"taxonomy":"post_tag","embeddable":true,"href":"https:\/\/13.com.ar\/index.php\/wp-json\/wp\/v2\/tags?post=3895"}],"curies":[{"name":"wp","href":"https:\/\/api.w.org\/{rel}","templated":true}]}}