{"id":3882,"date":"2025-02-11T12:34:37","date_gmt":"2025-02-11T15:34:37","guid":{"rendered":"https:\/\/13.com.ar\/index.php\/werthein-hablo-con-marco-rubio-a-pocos-dias-de-la-visita-de-javier-milei-a-estados-unidos-y-se-comprometieron-a-trabajar-por-una-alianza-mas-fuerte-y-estrecha\/"},"modified":"2025-02-11T12:34:37","modified_gmt":"2025-02-11T15:34:37","slug":"werthein-hablo-con-marco-rubio-a-pocos-dias-de-la-visita-de-javier-milei-a-estados-unidos-y-se-comprometieron-a-trabajar-por-una-alianza-mas-fuerte-y-estrecha","status":"publish","type":"post","link":"https:\/\/13.com.ar\/index.php\/werthein-hablo-con-marco-rubio-a-pocos-dias-de-la-visita-de-javier-milei-a-estados-unidos-y-se-comprometieron-a-trabajar-por-una-alianza-mas-fuerte-y-estrecha\/","title":{"rendered":"Werthein habl\u00f3 con Marco Rubio a pocos d\u00edas de la visita de Javier Milei a Estados Unidos y se comprometieron a trabajar por una alianza \u201cm\u00e1s fuerte y estrecha\u201d"},"content":{"rendered":"<p> <br \/>\n<br \/><img decoding=\"async\" src=\"https:\/\/13.com.ar\/wp-content\/uploads\/2025\/02\/Milei-volveria-la-semana-proxima-a-Washington-para-afianzar-su.jpg\" \/><\/p>\n<div id=\"cuerpo\">\n<div class=\"sc-80531b6b-0 chRIGJ container-text text-embed\">\n<p>El canciller Gerardo Werthein convers\u00f3 con el Secretario de Estado estadounidense Marco Rubio, en una llamada telef\u00f3nica en la que abogaron por una <strong>alianza estrat\u00e9gica &#8220;m\u00e1s fuerte y estrecha&#8221; entre ambos pa\u00edses<\/strong> y que incluy\u00f3 temas como la defensa de la democracia en Cuba, Venezuela y Nicaragua y el avance de China en la regi\u00f3n, a pocos d\u00edas de que el presidente Javier Milei vuelva a visitar Estados Unidos y tenga un posible encuentro con Donald Trump.<\/p>\n<\/div>\n<div class=\"sc-80531b6b-0 chRIGJ container-text text-embed\">\n<p>La llamada sucedi\u00f3 el lunes, mientras Werthein se encuentra de viaje en Arabia Saudita y fue <strong>justo el d\u00eda en que Trump firm\u00f3 el decreto que impone un 25% de aranceles al acero y al aluminio<\/strong> que importa Estados Unidos, una decisi\u00f3n que perjudica las exportaciones de Argentina, aunque no se abord\u00f3 este delicado tema, seg\u00fan dijo el Departamento de Estado.<\/p>\n<\/div>\n<div class=\"sc-80531b6b-0 chRIGJ container-text text-embed\">\n<p>En su primer mandato, Trump ya hab\u00eda impuesto aranceles sobre estos dos metales estrat\u00e9gicos argumentando una cuesti\u00f3n de seguridad nacional, aunque en realidad era para frenar la influencia china. Pero muchos otros pa\u00edses resultaron perjudicados como Canad\u00e1, M\u00e9xico, Brasil y Argentina, entre otros. <\/p>\n<\/div>\n<div class=\"sc-80531b6b-0 chRIGJ container-text text-embed\">\n<p>Entonces el gobierno de Mauricio Macri, que ten\u00eda una buena relaci\u00f3n personal con Trump, <strong>comenz\u00f3 una dura negociaci\u00f3n para conseguir una excepci\u00f3n a esta medid<\/strong>a, que finalmente logr\u00f3 ser amortiguada, pero con instalaci\u00f3n de cuotas.<\/p>\n<\/div>\n<div class=\"sc-80531b6b-0 chRIGJ container-text text-embed\">\n<p>Aunque sucedi\u00f3 el mismo d\u00eda, no se habl\u00f3 del tema del acero y el aluminio, seg\u00fan el Departamento de Estado, que dijo que se ratific\u00f3 la alianza con el gobierno argentino en temas clave de seguridad, democracia y derechos humanos.<\/p>\n<\/div>\n<div class=\"sc-80531b6b-0 chRIGJ container-text text-embed\">\n<p>\u201cEl Secretario Rubio dio la bienvenida a la actual asociaci\u00f3n con Argentina en prioridades de seguridad compartidas en la regi\u00f3n, incluida la lucha contra las organizaciones transnacionales, la lucha contra las actividades il\u00edcitas de grupos terroristas, la seguridad de las telecomunicaciones, la colaboraci\u00f3n espacial y la detenci\u00f3n del tr\u00e1fico de drogas sint\u00e9ticas como el fentanilo.\u201d, dijo la portavoz de la canciller\u00eda estadounidense Tammy Bruce, en un comunicado.<\/p>\n<\/div>\n<div class=\"sc-80531b6b-0 chRIGJ container-text text-embed\">\n<p>Adem\u00e1s, se\u00f1alaron que los funcionarios \u201cdiscutieron las oportunidades para defender la democracia y los derechos humanos y contra los reg\u00edmenes criminales en Cuba, Nicaragua y Venezuela. Ambos l\u00edderes subrayaron el apoyo a los ciudadanos de estos pa\u00edses frente a la opresi\u00f3n patrocinada por el Estado y la influencia maligna de actores extrarregionales\u201d.<\/p>\n<\/div>\n<div class=\"sc-80531b6b-0 chRIGJ container-text text-embed\">\n<p>Los funcionarios ratificaron la buena sinton\u00eda entre ambos gobiernos. Werthein ya se hab\u00eda encontrado con Rubio en una de las galas organizadas en Washington el d\u00eda de la asunci\u00f3n de Trump y se hab\u00edan sacado una foto juntos. <\/p>\n<\/div>\n<div class=\"sc-80531b6b-0 chRIGJ container-text text-embed\">\n<p>\u201cEl secretario Rubio y el canciller Werthein <strong>se comprometieron a construir una relaci\u00f3n diplom\u00e1tica m\u00e1s fuerte y estrecha <\/strong>entre Estados Unidos y Argentina, basada en valores e intereses compartidos\u201d, se\u00f1al\u00f3 el comunicado. Desde canciller\u00eda no hicieron comentarios sobre la comunicaci\u00f3n.<\/p>\n<\/div>\n<div class=\"sc-80531b6b-0 chRIGJ container-text text-embed\">\n<p>La llamada sucede tambi\u00e9n poco antes de la pr\u00f3xima visita del presidente Milei a Washington, donde llegar\u00eda el 20 de febrero, a la cita anual de la conferencia conservadora CEPAC en esta capital, donde el l\u00edder argentino ser\u00e1 uno de los oradores principales junto con el propio Trump.<\/p>\n<\/div>\n<div class=\"sc-80531b6b-0 chRIGJ container-text text-embed\">\n<p>M\u00e1s all\u00e1 de alg\u00fan encuentro que pueda suceder entre bambalinas en los m\u00e1rgenes de la conferencia, Milei busca que el presidente de Estados Unidos lo reciba en la Casa Blanca. El argentino busca ser el primero de la regi\u00f3n que visita la mansi\u00f3n presidencial, un gesto que ser\u00eda importante para ratificar la alianza que ambos han mantenido incluso desde que el republicano fuera elegido presidente.<\/p>\n<\/div>\n<div class=\"sc-80531b6b-0 chRIGJ container-text text-embed\">\n<p>Adem\u00e1s, ser\u00eda una ocasi\u00f3n inigualable para que Milei pueda pedir a Trump salir de la lista de los \u201ccastigados\u201d por el acero y el aluminio. El a\u00f1o pasado Aluar export\u00f3 por US$530 millones y las colocaciones de acero a EE.UU. por parte de Tenaris sumaron unos US$112. Ambos grupos esperan definiciones sobre el futuro de sus productos en este mercado.<\/p>\n<\/div>\n<\/div>\n<p><br \/>\n<br \/><a href=\"https:\/\/www.clarin.com\/politica\/werthein-hablo-marco-rubio-pocos-dias-visita-javier-milei-estados-unidos-comprometieron-trabajar-alianza-fuerte-estrecha_0_ZUPUPnbmDn.html\">Fuente Clarin.com <\/a><\/p>\n","protected":false},"excerpt":{"rendered":"<p>El canciller Gerardo Werthein convers\u00f3 con el Secretario de Estado estadounidense Marco Rubio, en una llamada telef\u00f3nica en la que abogaron por una alianza estrat\u00e9gica &#8220;m\u00e1s fuerte y estrecha&#8221; entre ambos pa\u00edses y que incluy\u00f3 temas como la defensa de la democracia en Cuba, Venezuela y Nicaragua y el avance de China en la regi\u00f3n, [&hellip;]<\/p>\n","protected":false},"author":1,"featured_media":1620,"comment_status":"open","ping_status":"open","sticky":false,"template":"","format":"standard","meta":{"footnotes":""},"categories":[2],"tags":[1817,5909,18,500,1737,5910,624,347,273,1992,155,77,1680,142,5908,3681,73,1738,1435,5907],"class_list":["post-3882","post","type-post","status-publish","format-standard","has-post-thumbnail","hentry","category-ultimas-noticias","tag-alianza","tag-comprometieron","tag-con","tag-dias","tag-estados","tag-estrecha","tag-fuerte","tag-hablo","tag-javier","tag-marco","tag-mas","tag-milei","tag-pocos","tag-por","tag-rubio","tag-trabajar","tag-una","tag-unidos","tag-visita","tag-werthein"],"_links":{"self":[{"href":"https:\/\/13.com.ar\/index.php\/wp-json\/wp\/v2\/posts\/3882","targetHints":{"allow":["GET"]}}],"collection":[{"href":"https:\/\/13.com.ar\/index.php\/wp-json\/wp\/v2\/posts"}],"about":[{"href":"https:\/\/13.com.ar\/index.php\/wp-json\/wp\/v2\/types\/post"}],"author":[{"embeddable":true,"href":"https:\/\/13.com.ar\/index.php\/wp-json\/wp\/v2\/users\/1"}],"replies":[{"embeddable":true,"href":"https:\/\/13.com.ar\/index.php\/wp-json\/wp\/v2\/comments?post=3882"}],"version-history":[{"count":0,"href":"https:\/\/13.com.ar\/index.php\/wp-json\/wp\/v2\/posts\/3882\/revisions"}],"wp:featuredmedia":[{"embeddable":true,"href":"https:\/\/13.com.ar\/index.php\/wp-json\/wp\/v2\/media\/1620"}],"wp:attachment":[{"href":"https:\/\/13.com.ar\/index.php\/wp-json\/wp\/v2\/media?parent=3882"}],"wp:term":[{"taxonomy":"category","embeddable":true,"href":"https:\/\/13.com.ar\/index.php\/wp-json\/wp\/v2\/categories?post=3882"},{"taxonomy":"post_tag","embeddable":true,"href":"https:\/\/13.com.ar\/index.php\/wp-json\/wp\/v2\/tags?post=3882"}],"curies":[{"name":"wp","href":"https:\/\/api.w.org\/{rel}","templated":true}]}}