{"id":3880,"date":"2025-02-11T12:25:39","date_gmt":"2025-02-11T15:25:39","guid":{"rendered":"https:\/\/13.com.ar\/index.php\/el-papa-de-un-gendarme-le-reclamo-a-bullrich-y-ella-le-prometio-un-plan-procrear-pero-milei-lo-cerro-el-ano-pasado\/"},"modified":"2025-02-11T12:25:39","modified_gmt":"2025-02-11T15:25:39","slug":"el-papa-de-un-gendarme-le-reclamo-a-bullrich-y-ella-le-prometio-un-plan-procrear-pero-milei-lo-cerro-el-ano-pasado","status":"publish","type":"post","link":"https:\/\/13.com.ar\/index.php\/el-papa-de-un-gendarme-le-reclamo-a-bullrich-y-ella-le-prometio-un-plan-procrear-pero-milei-lo-cerro-el-ano-pasado\/","title":{"rendered":"El pap\u00e1 de un gendarme le reclam\u00f3 a Bullrich y ella le prometi\u00f3 un plan Procrear, pero Milei lo cerr\u00f3 el a\u00f1o pasado"},"content":{"rendered":"<p> <br \/>\n<br \/><img decoding=\"async\" src=\"https:\/\/13.com.ar\/wp-content\/uploads\/2025\/02\/El-papa-de-un-gendarme-le-reclamo-a-Bullrich-y.jpg\" \/><\/p>\n<div id=\"cuerpo\">\n<div class=\"sc-80531b6b-0 chRIGJ container-text text-embed\">\n<p>La ministra de Seguridad, <strong>Patricia Bullrich<\/strong>, fue este lunes a Salta para poner en marcha la construcci\u00f3n del alambrado en la frontera entre Argentina y Bolivia y escuch\u00f3, con atenci\u00f3n, los reclamos de familiares de agentes de Gendarmer\u00eda, a quienes <strong>les prometi\u00f3 soluciones como el acceso a cr\u00e9ditos Procrea<\/strong>r, un programa que el gobierno de Javier Milei cerr\u00f3 el a\u00f1o pasado.<\/p>\n<\/div>\n<div class=\"sc-80531b6b-0 chRIGJ container-text text-embed\">\n<p>Fue instantes despu\u00e9s del acto en el que Bullrich particip\u00f3 en la colocaci\u00f3n del primer poste del alambrado junto al gobernador provincial, Gustavo S\u00e1enz. Angustiado, el padre de un gendarme le aseguraba que a su hijo no le alcanza &#8220;para comer&#8221; cuando paga el alquiler. <\/p>\n<\/div>\n<div class=\"sc-80531b6b-0 chRIGJ container-text text-embed\">\n<p>&#8220;Usted tiene que confiar. Estamos trabajando para darles planes Procrear&#8221;, le contest\u00f3 la funcionaria a ese hombre, quien le replic\u00f3 que \u00e9l no quer\u00eda planes.<\/p>\n<\/div>\n<div class=\"sc-80531b6b-0 chRIGJ container-text text-embed\">\n<p>La funcionaria insisti\u00f3: &#8220;Los planes Procrear <strong>son viviendas y le juro por Dios que estamos haciendo un esfuerzo enorme<\/strong>&#8220;.<\/p>\n<\/div>\n<div class=\"sc-80531b6b-0 chRIGJ container-text text-embed\">\n<p>En esa l\u00ednea, Bullrich precis\u00f3 que el Gobierno &#8220;hizo un esfuerzo del 5%&#8221;, en referencia al aumento salarial de marzo y detall\u00f3 que el incremento total es del 7,89%. &#8220;Hicimos un esfuerzo para todos ustedes, y estamos trabajando para que nos den viviendas&#8221;, insisti\u00f3.<\/p>\n<\/div>\n<div class=\"sc-106e49c0-0 dcVumd freeHtml-embed undefined\">\n<blockquote class=\"twitter-tweet\">\n<p lang=\"es\" dir=\"ltr\">El Decreto 70\/25 con firmas de <a rel=\"nofollow\" target=\"_blank\" href=\"https:\/\/twitter.com\/JMilei?ref_src=twsrc%5Etfw\">@JMilei<\/a> y <a rel=\"nofollow\" target=\"_blank\" href=\"https:\/\/twitter.com\/LuisCaputoAR?ref_src=twsrc%5Etfw\">@LuisCaputoAR<\/a> inaugura una serie de medidas que dimos en llamar la &#8220;Motosierra 2.0&#8221; y que el Presidente anticip\u00f3 hace unos d\u00edas. La Motosierra 2.0 consiste, ni m\u00e1s ni menos, en repasar la utilidad de cada \u00e1rea del Estado para discontinuar\u2026 <a rel=\"nofollow\" target=\"_blank\" href=\"https:\/\/t.co\/x4ZPqgnMgX\">pic.twitter.com\/x4ZPqgnMgX<\/a><\/p>\n<p>\u2014 Fede Sturzenegger (@fedesturze) <a rel=\"nofollow\" target=\"_blank\" href=\"https:\/\/twitter.com\/fedesturze\/status\/1889286285233181019?ref_src=twsrc%5Etfw\">February 11, 2025<\/a><\/p><\/blockquote>\n<\/div>\n<div class=\"sc-80531b6b-0 chRIGJ container-text text-embed\">\n<p>Esa afirmaci\u00f3n de Bullrich se choca con la decisi\u00f3n administrativa de cerrar el programa Procrear que el Gobierno oficializ\u00f3 el a\u00f1o pasado y que el propio ministro de Desregulaci\u00f3n, Federico Sturzenegger, celebr\u00f3 este martes al ratificar que, adem\u00e1s, se cerr\u00f3 la secretar\u00eda de H\u00e1bitat.<\/p>\n<\/div>\n<div class=\"sc-80531b6b-0 chRIGJ container-text text-embed\">\n<p>&#8220;Para resolver el problema habitacional de nuestro pa\u00eds, que lleva d\u00e9cadas y que los gobiernos anteriores no pudieron resolver, la soluci\u00f3n no es construir viviendas en lugares disfuncionales que, adem\u00e1s de ser programas que abren la puerta a la corrupci\u00f3n y al clientelismo pol\u00edtico, tienden a dejar a sus habitantes desconectados del mercado laboral&#8221;, sostuvo Sturzenegger en X para dar cuenta de una serie de medidas que llam\u00f3 &#8220;motosierra 2.0&#8221;. <\/p>\n<\/div>\n<div class=\"sc-80531b6b-0 chRIGJ container-text text-embed\">\n<p>Y en ese sentido apunt\u00f3: &#8220;Por eso <strong>el gobierno ya hab\u00eda cerrado el Procrear con el Decreto 1018\/24<\/strong>, y el Fondo Fiduciario para la Vivienda Social con el Decreto 6\/25, y hab\u00eda llevado a su m\u00ednima expresi\u00f3n el Fondo de Integraci\u00f3n Socio Urbana, todos mecanismos para transferir dinero a organizaciones pol\u00edticas afines al gobierno anterior&#8221;.<\/p>\n<\/div>\n<div class=\"sc-80531b6b-0 chRIGJ container-text text-embed\">\n<p>Ese decreto al que hace referencia Sturzenegger fue publicado el 12 de noviembre del a\u00f1o pasado. El Programa Cr\u00e9dito Argentino del Bicentenario para la vivienda \u00fanica familiar <strong>hab\u00eda sido creado el 12 de junio de 2012<\/strong>, durante la presidencia de Cristina Kirchner.<\/p>\n<\/div>\n<p><h2>El reclamo de los gendarmes <\/h2>\n<\/p>\n<div class=\"sc-80531b6b-0 chRIGJ container-text text-embed\">\n<p>Despu\u00e9s de que circulara el malestar de los gendarmes y una posible protesta por los sueldos, el Gobierno, a trav\u00e9s del Ministerio de Seguridad que conduce Bullrich, le otorg\u00f3 un aumento del 5% a todas las fuerzas.<\/p>\n<\/div>\n<div class=\"sc-80531b6b-0 chRIGJ container-text text-embed\">\n<p>Como inform\u00f3 <strong>Clar\u00edn<\/strong>, el anuncio del aumento se hizo luego de que comenzara a circular una comunicaci\u00f3n de boca a boca en redes sociales que daba cuenta del creciente malestar de los efectivos de Gendarmer\u00eda por los bajos sueldos que reciben y las malas condiciones laborales.<\/p>\n<\/div>\n<div class=\"sc-80531b6b-0 chRIGJ container-text text-embed\">\n<p>LEl padre del gendarme que le reclam\u00f3 a Bullrich en Salta insisti\u00f3 en m\u00e1s de una oportunidad que su hijo ganaba $ 750.000 pesos y paga $ 400.000 de alquiler y con dos hijos. &#8220;Le juro que en la medida que el pa\u00eds vaya creciendo los vamos a ir mejorando, pero t\u00e9ngame confianza que yo estoy con ustedes&#8221;, insisti\u00f3 Bullrich al defender el aumento.<\/p>\n<\/div>\n<div class=\"sc-80531b6b-0 chRIGJ container-text text-embed\">\n<p>La funcionario fue a Salta para poner en marcha la construcci\u00f3n del alambrado en la frontera con Bolivia. &#8220;Fronteras blindadas, narcos acorralados&#8221;, fue el lema que us\u00f3 Bullrich al compartir el video de su presencia en Aguas Blancas junto al gobernador salte\u00f1o.<\/p>\n<\/div>\n<\/div>\n<p><script async src=\"\/\/platform.twitter.com\/widgets.js\" charset=\"utf-8\"><\/script><br \/>\n<br \/><br \/>\n<br \/><a href=\"https:\/\/www.clarin.com\/politica\/patricia-bullrich-prometio-gendarmes-viviendas-plan-procrear-programa-cerrado-milei-ano-pasado_0_EK0fHLSTpx.html\">Fuente Clarin.com <\/a><\/p>\n","protected":false},"excerpt":{"rendered":"<p>La ministra de Seguridad, Patricia Bullrich, fue este lunes a Salta para poner en marcha la construcci\u00f3n del alambrado en la frontera entre Argentina y Bolivia y escuch\u00f3, con atenci\u00f3n, los reclamos de familiares de agentes de Gendarmer\u00eda, a quienes les prometi\u00f3 soluciones como el acceso a cr\u00e9ditos Procrear, un programa que el gobierno de [&hellip;]<\/p>\n","protected":false},"author":1,"featured_media":3881,"comment_status":"open","ping_status":"open","sticky":false,"template":"","format":"standard","meta":{"footnotes":""},"categories":[2],"tags":[530,584,424,2895,4872,77,2919,3466,265,33,5906,3196,43],"class_list":["post-3880","post","type-post","status-publish","format-standard","has-post-thumbnail","hentry","category-ultimas-noticias","tag-ano","tag-bullrich","tag-cerro","tag-ella","tag-gendarme","tag-milei","tag-papa","tag-pasado","tag-pero","tag-plan","tag-procrear","tag-prometio","tag-reclamo"],"_links":{"self":[{"href":"https:\/\/13.com.ar\/index.php\/wp-json\/wp\/v2\/posts\/3880","targetHints":{"allow":["GET"]}}],"collection":[{"href":"https:\/\/13.com.ar\/index.php\/wp-json\/wp\/v2\/posts"}],"about":[{"href":"https:\/\/13.com.ar\/index.php\/wp-json\/wp\/v2\/types\/post"}],"author":[{"embeddable":true,"href":"https:\/\/13.com.ar\/index.php\/wp-json\/wp\/v2\/users\/1"}],"replies":[{"embeddable":true,"href":"https:\/\/13.com.ar\/index.php\/wp-json\/wp\/v2\/comments?post=3880"}],"version-history":[{"count":0,"href":"https:\/\/13.com.ar\/index.php\/wp-json\/wp\/v2\/posts\/3880\/revisions"}],"wp:featuredmedia":[{"embeddable":true,"href":"https:\/\/13.com.ar\/index.php\/wp-json\/wp\/v2\/media\/3881"}],"wp:attachment":[{"href":"https:\/\/13.com.ar\/index.php\/wp-json\/wp\/v2\/media?parent=3880"}],"wp:term":[{"taxonomy":"category","embeddable":true,"href":"https:\/\/13.com.ar\/index.php\/wp-json\/wp\/v2\/categories?post=3880"},{"taxonomy":"post_tag","embeddable":true,"href":"https:\/\/13.com.ar\/index.php\/wp-json\/wp\/v2\/tags?post=3880"}],"curies":[{"name":"wp","href":"https:\/\/api.w.org\/{rel}","templated":true}]}}