{"id":38756,"date":"2025-07-02T10:18:29","date_gmt":"2025-07-02T13:18:29","guid":{"rendered":"https:\/\/13.com.ar\/index.php\/como-evoluciona-su-estado-de-salud\/"},"modified":"2025-07-02T10:18:29","modified_gmt":"2025-07-02T13:18:29","slug":"como-evoluciona-su-estado-de-salud","status":"publish","type":"post","link":"https:\/\/13.com.ar\/index.php\/como-evoluciona-su-estado-de-salud\/","title":{"rendered":"c\u00f3mo evoluciona su estado de salud"},"content":{"rendered":"<p> <br \/>\n<br \/><img decoding=\"async\" src=\"https:\/\/13.com.ar\/wp-content\/uploads\/2025\/07\/como-evoluciona-su-estado-de-salud.jpg\" \/><\/p>\n<div id=\"element-body-0\">\n<p>En la \u00faltimas horas, trascendi\u00f3 que <strong>Pepe Cibri\u00e1n<\/strong> debi\u00f3 ser internado en una cl\u00ednica de Barrio Norte debido a una <strong>afecci\u00f3n respiratoria.<\/strong> <\/p>\n<\/div>\n<div id=\"element-body-1\">\n<p>Todo comenz\u00f3 el pasado lunes, cuando el director teatral y <strong>su pareja, Ezequiel Frezzotti<\/strong>. regresaron de un viaje a la provincia de Chaco, donde ambos se enfermaron.<\/p>\n<\/div>\n<div id=\"element-body-2\">\n<p>Seg\u00fan cont\u00f3 Frezzotti a <em>Noticias Argentinas,<\/em> los dos atravesaron <strong>&#8220;una gripe complicada&#8221; que afect\u00f3 m\u00e1s a Pepe<\/strong>, quien pas\u00f3 &#8220;una noche media jodida, con mucha tos, un poco de fiebre&#8221;. <\/p>\n<\/div>\n<div id=\"element-body-3\">\n<p>Es por esto que el martes, Ezequiel decidi\u00f3 llevar a Cibri\u00e1n a la cl\u00ednica para que lo revisen y diagnostiquen. <\/p>\n<\/div>\n<div id=\"element-body-4\">\n<p>All\u00ed, los m\u00e9dicos le indicaron al director de teatro que ten\u00eda <strong>un cuadro que afectaba sus pulmones<\/strong> y lo internaron para comenzar con el tratamiento.<\/p>\n<\/div>\n<div id=\"element-body-5\">\n<p>Desde aquel episodio, el cuadro evoluciona de manera favorable y <strong>est\u00e1n a la espera de que &#8220;hoy o ma\u00f1ana&#8221; le den el alta <\/strong>porque est\u00e1 &#8220;mejorando mucho&#8221;. <\/p>\n<\/div>\n<div id=\"element-body-6\">\n<p>&#8220;Est\u00e1 b\u00e1rbaro, ya le empezaron a dar los medicamentos. Supuestamente era una neumon\u00eda, una leve neumon\u00eda, pero <strong>en realidad nos dijeron que era una bronquitis<\/strong>. Ya est\u00e1 medicado, <strong>esta ma\u00f1ana se levant\u00f3 mucho mejor<\/strong>&#8220;, relat\u00f3 Frezzotti. <\/p>\n<\/div>\n<div id=\"element-body-8\">\n<p>Respecto al tratamiento que est\u00e1 recibiendo Cibri\u00e1n, su pareja detall\u00f3 a la agencia de noticias: &#8220;Le est\u00e1n haciendo nebulizaciones, le est\u00e1n dando la medicaci\u00f3n por intravenosa, est\u00e1 atendido y cuidado como nunca&#8221;. <\/p>\n<\/div>\n<p><br \/>\n<br \/><a href=\"https:\/\/www.clarin.com\/fama\/pepe-cibrian-internado-cuadro-respiratorio-evoluciona-estado-salud_0_zeunMJK65Y.html\">Fuente Clarin.com <\/a><\/p>\n","protected":false},"excerpt":{"rendered":"<p>En la \u00faltimas horas, trascendi\u00f3 que Pepe Cibri\u00e1n debi\u00f3 ser internado en una cl\u00ednica de Barrio Norte debido a una afecci\u00f3n respiratoria. Todo comenz\u00f3 el pasado lunes, cuando el director teatral y su pareja, Ezequiel Frezzotti. regresaron de un viaje a la provincia de Chaco, donde ambos se enfermaron. Seg\u00fan cont\u00f3 Frezzotti a Noticias Argentinas, [&hellip;]<\/p>\n","protected":false},"author":1,"featured_media":38757,"comment_status":"open","ping_status":"open","sticky":false,"template":"","format":"standard","meta":{"footnotes":""},"categories":[2],"tags":[66,629,3276,243],"class_list":["post-38756","post","type-post","status-publish","format-standard","has-post-thumbnail","hentry","category-ultimas-noticias","tag-como","tag-estado","tag-evoluciona","tag-salud"],"_links":{"self":[{"href":"https:\/\/13.com.ar\/index.php\/wp-json\/wp\/v2\/posts\/38756","targetHints":{"allow":["GET"]}}],"collection":[{"href":"https:\/\/13.com.ar\/index.php\/wp-json\/wp\/v2\/posts"}],"about":[{"href":"https:\/\/13.com.ar\/index.php\/wp-json\/wp\/v2\/types\/post"}],"author":[{"embeddable":true,"href":"https:\/\/13.com.ar\/index.php\/wp-json\/wp\/v2\/users\/1"}],"replies":[{"embeddable":true,"href":"https:\/\/13.com.ar\/index.php\/wp-json\/wp\/v2\/comments?post=38756"}],"version-history":[{"count":0,"href":"https:\/\/13.com.ar\/index.php\/wp-json\/wp\/v2\/posts\/38756\/revisions"}],"wp:featuredmedia":[{"embeddable":true,"href":"https:\/\/13.com.ar\/index.php\/wp-json\/wp\/v2\/media\/38757"}],"wp:attachment":[{"href":"https:\/\/13.com.ar\/index.php\/wp-json\/wp\/v2\/media?parent=38756"}],"wp:term":[{"taxonomy":"category","embeddable":true,"href":"https:\/\/13.com.ar\/index.php\/wp-json\/wp\/v2\/categories?post=38756"},{"taxonomy":"post_tag","embeddable":true,"href":"https:\/\/13.com.ar\/index.php\/wp-json\/wp\/v2\/tags?post=38756"}],"curies":[{"name":"wp","href":"https:\/\/api.w.org\/{rel}","templated":true}]}}