{"id":38750,"date":"2025-07-02T10:00:30","date_gmt":"2025-07-02T13:00:30","guid":{"rendered":"https:\/\/13.com.ar\/index.php\/la-amenaza-silenciosa-microplasticos-en-el-suelo\/"},"modified":"2025-07-02T10:00:30","modified_gmt":"2025-07-02T13:00:30","slug":"la-amenaza-silenciosa-microplasticos-en-el-suelo","status":"publish","type":"post","link":"https:\/\/13.com.ar\/index.php\/la-amenaza-silenciosa-microplasticos-en-el-suelo\/","title":{"rendered":"La amenaza silenciosa: micropl\u00e1sticos en el suelo"},"content":{"rendered":"<p> <br \/>\n<br \/><img decoding=\"async\" src=\"https:\/\/13.com.ar\/wp-content\/uploads\/2025\/07\/La-amenaza-silenciosa-microplasticos-en-el-suelo.jpg\" \/><\/p>\n<div id=\"element-body-0\">\n<p>La relaci\u00f3n entre el agro y los pl\u00e1sticos comenz\u00f3 en <strong>1950<\/strong>. En esa d\u00e9cada se empezaron a usar las primeras pel\u00edculas de <strong>polietileno en los invernaderos<\/strong>. En los &#8217;60 su uso se expandi\u00f3 gracias al <strong>\u201cmulching\u201d<\/strong>. Llegaron luego las tuber\u00edas pl\u00e1sticas de los sistemas de riego por goteo, hasta que el consumo explot\u00f3 literalmente en los<strong> &#8217;80<\/strong> con la llegada de los <strong>envases de agroqu\u00edmicos<\/strong> y a un significativo aporte argentino: los<strong> silos bolsas<\/strong>.<\/p>\n<\/div>\n<div id=\"element-body-1\">\n<p>Seg\u00fan la FAO, <strong>en 2019 la agricultura utiliz\u00f3 aproximadamente 12,5 millones de toneladas de productos pl\u00e1sticos<\/strong>. Si a ello le sumamos los 37,3 millones de toneladas en envases de alimentos, la producci\u00f3n de alimentos demand\u00f3 -aproximadamente- el <strong>11,2% del consumo global de pl\u00e1sticos<\/strong>. Y, adem\u00e1s, se estima que <strong>su uso aumentar\u00e1 un 50% para 2030<\/strong>. El agro se ha convertido en un jugador tan importante para la industria pl\u00e1stica que ha sido necesario crear una nueva expresi\u00f3n: <strong>plasticultura<\/strong>.<\/p>\n<\/div>\n<div id=\"element-body-2\">\n<p>Este aluvi\u00f3n <strong>no ha sido gratis para el ambiente<\/strong>. Desde hace alg\u00fan tiempo, es visible para todos, una de sus consecuencias m\u00e1s manifiestas. Pocas im\u00e1genes m\u00e1s desagradables que encontrarnos con esas monta\u00f1as de bidones vac\u00edos amontonados junto a los molinos. Afortunadamente, gracias a la sanci\u00f3n de la <strong>Ley 27.279 en el a\u00f1o 2016<\/strong>, se establecieron requisitos m\u00ednimos de protecci\u00f3n ambiental para el transporte, el almacenamiento, la recuperaci\u00f3n y el reciclado de estos envases. <\/p>\n<\/div>\n<div id=\"element-body-3\">\n<p>A consecuencia de esta ley, en 2018, <strong>las principales compa\u00f1\u00edas fabricantes y comercializadoras de agroqu\u00edmicos crearon Campo Limpio, una fundaci\u00f3n que coordina un programa de recuperaci\u00f3n y gesti\u00f3n responsable de los envases<\/strong>. Un esfuerzo loable, sin dudas, pero que urge acelerar, pues, a pesar de su sostenido crecimiento, <strong>el porcentaje de recuperaci\u00f3n apenas alcanza al 15% de los bidones que se venden anualmente<\/strong>.<\/p>\n<\/div>\n<div id=\"element-body-4\">\n<p>Sin embargo, <strong>el principal impacto ambiental de los pl\u00e1sticos no es visible a nuestros ojos<\/strong>, y es mucho m\u00e1s grave de lo que -a priori- podemos imaginar: estamos hablando de los <strong>micropl\u00e1sticos<\/strong>. Peque\u00f1os fragmentos de pl\u00e1stico, <strong>menores a 5 mm<\/strong>, que resultan de la <strong>descomposici\u00f3n de los mismos debido a la exposici\u00f3n al sol y las condiciones clim\u00e1ticas<\/strong> y que son <strong>extremadamente dif\u00edciles de eliminar.<\/strong><\/p>\n<\/div>\n<div id=\"element-body-5\">\n<p>El termino se populariz\u00f3 gracias a un trabajo publicado por Richard Thompson en Science. Su estudio mostr\u00f3 -por primera vez- que e<strong>stas peque\u00f1as part\u00edculas estaban presentes, de forma generalizada, en los oc\u00e9anos<\/strong>. Progresivamente, las mismas han sido <strong>detectadas en todos los rincones del planeta<\/strong>: desde la nieve de la Ant\u00e1rtida hasta el aire que respiramos y el agua que bebemos. Estudios recientes incluso los han encontrado en placentas humanas, pulmones y sangre; o sea que ya forman partes de nuestros cuerpos.<\/p>\n<\/div>\n<div id=\"element-body-6\">\n<p>Si bien el problema comenz\u00f3 mucho antes, reci\u00e9n en los \u00faltimos 20 a\u00f1os la comunidad cient\u00edfica y los organismos internacionales pudieron dimensionar la magnitud y complejidad del fen\u00f3meno, y solo en la \u00faltima d\u00e9cada se ha vuelto un <strong>tema prioritario para las pol\u00edticas ambientales y sanitarias<\/strong>. Hasta hace poco tiempo, la principal preocupaci\u00f3n era la contaminaci\u00f3n de los oc\u00e9anos, sin embargo, recientemente, la FAO alert\u00f3 que <strong>la acumulaci\u00f3n en los suelos agr\u00edcolas podr\u00eda ser mucho m\u00e1s grave<\/strong>. Se estima que entre 4 y 23 veces m\u00e1s micropl\u00e1sticos podr\u00edan estar siendo liberados en los suelos agr\u00edcolas que en los oc\u00e9anos, cada a\u00f1o, debido principalmente a la plasticultura, la contaminaci\u00f3n y al hecho que los pl\u00e1sticos en la agricultura est\u00e1n en contacto constante con factores que aceleran su fragmentaci\u00f3n. La contaminaci\u00f3n del suelo es una amenaza invisible pero potencialmente m\u00e1s severa, con <strong>impactos directos sobre la producci\u00f3n de alimentos, la salud del suelo y la biodiversidad.<\/strong><\/p>\n<\/div>\n<div id=\"element-body-7\">\n<p>En Argentina, las investigaciones sobre micro pl\u00e1sticos en la agricultura est\u00e1n ganando relevancia. Estudios del CONICET y universidades como la Universidad Nacional de General Sarmiento los han detectado en suelos agr\u00edcolas, particularmente en zonas <strong>donde se usan acolchados pl\u00e1sticos en cultivos hort\u00edcolas<\/strong>. Tambi\u00e9n <strong>investigaciones realizadas en cursos de agua cercanos a \u00e1reas agr\u00edcolas han revelado su presencia<\/strong>. La Universidad Nacional de Rosario y el CONICET est\u00e1n realizando estudios para monitorear la presencia de micro pl\u00e1sticos en el agua y su posible impacto en la producci\u00f3n agr\u00edcola.<\/p>\n<\/div>\n<div id=\"element-body-8\">\n<p><strong>La \u00fanica soluci\u00f3n para esta amenaza es comenzar a reemplazarlos por productos biodegradables. <\/strong>Afortunadamente son varios los emprendedores y los investigadores que est\u00e1n trabajando detr\u00e1s de este objetivo. Estos son algunos de los casos que vale la pena mencionar:<\/p>\n<\/div>\n<div id=\"element-body-9\">\n<p>1.\tBionbax: est\u00e1 construyendo una planta en Rold\u00e1n, Santa Fe, para producir <strong>biopl\u00e1sticos a partir de aceite de soja<\/strong>, buscando reemplazar los pl\u00e1sticos convencionales por materiales biodegradables. Se espera que esta planta est\u00e9 operativa este a\u00f1o, convirti\u00e9ndose en la primera de Latinoam\u00e9rica en producir biopl\u00e1sticos a partir de insumos locales.<\/p>\n<\/div>\n<div id=\"element-body-10\">\n<p>2.\tINMET: se especializa en la <strong>modificaci\u00f3n gen\u00e9tica de microorganismos<\/strong> para producir biopl\u00e1sticos derivados de <strong>glicerina<\/strong>, un subproducto de los biocombustibles.<\/p>\n<\/div>\n<div id=\"element-body-11\">\n<p>3.\tMycorium Biotech: este startup desarrolla <strong>biomateriales utilizando hongos y residuos org\u00e1nicos<\/strong>. Su tecnolog\u00eda permite crear envases biodegradables y comestibles.<\/p>\n<\/div>\n<div id=\"element-body-12\">\n<p>Sirva este art\u00edculo como un llamado de atenci\u00f3n frente a esta silenciosa amenaza a nuestro recurso m\u00e1s valioso. Como decimos siempre, para poder tener una verdadera dimensi\u00f3n del problema <strong>es clave comenzar a medir<\/strong>, s\u00f3lo a partir de all\u00ed podremos t<strong>omar medidas antes que sea demasiado tarde.<\/strong><\/p>\n<\/div>\n<p><br \/>\n<br \/><a href=\"https:\/\/www.clarin.com\/rural\/amenaza-silenciosa-microplasticos-suelo_0_zBOMt5IDUY.html\">Fuente Clarin.com <\/a><\/p>\n","protected":false},"excerpt":{"rendered":"<p>La relaci\u00f3n entre el agro y los pl\u00e1sticos comenz\u00f3 en 1950. En esa d\u00e9cada se empezaron a usar las primeras pel\u00edculas de polietileno en los invernaderos. En los &#8217;60 su uso se expandi\u00f3 gracias al \u201cmulching\u201d. Llegaron luego las tuber\u00edas pl\u00e1sticas de los sistemas de riego por goteo, hasta que el consumo explot\u00f3 literalmente en [&hellip;]<\/p>\n","protected":false},"author":1,"featured_media":38751,"comment_status":"open","ping_status":"open","sticky":false,"template":"","format":"standard","meta":{"footnotes":""},"categories":[2],"tags":[248,19355,10924,5836],"class_list":["post-38750","post","type-post","status-publish","format-standard","has-post-thumbnail","hentry","category-ultimas-noticias","tag-amenaza","tag-microplasticos","tag-silenciosa","tag-suelo"],"_links":{"self":[{"href":"https:\/\/13.com.ar\/index.php\/wp-json\/wp\/v2\/posts\/38750","targetHints":{"allow":["GET"]}}],"collection":[{"href":"https:\/\/13.com.ar\/index.php\/wp-json\/wp\/v2\/posts"}],"about":[{"href":"https:\/\/13.com.ar\/index.php\/wp-json\/wp\/v2\/types\/post"}],"author":[{"embeddable":true,"href":"https:\/\/13.com.ar\/index.php\/wp-json\/wp\/v2\/users\/1"}],"replies":[{"embeddable":true,"href":"https:\/\/13.com.ar\/index.php\/wp-json\/wp\/v2\/comments?post=38750"}],"version-history":[{"count":0,"href":"https:\/\/13.com.ar\/index.php\/wp-json\/wp\/v2\/posts\/38750\/revisions"}],"wp:featuredmedia":[{"embeddable":true,"href":"https:\/\/13.com.ar\/index.php\/wp-json\/wp\/v2\/media\/38751"}],"wp:attachment":[{"href":"https:\/\/13.com.ar\/index.php\/wp-json\/wp\/v2\/media?parent=38750"}],"wp:term":[{"taxonomy":"category","embeddable":true,"href":"https:\/\/13.com.ar\/index.php\/wp-json\/wp\/v2\/categories?post=38750"},{"taxonomy":"post_tag","embeddable":true,"href":"https:\/\/13.com.ar\/index.php\/wp-json\/wp\/v2\/tags?post=38750"}],"curies":[{"name":"wp","href":"https:\/\/api.w.org\/{rel}","templated":true}]}}