{"id":38740,"date":"2025-07-02T09:45:30","date_gmt":"2025-07-02T12:45:30","guid":{"rendered":"https:\/\/13.com.ar\/index.php\/cristina-kirchner-le-pego-a-la-corte-suprema-por-anular-la-condena-del-cura-echado-por-el-papa-francisco-sin-palabras\/"},"modified":"2025-07-02T09:45:30","modified_gmt":"2025-07-02T12:45:30","slug":"cristina-kirchner-le-pego-a-la-corte-suprema-por-anular-la-condena-del-cura-echado-por-el-papa-francisco-sin-palabras","status":"publish","type":"post","link":"https:\/\/13.com.ar\/index.php\/cristina-kirchner-le-pego-a-la-corte-suprema-por-anular-la-condena-del-cura-echado-por-el-papa-francisco-sin-palabras\/","title":{"rendered":"Cristina Kirchner le peg\u00f3 a la Corte Suprema por anular la condena del cura echado por el Papa Francisco: &#8220;Sin palabras&#8221;"},"content":{"rendered":"<p> <br \/>\n<br \/><img decoding=\"async\" src=\"https:\/\/13.com.ar\/wp-content\/uploads\/2025\/07\/Cristina-Kirchner-le-pego-a-la-Corte-Suprema-por-anular.jpg\" \/><\/p>\n<div id=\"element-body-0\">\n<p><strong>Cristina Kirchner <\/strong>sali\u00f3 a pegarle este mi\u00e9rcoles a la<strong> Corte Suprema de la Naci\u00f3n<\/strong>, esta vez por el fallo que anul\u00f3 la condena contra el excura Justo Jos\u00e9 Ilarraz por considerar que los abusos que en el juicio se dieron por probados hab\u00edan prescripto cuando fueron denunciados. <\/p>\n<\/div>\n<div id=\"element-body-1\">\n<p>&#8220;En el a\u00f1o 2024 <strong>nuestro papa Francisco lo expuls\u00f3 de la Iglesia<\/strong>. Ayer, <strong>por unanimidad<\/strong>, la Corte Suprema de Rosatti, Lorenzetti y Rosenkrantz anul\u00f3 su condena de 25 a\u00f1os de prisi\u00f3n y lo sobresey\u00f3&#8221;, poste\u00f3 la expresidenta en su cuenta verificada de X, en la que comparti\u00f3 una captura de la nota publicada en Clar\u00edn ayer sobre el fallo.<\/p>\n<\/div>\n<div id=\"element-body-2\">\n<p><strong>&#8220;Sin palabras&#8221;<\/strong>, sentenci\u00f3.<\/p>\n<\/div>\n<div id=\"element-body-3\">\n<p>La exmandataria, que <strong>cumple prisi\u00f3n domiciliaria por su condena en la causa Vialidad<\/strong>, cuestion\u00f3 as\u00ed la decisi\u00f3n del m\u00e1ximo tribunal que ayer fall\u00f3 a favor de Justo Jos\u00e9 Ilarraz, quien en 2018 hab\u00eda sido condenado a 25 a\u00f1os de prisi\u00f3n por abuso sexual y corrupci\u00f3n de menores.<\/p>\n<\/div>\n<div id=\"element-body-4\">\n<p>Ilarraz hab\u00eda llegado a juicio en 2018 por los abusos sexuales perpetrados entre 1988 y 1992 en el Seminario Nuestra Se\u00f1ora del Cen\u00e1culo de Paran\u00e1, donde era prefecto de disciplina y gu\u00eda espiritual. Siete exseminaristas denunciaron en 2012 los hechos y describiendo un patr\u00f3n sistem\u00e1tico de manipulaci\u00f3n y violencia sexual que sufrieron cuando ten\u00edan entre 12 y 15 a\u00f1os.<\/p>\n<\/div>\n<div id=\"element-body-5\">\n<p>Sin embargo, ayer la Corte Suprema anul\u00f3 la condena en su contra por considera que los hechos prescribieron siete a\u00f1os antes de que se formalizaran las denuncias. Adem\u00e1s rechaz\u00f3 la posibilidad de considerarlos delitos de lesa humanidad, m\u00e1s all\u00e1 de que los calific\u00f3 como actos &#8220;aberrantes&#8221;.<\/p>\n<\/div>\n<p><br \/>\n<br \/><a href=\"https:\/\/www.clarin.com\/politica\/cristina-kirchner-uso-caso-excura-ilarraz-pegarle-corte-suprema-palabras_0_JnX039sIzz.html\">Fuente Clarin.com <\/a><\/p>\n","protected":false},"excerpt":{"rendered":"<p>Cristina Kirchner sali\u00f3 a pegarle este mi\u00e9rcoles a la Corte Suprema de la Naci\u00f3n, esta vez por el fallo que anul\u00f3 la condena contra el excura Justo Jos\u00e9 Ilarraz por considerar que los abusos que en el juicio se dieron por probados hab\u00edan prescripto cuando fueron denunciados. &#8220;En el a\u00f1o 2024 nuestro papa Francisco lo [&hellip;]<\/p>\n","protected":false},"author":1,"featured_media":38741,"comment_status":"open","ping_status":"open","sticky":false,"template":"","format":"standard","meta":{"footnotes":""},"categories":[2],"tags":[22737,4668,297,497,3545,100,8147,917,1381,5379,2919,1584,142,882,2357],"class_list":["post-38740","post","type-post","status-publish","format-standard","has-post-thumbnail","hentry","category-ultimas-noticias","tag-anular","tag-condena","tag-corte","tag-cristina","tag-cura","tag-del","tag-echado","tag-francisco","tag-kirchner","tag-palabras","tag-papa","tag-pego","tag-por","tag-sin","tag-suprema"],"_links":{"self":[{"href":"https:\/\/13.com.ar\/index.php\/wp-json\/wp\/v2\/posts\/38740","targetHints":{"allow":["GET"]}}],"collection":[{"href":"https:\/\/13.com.ar\/index.php\/wp-json\/wp\/v2\/posts"}],"about":[{"href":"https:\/\/13.com.ar\/index.php\/wp-json\/wp\/v2\/types\/post"}],"author":[{"embeddable":true,"href":"https:\/\/13.com.ar\/index.php\/wp-json\/wp\/v2\/users\/1"}],"replies":[{"embeddable":true,"href":"https:\/\/13.com.ar\/index.php\/wp-json\/wp\/v2\/comments?post=38740"}],"version-history":[{"count":0,"href":"https:\/\/13.com.ar\/index.php\/wp-json\/wp\/v2\/posts\/38740\/revisions"}],"wp:featuredmedia":[{"embeddable":true,"href":"https:\/\/13.com.ar\/index.php\/wp-json\/wp\/v2\/media\/38741"}],"wp:attachment":[{"href":"https:\/\/13.com.ar\/index.php\/wp-json\/wp\/v2\/media?parent=38740"}],"wp:term":[{"taxonomy":"category","embeddable":true,"href":"https:\/\/13.com.ar\/index.php\/wp-json\/wp\/v2\/categories?post=38740"},{"taxonomy":"post_tag","embeddable":true,"href":"https:\/\/13.com.ar\/index.php\/wp-json\/wp\/v2\/tags?post=38740"}],"curies":[{"name":"wp","href":"https:\/\/api.w.org\/{rel}","templated":true}]}}