{"id":3874,"date":"2025-02-11T12:16:32","date_gmt":"2025-02-11T15:16:32","guid":{"rendered":"https:\/\/13.com.ar\/index.php\/las-amenazas-de-hamas-y-de-donald-trump-ponen-en-riesgo-la-tregua-en-gaza-y-crece-la-angustia-por-los-rehenes\/"},"modified":"2025-02-11T12:16:32","modified_gmt":"2025-02-11T15:16:32","slug":"las-amenazas-de-hamas-y-de-donald-trump-ponen-en-riesgo-la-tregua-en-gaza-y-crece-la-angustia-por-los-rehenes","status":"publish","type":"post","link":"https:\/\/13.com.ar\/index.php\/las-amenazas-de-hamas-y-de-donald-trump-ponen-en-riesgo-la-tregua-en-gaza-y-crece-la-angustia-por-los-rehenes\/","title":{"rendered":"Las amenazas de Hamas y de Donald Trump ponen en riesgo la tregua en Gaza y crece la angustia por los rehenes"},"content":{"rendered":"<p> <br \/>\n<\/p>\n<div id=\"cuerpo\">\n<div class=\"sc-80531b6b-0 chRIGJ container-text text-embed\">\n<p>El cese el fuego entre Israel y <strong>Hamas<\/strong> en Gaza pende de un hilo despu\u00e9s de que el movimiento ultraisl\u00e1mico palestino advirti\u00f3 el martes que las amenazas del presidente estadounidense Donald Trump complican &#8220;a\u00fan m\u00e1s las cosas&#8221; para la tregua en el territorio.<\/p>\n<\/div>\n<div class=\"sc-80531b6b-0 chRIGJ container-text text-embed\">\n<p>El mandatario republicano<strong> amenaz\u00f3 el lunes con desatar un &#8220;infierno&#8221; en Gaza<\/strong> si no son liberados los rehenes israel\u00edes de aqu\u00ed al s\u00e1bado, como marca el acuerdo de tregua que rige desde el 19 de enero.<\/p>\n<\/div>\n<div class=\"sc-80531b6b-0 chRIGJ container-text text-embed\">\n<p>&#8220;Trump debe recordar que hay un acuerdo (de tregua) que ambas partes deben respetar, y que esa es la \u00fanica forma de hacer regresar a los prisioneros&#8221;, reaccion\u00f3 en declaraciones a la AFP Sami Abu Zuhri, uno de los l\u00edderes de Hamas.<\/p>\n<\/div>\n<div class=\"sc-80531b6b-0 chRIGJ container-text text-embed\">\n<p>&#13;<br \/>\n &#8220;El lenguaje de las amenazas no tiene ning\u00fan valor y no hace m\u00e1s que complicar a\u00fan m\u00e1s las cosas&#8221;, enfatiz\u00f3.<\/p>\n<\/div>\n<div class=\"sc-80531b6b-0 chRIGJ container-text text-embed\">\n<p>Hamas, en el poder en Gaza desde 2007, anunci\u00f3 el lunes que aplazaba de manera indefinida la pr\u00f3xima liberaci\u00f3n de rehenes tras acusar a Israel de vulnerar el alto el fuego, mediado por Qatar con la ayuda de Estados Unidos y Egipto.<\/p>\n<\/div>\n<div class=\"sc-80531b6b-0 chRIGJ container-text text-embed\">\n<p>El movimiento extremista asegur\u00f3 sin embargo que<strong> la puerta segu\u00eda &#8220;abierta&#8221; para liberarlos si Israel cumpl\u00eda efectivamente con sus obligaciones<\/strong>.<\/p>\n<\/div>\n<div class=\"sc-198be8ec-0 cynXbu image-embed  image-embed \"><picture class=\"sc-198be8ec-1 kOjRiQ\"><source media=\"(min-width: 975px)\" width=\"720\" height=\"480\" \/><img alt=\"Soldados israel\u00edes, cerca de la frontera con Gaza, este martes. Foto: REUTERS\" loading=\"lazy\" width=\"720\" height=\"480\" decoding=\"async\" data-nimg=\"1\" style=\"color:transparent\" src=\"https:\/\/13.com.ar\/wp-content\/uploads\/2025\/02\/Las-amenazas-de-Hamas-y-de-Donald-Trump-ponen-en.jpg\"\/><span class=\"epigraphe\">Soldados israel\u00edes, cerca de la frontera con Gaza, este martes. Foto: REUTERS<\/span><span class=\"bkg\"\/><span class=\"picture-open\"><button class=\"open-image\" aria-label=\"Open Image\"\/><\/span><\/picture><\/div>\n<div class=\"sc-80531b6b-0 chRIGJ container-text text-embed\">\n<p>El secretario general de la ONU, Antonio Guterres, inst\u00f3 el martes a Hamas a liberar a los rehenes, cautivos desde el ataque terrorista del 7 de octubre de 2023.<\/p>\n<\/div>\n<div class=\"sc-80531b6b-0 chRIGJ container-text text-embed\">\n<p>&#8220;Debemos evitar a toda costa que se reanuden las hostilidades en Gaza, lo que conducir\u00eda una inmensa tragedia&#8221;, escribi\u00f3 Guterres en la red social X.<\/p>\n<\/div>\n<div class=\"sc-80531b6b-0 chRIGJ container-text text-embed\">\n<p>La tregua detuvo m\u00e1s de quince meses de conflicto en la Franja de Gaza y permiti\u00f3 cinco intercambios de rehenes en manos der Hamas por presos palestinos encarcelados en Israel.<\/p>\n<\/div>\n<p><h2>Advertencias entre Israel y Hamas<\/h2>\n<\/p>\n<div class=\"sc-80531b6b-0 chRIGJ container-text text-embed\">\n<p>La guerra estall\u00f3 el 7 de octubre de 2023 el salvaje ataque de Hamas en el sur de Israel, que provoc\u00f3 la muerte de 1.210 personas, en su mayor\u00eda civiles, seg\u00fan un recuento de AFP basado en datos oficiales israel\u00edes.<\/p>\n<\/div>\n<div class=\"sc-80531b6b-0 chRIGJ container-text text-embed\">\n<p>Los milicianos ultraisl\u00e1micos tambi\u00e9n secuestraron a 251 personas, de las cuales 73 siguen en Gaza, incluidas <strong>35 que habr\u00edan muerto,<\/strong> seg\u00fan el ej\u00e9rcito israel\u00ed.<\/p>\n<\/div>\n<div class=\"sc-80531b6b-0 chRIGJ container-text text-embed\">\n<p>&#13;<br \/>\n La ofensiva lanzada en respuesta por Israel mat\u00f3 al menos a 48.209 personas en Gaza, tambi\u00e9n civiles en su mayor\u00eda, seg\u00fan datos del Ministerio de Salud del territorio, considerados fiables por la ONU.<\/p>\n<\/div>\n<div class=\"sc-80531b6b-0 chRIGJ container-text text-embed\">\n<p>Tras el anuncio de Hamas de aplazar la pr\u00f3xima liberaci\u00f3n de rehenes, el gobierno del primer ministro israel\u00ed, Benjamin Netanyahu, orden\u00f3 al ej\u00e9rcito<strong> prepararse &#8220;para cualquier escenario&#8221;.<\/strong><\/p>\n<\/div>\n<div class=\"sc-198be8ec-0 cynXbu image-embed  image-embed \"><picture class=\"sc-198be8ec-1 kOjRiQ\"><source media=\"(min-width: 975px)\" width=\"720\" height=\"480\" \/><img alt=\"Los escombros rodean un campo para desplazados palestinos en Jabalia, en el norte de la Franja de Gaza. Foto: REUTERS  \" loading=\"lazy\" width=\"720\" height=\"480\" decoding=\"async\" data-nimg=\"1\" style=\"color:transparent\" src=\"https:\/\/13.com.ar\/wp-content\/uploads\/2025\/02\/1739286992_436_Las-amenazas-de-Hamas-y-de-Donald-Trump-ponen-en.jpg\"\/><span class=\"epigraphe\">Los escombros rodean un campo para desplazados palestinos en Jabalia, en el norte de la Franja de Gaza. Foto: REUTERS  <\/span><span class=\"bkg\"\/><span class=\"picture-open\"><button class=\"open-image\" aria-label=\"Open Image\"\/><\/span><\/picture><\/div>\n<div class=\"sc-80531b6b-0 chRIGJ container-text text-embed\">\n<p>El acuerdo de tregua qued\u00f3 tambi\u00e9n trastocado por la propuesta de Trump de tomar el control del enclave palestino y desplazar a sus m\u00e1s de dos millones de habitantes a pa\u00edses como Jordania y Egipto.<\/p>\n<\/div>\n<div class=\"sc-80531b6b-0 chRIGJ container-text text-embed\">\n<p>El presidente egipcio, Abdel Fatah al Sisi, inst\u00f3 el martes a reconstruir Gaza &#8220;sin desplazar a los palestinos&#8221;, despu\u00e9s de que el presidente de Estados Unidos amenazara el lunes con interrumpir la ayuda a Egipto y Jordania si se negaban a recibir a los gazat\u00edes.<\/p>\n<\/div>\n<div class=\"sc-80531b6b-0 chRIGJ container-text text-embed\">\n<p>&#13;<br \/>\n La tregua permiti\u00f3 hasta ahora la liberaci\u00f3n de 21 rehenes, entre ellos 16 israel\u00edes, a cambio de m\u00e1s de 700 prisioneros palestinos encarcelados en Israel.<\/p>\n<\/div>\n<div class=\"sc-80531b6b-0 chRIGJ container-text text-embed\">\n<p><strong>En total, 33 rehenes israel\u00edes tienen que ser liberados en la primera fase<\/strong> de esta tregua, que concluye el 1 de marzo. <\/p>\n<\/div>\n<div class=\"sc-80531b6b-0 chRIGJ container-text text-embed\">\n<p>&#13;<br \/>\n El ej\u00e9rcito israel\u00ed y el kibutz Kissufim anunciaron el martes la muerte en Gaza del reh\u00e9n Shlomo Mansour, de 86 a\u00f1os.<\/p>\n<\/div>\n<div class=\"sc-80531b6b-0 chRIGJ container-text text-embed\">\n<p>&#13;<br \/>\n La segunda fase de la tregua debe conducir a la liberaci\u00f3n de todos los rehenes y al fin definitivo de la guerra, antes de una etapa final dedicada a la reconstrucci\u00f3n de Gaza. Pero las negociaciones sobre la segunda fase a\u00fan no han comenzado.<\/p>\n<\/div>\n<\/div>\n<p><br \/>\n<br \/><a href=\"https:\/\/www.clarin.com\/mundo\/amenazas-hamas-donald-trump-ponen-riesgo-tregua-gaza-crece-angustia-rehenes_0_JlMOGsSkzD.html\">Fuente Clarin.com <\/a><\/p>\n","protected":false},"excerpt":{"rendered":"<p>El cese el fuego entre Israel y Hamas en Gaza pende de un hilo despu\u00e9s de que el movimiento ultraisl\u00e1mico palestino advirti\u00f3 el martes que las amenazas del presidente estadounidense Donald Trump complican &#8220;a\u00fan m\u00e1s las cosas&#8221; para la tregua en el territorio. El mandatario republicano amenaz\u00f3 el lunes con desatar un &#8220;infierno&#8221; en Gaza [&hellip;]<\/p>\n","protected":false},"author":1,"featured_media":3875,"comment_status":"open","ping_status":"open","sticky":false,"template":"","format":"standard","meta":{"footnotes":""},"categories":[2],"tags":[387,2630,42,178,1542,1461,48,28,5901,142,1538,456,3039,179],"class_list":["post-3874","post","type-post","status-publish","format-standard","has-post-thumbnail","hentry","category-ultimas-noticias","tag-amenazas","tag-angustia","tag-crece","tag-donald","tag-gaza","tag-hamas","tag-las","tag-los","tag-ponen","tag-por","tag-rehenes","tag-riesgo","tag-tregua","tag-trump"],"_links":{"self":[{"href":"https:\/\/13.com.ar\/index.php\/wp-json\/wp\/v2\/posts\/3874","targetHints":{"allow":["GET"]}}],"collection":[{"href":"https:\/\/13.com.ar\/index.php\/wp-json\/wp\/v2\/posts"}],"about":[{"href":"https:\/\/13.com.ar\/index.php\/wp-json\/wp\/v2\/types\/post"}],"author":[{"embeddable":true,"href":"https:\/\/13.com.ar\/index.php\/wp-json\/wp\/v2\/users\/1"}],"replies":[{"embeddable":true,"href":"https:\/\/13.com.ar\/index.php\/wp-json\/wp\/v2\/comments?post=3874"}],"version-history":[{"count":0,"href":"https:\/\/13.com.ar\/index.php\/wp-json\/wp\/v2\/posts\/3874\/revisions"}],"wp:featuredmedia":[{"embeddable":true,"href":"https:\/\/13.com.ar\/index.php\/wp-json\/wp\/v2\/media\/3875"}],"wp:attachment":[{"href":"https:\/\/13.com.ar\/index.php\/wp-json\/wp\/v2\/media?parent=3874"}],"wp:term":[{"taxonomy":"category","embeddable":true,"href":"https:\/\/13.com.ar\/index.php\/wp-json\/wp\/v2\/categories?post=3874"},{"taxonomy":"post_tag","embeddable":true,"href":"https:\/\/13.com.ar\/index.php\/wp-json\/wp\/v2\/tags?post=3874"}],"curies":[{"name":"wp","href":"https:\/\/api.w.org\/{rel}","templated":true}]}}