{"id":38728,"date":"2025-07-02T09:27:39","date_gmt":"2025-07-02T12:27:39","guid":{"rendered":"https:\/\/13.com.ar\/index.php\/una-capsula-espacial-que-llevaba-marihuana-y-los-restos-de-166-personas-se-estrello-en-el-oceano-pacifico\/"},"modified":"2025-07-02T09:27:39","modified_gmt":"2025-07-02T12:27:39","slug":"una-capsula-espacial-que-llevaba-marihuana-y-los-restos-de-166-personas-se-estrello-en-el-oceano-pacifico","status":"publish","type":"post","link":"https:\/\/13.com.ar\/index.php\/una-capsula-espacial-que-llevaba-marihuana-y-los-restos-de-166-personas-se-estrello-en-el-oceano-pacifico\/","title":{"rendered":"Una c\u00e1psula espacial que llevaba marihuana y los restos de 166 personas se estrell\u00f3 en el Oc\u00e9ano Pac\u00edfico"},"content":{"rendered":"<p> <br \/>\n<br \/><img decoding=\"async\" src=\"https:\/\/13.com.ar\/wp-content\/uploads\/2025\/07\/Una-capsula-espacial-que-llevaba-marihuana-y-los-restos-de.jpg\" \/><\/p>\n<div id=\"element-body-0\">\n<p>Una c\u00e1psula que inclu\u00eda cenizas y ADN de m\u00e1s de <strong>166 personas fallecidas<\/strong>, proporcionados por Celestis, una empresa de vuelos espaciales conmemorativos, <strong>termin\u00f3 impactando en el Oc\u00e9ano Pac\u00edfico.<\/strong><\/p>\n<\/div>\n<div id=\"element-body-1\">\n<p>La c\u00e1psula Nyx, creada por la empresa aeroespacial alemana The Exploration Company, despeg\u00f3 el 23 de junio desde la Base de la Fuerza Espacial Vandenberg a bordo de un cohete Falcon-9.<\/p>\n<\/div>\n<div id=\"element-body-3\">\n<p>Adem\u00e1s de los restos humanos y otras cargas \u00fatiles, Nyx tambi\u00e9n transportaba materia vegetal y <strong>semillas de cannabis<\/strong>, un proyecto de ciencia ciudadana de c\u00f3digo abierto.<\/p>\n<\/div>\n<div id=\"element-body-5\">\n<p>El objetivo era estudiar los efectos de la microgravedad en la germinaci\u00f3n y la resiliencia, proporcionando potencialmente informaci\u00f3n sobre c\u00f3mo la vida podr\u00eda adaptarse y prosperar <strong>en el entorno marciano.<\/strong><\/p>\n<\/div>\n<div id=\"element-body-6\">\n<p>La nave<strong> complet\u00f3 dos \u00f3rbitas alrededor de la Tierra<\/strong> y posteriormente inici\u00f3 su trayectoria de regreso, seg\u00fan lo previsto, para completar el regreso de forma segura a tierra. <\/p>\n<\/div>\n<div id=\"element-body-7\">\n<p>Sin embargo, se produjo una anomal\u00eda durante el reingreso; concretamente, el sistema de paraca\u00eddas fall\u00f3, &#8220;lo que provoc\u00f3 que <strong>la c\u00e1psula impactara en el Oc\u00e9ano Pac\u00edfico<\/strong> y dispersara su contenido en el mar&#8221;, seg\u00fan un comunicado de Celestis.<\/p>\n<\/div>\n<div id=\"element-body-9\">\n<p>&#8220;Si bien actualmente creemos que no podemos recuperar la c\u00e1psula de vuelo, esperamos que las familias encuentren tranquilidad al saber que sus seres queridos formaron parte de un viaje hist\u00f3rico, fueron lanzados al espacio, orbitaron la Tierra y ahora descansan en la inmensidad del Pac\u00edfico, como en una tradicional y honorable dispersi\u00f3n marina&#8221;, a\u00f1adi\u00f3.<\/p>\n<\/div>\n<div id=\"element-body-10\">\n<p>Esta es tambi\u00e9n <strong>la segunda vez que Celestis pierde una carga \u00fati<\/strong>l. La anterior ocurri\u00f3 en 2023, cuando un cohete que conten\u00eda los restos cremados del fallecido astronauta de la NASA Philip K. Chapman explot\u00f3 sobre Nuevo M\u00e9xico.<\/p>\n<\/div>\n<div id=\"element-body-11\">\n<p>Fuente: Europa Press y otros.<\/p>\n<\/div>\n<p><br \/>\n<br \/><a href=\"https:\/\/www.clarin.com\/viste\/capsula-espacial-llevaba-marihuana-restos-166-personas-estrello-oceano-pacifico_0_cowvKcJmfF.html\">Fuente Clarin.com <\/a><\/p>\n","protected":false},"excerpt":{"rendered":"<p>Una c\u00e1psula que inclu\u00eda cenizas y ADN de m\u00e1s de 166 personas fallecidas, proporcionados por Celestis, una empresa de vuelos espaciales conmemorativos, termin\u00f3 impactando en el Oc\u00e9ano Pac\u00edfico. La c\u00e1psula Nyx, creada por la empresa aeroespacial alemana The Exploration Company, despeg\u00f3 el 23 de junio desde la Base de la Fuerza Espacial Vandenberg a bordo [&hellip;]<\/p>\n","protected":false},"author":1,"featured_media":38729,"comment_status":"open","ping_status":"open","sticky":false,"template":"","format":"standard","meta":{"footnotes":""},"categories":[2],"tags":[12637,5633,1181,8736,28,2888,6763,10578,2125,8206,73],"class_list":["post-38728","post","type-post","status-publish","format-standard","has-post-thumbnail","hentry","category-ultimas-noticias","tag-capsula","tag-espacial","tag-estrello","tag-llevaba","tag-los","tag-marihuana","tag-oceano","tag-pacifico","tag-personas","tag-restos","tag-una"],"_links":{"self":[{"href":"https:\/\/13.com.ar\/index.php\/wp-json\/wp\/v2\/posts\/38728","targetHints":{"allow":["GET"]}}],"collection":[{"href":"https:\/\/13.com.ar\/index.php\/wp-json\/wp\/v2\/posts"}],"about":[{"href":"https:\/\/13.com.ar\/index.php\/wp-json\/wp\/v2\/types\/post"}],"author":[{"embeddable":true,"href":"https:\/\/13.com.ar\/index.php\/wp-json\/wp\/v2\/users\/1"}],"replies":[{"embeddable":true,"href":"https:\/\/13.com.ar\/index.php\/wp-json\/wp\/v2\/comments?post=38728"}],"version-history":[{"count":0,"href":"https:\/\/13.com.ar\/index.php\/wp-json\/wp\/v2\/posts\/38728\/revisions"}],"wp:featuredmedia":[{"embeddable":true,"href":"https:\/\/13.com.ar\/index.php\/wp-json\/wp\/v2\/media\/38729"}],"wp:attachment":[{"href":"https:\/\/13.com.ar\/index.php\/wp-json\/wp\/v2\/media?parent=38728"}],"wp:term":[{"taxonomy":"category","embeddable":true,"href":"https:\/\/13.com.ar\/index.php\/wp-json\/wp\/v2\/categories?post=38728"},{"taxonomy":"post_tag","embeddable":true,"href":"https:\/\/13.com.ar\/index.php\/wp-json\/wp\/v2\/tags?post=38728"}],"curies":[{"name":"wp","href":"https:\/\/api.w.org\/{rel}","templated":true}]}}