{"id":38726,"date":"2025-07-02T09:24:31","date_gmt":"2025-07-02T12:24:31","guid":{"rendered":"https:\/\/13.com.ar\/index.php\/francos-no-volvio-al-congreso-a-completar-su-informe-y-la-senadora-del-escandalo-lo-trato-de-rata-y-pidio-su-renuncia\/"},"modified":"2025-07-02T09:24:31","modified_gmt":"2025-07-02T12:24:31","slug":"francos-no-volvio-al-congreso-a-completar-su-informe-y-la-senadora-del-escandalo-lo-trato-de-rata-y-pidio-su-renuncia","status":"publish","type":"post","link":"https:\/\/13.com.ar\/index.php\/francos-no-volvio-al-congreso-a-completar-su-informe-y-la-senadora-del-escandalo-lo-trato-de-rata-y-pidio-su-renuncia\/","title":{"rendered":"Francos no volvi\u00f3 al Congreso a completar su informe y la senadora del esc\u00e1ndalo lo trat\u00f3 de &#8220;rata&#8221; y pidi\u00f3 su renuncia"},"content":{"rendered":"<p> <br \/>\n<br \/><img decoding=\"async\" src=\"https:\/\/13.com.ar\/wp-content\/uploads\/2025\/07\/Francos-no-volvio-al-Congreso-a-completar-su-informe-y.jpg\" \/><\/p>\n<div id=\"element-body-0\">\n<p>Luego del esc\u00e1ndalo que protagoniz\u00f3 junto a la senadora peronista <strong>Cristina Lopez<\/strong>, quien critic\u00f3 al jefe de Gabinete de la Naci\u00f3n mientras brindaba su informe de gesti\u00f3n, la legisladora fueguina t<strong>rat\u00f3 de &#8220;rata&#8221; a Guillermo Francos <\/strong>por no volver al Congreso a completar su exposici\u00f3n y pidi\u00f3 su renuncia al considerar que &#8220;le qued\u00f3 grande el cargo&#8221;.<\/p>\n<\/div>\n<div id=\"element-body-1\">\n<p>&#8220;El jueves pasado <strong>sali\u00f3 corriendo del recinto como &#8216;rata&#8217; <\/strong>(como nos llama su presidente). Y ahora pega el faltazo al Senado con la excusa de &#8216;compromisos contra\u00eddos con anterioridad'&#8221;, apunt\u00f3 Lopez tras el cruce que termin\u00f3 con el funcionario nacional retir\u00e1ndose del recinto de la C\u00e1mara alta. <\/p>\n<\/div>\n<div id=\"element-body-2\">\n<p>A casi una semana de aquel episodio y luego que el ministro coordinador consider\u00f3 que la senadora &#8220;no honra su cargo&#8221;, la legisladora fueguina retruc\u00f3: &#8220;A qui\u00e9n le qued\u00f3 grande el cargo? Francos tiene que renunciar como jefe de Gabinete&#8221;.<\/p>\n<\/div>\n<div id=\"element-body-3\">\n<p><strong>&#8220;No vino al Senado. No rindi\u00f3 cuentas. Nos falt\u00f3 el respeto a todos<\/strong>&#8220;, dispar\u00f3 Lopez a trav\u00e9s de un posteo en su cuenta de X y sentenci\u00f3: &#8220;Si Francos no est\u00e1 dispuesto a rendir cuentas, <strong>que d\u00e9 un paso al costado<\/strong> y se vaya a su casa&#8221;.<\/p>\n<\/div>\n<div id=\"element-body-4\">\n<blockquote class=\"twitter-tweet\">\n<p lang=\"es\" dir=\"ltr\">\ud83e\udd14 A QUI\u00c9N LE QUED\u00d3 GRANDE EL CARGO? <br \/>FRANCOS TIENE QUE RENUNCIAR COMO JEFE DE GABINETE.<\/p>\n<p>\ud83d\udc4e No vino al Senado. No rindi\u00f3 cuentas. Nos falt\u00f3 el respeto a todos.<\/p>\n<p>El jueves pasado sali\u00f3 corriendo del recinto como \u201crata\u201d (como nos llama su presidente).<\/p>\n<p>Y ahora pega el faltazo al\u2026 <a rel=\"nofollow\" target=\"_blank\" href=\"https:\/\/t.co\/2BeGhjAoNM\">pic.twitter.com\/2BeGhjAoNM<\/a><\/p>\n<p>\u2014 Cristina Lopez (@crislopeztdf) <a rel=\"nofollow\" target=\"_blank\" href=\"https:\/\/twitter.com\/crislopeztdf\/status\/1940351551505121349?ref_src=twsrc%5Etfw\">July 2, 2025<\/a><\/p><\/blockquote>\n<\/div>\n<div id=\"element-body-5\">\n<p>&#8220;Soy mujer y peronista. Y si al MENTIROSO de Francos<strong> le molesta la verdad en la cara<\/strong>, significa que estoy haciendo bien mi trabajo&#8221;, arremeti\u00f3 la senadora fueguina haciendo menci\u00f3n a lo sucedido con el funcionario libertario, quien expon\u00eda en el Congreso luego de haber recibido casi 1.000 preguntas de los legisladores.<\/p>\n<\/div>\n<p><h2>El motivo por el que Guillermo Francos dio por terminada su exposici\u00f3n en el Senado y se fue del recinto<\/h2>\n<\/p>\n<div id=\"element-body-7\">\n<p>&#8220;<strong>Mentiroso<\/strong>&#8220;, fue la acusaci\u00f3n que la senadora peronista de Tierra del Fuego le enrostr\u00f3 a Francos y que desat\u00f3 la ira del jefe de Gabinete, quien termin\u00f3 abandonando abruptamente su exposici\u00f3n de este jueves en el Senado.<\/p>\n<\/div>\n<div id=\"element-body-8\">\n<p>&#8220;Le\u00ed muy atentamente la respuesta que nos mand\u00f3 y la verdad que es un mentiroso. Para usted y el presidente Milei, Tierra del Fuego es solo un punto en el mapa para negociar con las potencias extranjeras, poco les importa la soberan\u00eda del Atl\u00e1ntico Sur, la causa Malvinas y el futuro de la Ant\u00e1rtida&#8221;, dispar\u00f3 la senadora peronista.<\/p>\n<\/div>\n<div id=\"element-body-9\">\n<p>El presidente provisional Bartolom\u00e9 Abdala, que estaba presidiendo la sesi\u00f3n en reemplazo de Victoria Villarruel en ese momento, tom\u00f3 el micr\u00f3fono para intervenir: &#8220;El jefe de Gabinete le solicita que retire la palabra &#8216;mentiroso, que se rectifique. Est\u00e1 disconforme con su palabra&#8221;.<\/p>\n<\/div>\n<div id=\"element-body-10\">\n<div class=\"sc-c2c2a3c6-1 kQhBlc videoText videoText\">\n<h2>Video<\/h2>\n<p>Una senadora kirchnerista le dijo \u201cmentiroso\u201d a Francos<\/p>\n<\/div>\n<\/div>\n<div id=\"element-body-11\">\n<p>Sin reparar en el pedido de Abdala, la senadora por Tierra del Fuego continu\u00f3: &#8220;No me interrumpa, por favor. Mucho menos les importa los fueguinos y fueguinas que ven c\u00f3mo este Gobierno los trata con un desprecio como nunca antes visto. Somos miles los fueguinos que sentimos el abandono nacional&#8221;.<\/p>\n<\/div>\n<div id=\"element-body-12\">\n<p>Ante la no reacci\u00f3n de L\u00f3pez, Francos se par\u00f3 y empez\u00f3 a juntar los papeles del escritorio. Nervioso, Abdala insist\u00eda m\u00e1s fuerte: &#8220;Se le solicita que retire la palabra &#8216;mentiroso'&#8221;. <\/p>\n<\/div>\n<div id=\"element-body-13\">\n<p>&#8220;Que se vaya, cu\u00e1l es el problema si nunca dan la cara \u00bfAlguna vez el Presidente o alg\u00fan representante fue a la provincia de Tierra del Fuego? Pobrecito&#8230;.Est\u00e1 faltando a la verdad&#8221;, retruc\u00f3 L\u00f3pez. Y eso es lo que efectivamente hizo Francos, quien abandon\u00f3 el palacio en cuesti\u00f3n de minutos.<\/p>\n<\/div>\n<p><script async src=\"\/\/platform.twitter.com\/widgets.js\" charset=\"utf-8\"><\/script><br \/>\n<br \/><br \/>\n<br \/><a href=\"https:\/\/www.clarin.com\/politica\/francos-volvio-congreso-completar-informe-senadora-escandalo-trato-rata-pidio-renuncia_0_jEiMhtDaor.html\">Fuente Clarin.com <\/a><\/p>\n","protected":false},"excerpt":{"rendered":"<p>Luego del esc\u00e1ndalo que protagoniz\u00f3 junto a la senadora peronista Cristina Lopez, quien critic\u00f3 al jefe de Gabinete de la Naci\u00f3n mientras brindaba su informe de gesti\u00f3n, la legisladora fueguina trat\u00f3 de &#8220;rata&#8221; a Guillermo Francos por no volver al Congreso a completar su exposici\u00f3n y pidi\u00f3 su renuncia al considerar que &#8220;le qued\u00f3 grande [&hellip;]<\/p>\n","protected":false},"author":1,"featured_media":38727,"comment_status":"open","ping_status":"open","sticky":false,"template":"","format":"standard","meta":{"footnotes":""},"categories":[2],"tags":[9287,2010,100,1711,5190,2166,318,7472,5534,18418,9143,504],"class_list":["post-38726","post","type-post","status-publish","format-standard","has-post-thumbnail","hentry","category-ultimas-noticias","tag-completar","tag-congreso","tag-del","tag-escandalo","tag-francos","tag-informe","tag-pidio","tag-rata","tag-renuncia","tag-senadora","tag-trato","tag-volvio"],"_links":{"self":[{"href":"https:\/\/13.com.ar\/index.php\/wp-json\/wp\/v2\/posts\/38726","targetHints":{"allow":["GET"]}}],"collection":[{"href":"https:\/\/13.com.ar\/index.php\/wp-json\/wp\/v2\/posts"}],"about":[{"href":"https:\/\/13.com.ar\/index.php\/wp-json\/wp\/v2\/types\/post"}],"author":[{"embeddable":true,"href":"https:\/\/13.com.ar\/index.php\/wp-json\/wp\/v2\/users\/1"}],"replies":[{"embeddable":true,"href":"https:\/\/13.com.ar\/index.php\/wp-json\/wp\/v2\/comments?post=38726"}],"version-history":[{"count":0,"href":"https:\/\/13.com.ar\/index.php\/wp-json\/wp\/v2\/posts\/38726\/revisions"}],"wp:featuredmedia":[{"embeddable":true,"href":"https:\/\/13.com.ar\/index.php\/wp-json\/wp\/v2\/media\/38727"}],"wp:attachment":[{"href":"https:\/\/13.com.ar\/index.php\/wp-json\/wp\/v2\/media?parent=38726"}],"wp:term":[{"taxonomy":"category","embeddable":true,"href":"https:\/\/13.com.ar\/index.php\/wp-json\/wp\/v2\/categories?post=38726"},{"taxonomy":"post_tag","embeddable":true,"href":"https:\/\/13.com.ar\/index.php\/wp-json\/wp\/v2\/tags?post=38726"}],"curies":[{"name":"wp","href":"https:\/\/api.w.org\/{rel}","templated":true}]}}