{"id":38721,"date":"2025-07-02T08:47:41","date_gmt":"2025-07-02T11:47:41","guid":{"rendered":"https:\/\/13.com.ar\/index.php\/el-salvador-es-un-regimen-autoritario-como-en-los-60-y-70-del-siglo-xx\/"},"modified":"2025-07-02T08:47:41","modified_gmt":"2025-07-02T11:47:41","slug":"el-salvador-es-un-regimen-autoritario-como-en-los-60-y-70-del-siglo-xx","status":"publish","type":"post","link":"https:\/\/13.com.ar\/index.php\/el-salvador-es-un-regimen-autoritario-como-en-los-60-y-70-del-siglo-xx\/","title":{"rendered":"El Salvador es un r\u00e9gimen autoritario como en los 60 y 70 del siglo XX"},"content":{"rendered":"<p> <br \/>\n<br \/><img decoding=\"async\" src=\"https:\/\/13.com.ar\/wp-content\/uploads\/2025\/07\/El-Salvador-es-un-regimen-autoritario-como-en-los-60.jpg\" \/><\/p>\n<div id=\"element-body-0\">\n<p>El <strong>escritor salvadore\u00f1o Horacio Castellanos Moya <\/strong>considera que su pa\u00eds se ha convertido en<strong> &#8220;un r\u00e9gimen autoritario&#8221;<\/strong> similar al de los a\u00f1os 60 y 70 del siglo XX, cuando mandaban los militares, tal como lo describe en su \u00faltima novela, <strong><em>Cornamenta<\/em><\/strong>.<\/p>\n<\/div>\n<div id=\"element-body-2\">\n<p>En una entrevista en Barcelona, el autor dijo que <strong>su pa\u00eds &#8220;ha cambiado much\u00edsimo&#8221;<\/strong> y record\u00f3 que el asesinato de monse\u00f1or \u00d3scar Arnulfo Romero en 1980 dio paso a una guerra civil que termin\u00f3 en 1991 con un acuerdo entre los dos bandos enfrentados con la mediaci\u00f3n de la ONU.<\/p>\n<\/div>\n<div id=\"element-body-4\">\n<p>Aquel acuerdo <strong>permiti\u00f3 &#8220;construir una democracia que dur\u00f3 treinta a\u00f1os<\/strong>, que inclu\u00eda los elementos de un sistema democr\u00e1tico liberal, con separaci\u00f3n de poderes, alternancia en el poder, libertad de expresi\u00f3n, de partidos pol\u00edticos, pero eso dur\u00f3 hasta 2020&#8243;, a\u00f1adi\u00f3.<\/p>\n<\/div>\n<div id=\"element-body-5\">\n<p>A su juicio, ahora,<strong> con Nayib Bukele, hay &#8220;un r\u00e9gimen autoritario que ha vuelto a El Salvador de los a\u00f1os 60 y 70<\/strong>, pues no hay oposici\u00f3n, un partido controla todos los resortes del Estado, y se hace con el apoyo de la poblaci\u00f3n, porque la gente est\u00e1 contenta&#8221;.<\/p>\n<\/div>\n<div id=\"element-body-6\">\n<p>Esta respuesta positiva popular se explica, seg\u00fan Castellanos Moya, porque &#8220;durante el per\u00edodo de democracia de 30 a\u00f1os <strong>hubo un sector social que se fue pudriendo a trav\u00e9s de las pandillas<\/strong>, y el gobierno actual ha acabado con el crimen, como en una especie de intercambio en que se sacrific\u00f3 la democracia a cambio de la seguridad&#8221;.<\/p>\n<\/div>\n<div id=\"element-body-7\">\n<p>Horacio Castellanos,<strong> profesor en la Universidad de Iowa y residente permanente en EE.UU.<\/strong> , prefiere no hablar de cuestiones de pol\u00edtica interna de ese pa\u00eds por una cuesti\u00f3n de prudencia, pero cree que &#8220;El Salvador se ha convertido con Bukele en la c\u00e1rcel de EE.UU.&#8221;.<\/p>\n<\/div>\n<div id=\"element-body-9\">\n<p><em>Cornamenta <\/em>es la continuidad de <strong>una saga de ocho novelas protagonizadas por los Arag\u00f3n<\/strong>, una familia ficticia salvadore\u00f1a que le permite evocar la historia de su pa\u00eds.<\/p>\n<\/div>\n<div id=\"element-body-10\">\n<p>En esta ocasi\u00f3n, <strong>el protagonista es Clemente Arag\u00f3n<\/strong>, un hombre casado y con buena reputaci\u00f3n en la sociedad salvadore\u00f1a, que funda una comunidad de alcoh\u00f3licos an\u00f3nimos, pero que es &#8220;proclive al adulterio&#8221;, y todo ello sucede &#8220;en la d\u00e9cada de los 70, en un momento pol\u00edtico particular, con un fraude electoral que impidi\u00f3 a la oposici\u00f3n gobernar por primera vez despu\u00e9s de 40 a\u00f1os de gobiernos militares&#8221;.<\/p>\n<\/div>\n<div id=\"element-body-11\">\n<p>Seg\u00fan el autor,<strong> el fraude electoral extendi\u00f3 en muchos sectores de la sociedad salvadore\u00f1a &#8220;la idea de que la v\u00eda electoral no era posible<\/strong>, y ese fue el arranque de la radicalizaci\u00f3n que llev\u00f3 a la formaci\u00f3n de la guerrilla y de un ej\u00e9rcito paralelo y a la guerra civil en 1980&#8243;.<\/p>\n<\/div>\n<div id=\"element-body-13\">\n<p><strong>Clemente Arag\u00f3n ya hab\u00eda salido en otras novelas como secundario<\/strong>. Ahora, el protagonista se encuentra en una situaci\u00f3n de peligro &#8220;al tener una aventura con Blanca, esposa de un general y buen amigo suyo, que es adem\u00e1s el director de la polic\u00eda&#8221;.<\/p>\n<\/div>\n<div id=\"element-body-15\">\n<p><strong>Combinar personajes ficticios con reales concede al escritor muchas ventajas<\/strong>: &#8220;El lugar hist\u00f3rico en que suceden los hechos ya est\u00e1 establecido, por tanto, no hay que construir nada, pero te da mayor libertad a la hora de construir a personajes secundarios&#8221;.<\/p>\n<\/div>\n<div id=\"element-body-16\">\n<p>El autor<strong> no sabe si Bukele es un s\u00edntoma de la oleada populista que domina el mundo<\/strong>: &#8220;Llevo 27 a\u00f1os fuera de El Salvador, y ya hace tiempo que no lo visito porque no es prudente volver a un pa\u00eds sin garant\u00edas constitucionales, por lo que mi capacidad de an\u00e1lisis es limitada&#8221;.<\/p>\n<\/div>\n<div id=\"element-body-17\">\n<p>S\u00ed tiene claro el escritor que <strong>no utilizar\u00eda a Bukele como personaje de su novela<\/strong>. &#8220;Ning\u00fan presidente ha sido personaje m\u00edo, no me interesan las personajes normales, y si se mencionan es a partir de las necesidades de la gente&#8221;.<\/p>\n<\/div>\n<div id=\"element-body-19\">\n<p>Castellanos Moya relativiza la situaci\u00f3n de su pa\u00eds porque &#8220;Bukele es de un pa\u00eds peque\u00f1o y poco importante, y <strong>es m\u00e1s grave lo que pasa en Europa, en Medio Oriente <\/strong>y lo que puede pasar en Asia, lo que est\u00e1 en riesgo es el futuro de la humanidad, no tanto los caprichos de los l\u00edderes autoritarios latinoamericanos&#8221;.<\/p>\n<\/div>\n<p><br \/>\n<br \/><a href=\"https:\/\/www.clarin.com\/cultura\/castellanos-moya-salvador-regimen-autoritario-60-70-siglo-xx_0_0dumT5N17s.html\">Fuente Clarin.com <\/a><\/p>\n","protected":false},"excerpt":{"rendered":"<p>El escritor salvadore\u00f1o Horacio Castellanos Moya considera que su pa\u00eds se ha convertido en &#8220;un r\u00e9gimen autoritario&#8221; similar al de los a\u00f1os 60 y 70 del siglo XX, cuando mandaban los militares, tal como lo describe en su \u00faltima novela, Cornamenta. En una entrevista en Barcelona, el autor dijo que su pa\u00eds &#8220;ha cambiado much\u00edsimo&#8221; [&hellip;]<\/p>\n","protected":false},"author":1,"featured_media":38722,"comment_status":"open","ping_status":"open","sticky":false,"template":"","format":"standard","meta":{"footnotes":""},"categories":[2],"tags":[21288,66,100,28,5965,3404,2623],"class_list":["post-38721","post","type-post","status-publish","format-standard","has-post-thumbnail","hentry","category-ultimas-noticias","tag-autoritario","tag-como","tag-del","tag-los","tag-regimen","tag-salvador","tag-siglo"],"_links":{"self":[{"href":"https:\/\/13.com.ar\/index.php\/wp-json\/wp\/v2\/posts\/38721","targetHints":{"allow":["GET"]}}],"collection":[{"href":"https:\/\/13.com.ar\/index.php\/wp-json\/wp\/v2\/posts"}],"about":[{"href":"https:\/\/13.com.ar\/index.php\/wp-json\/wp\/v2\/types\/post"}],"author":[{"embeddable":true,"href":"https:\/\/13.com.ar\/index.php\/wp-json\/wp\/v2\/users\/1"}],"replies":[{"embeddable":true,"href":"https:\/\/13.com.ar\/index.php\/wp-json\/wp\/v2\/comments?post=38721"}],"version-history":[{"count":0,"href":"https:\/\/13.com.ar\/index.php\/wp-json\/wp\/v2\/posts\/38721\/revisions"}],"wp:featuredmedia":[{"embeddable":true,"href":"https:\/\/13.com.ar\/index.php\/wp-json\/wp\/v2\/media\/38722"}],"wp:attachment":[{"href":"https:\/\/13.com.ar\/index.php\/wp-json\/wp\/v2\/media?parent=38721"}],"wp:term":[{"taxonomy":"category","embeddable":true,"href":"https:\/\/13.com.ar\/index.php\/wp-json\/wp\/v2\/categories?post=38721"},{"taxonomy":"post_tag","embeddable":true,"href":"https:\/\/13.com.ar\/index.php\/wp-json\/wp\/v2\/tags?post=38721"}],"curies":[{"name":"wp","href":"https:\/\/api.w.org\/{rel}","templated":true}]}}