{"id":3872,"date":"2025-02-11T12:13:38","date_gmt":"2025-02-11T15:13:38","guid":{"rendered":"https:\/\/13.com.ar\/index.php\/como-es-el-edificio-de-lujo-de-mercedes-benz\/"},"modified":"2025-02-11T12:13:38","modified_gmt":"2025-02-11T15:13:38","slug":"como-es-el-edificio-de-lujo-de-mercedes-benz","status":"publish","type":"post","link":"https:\/\/13.com.ar\/index.php\/como-es-el-edificio-de-lujo-de-mercedes-benz\/","title":{"rendered":"c\u00f3mo es el edificio de lujo de Mercedes-Benz"},"content":{"rendered":"<p> <br \/>\n<\/p>\n<div id=\"cuerpo\">\n<div class=\"sc-80531b6b-0 chRIGJ container-text text-embed\">\n<p><strong>Mercedes-Benz<\/strong> comenz\u00f3 la construcci\u00f3n de un edificio en la ciudad de Miami, que promete tener los mejores <em>amenities <\/em>de la ciudad, entre ellos, <strong>un simulador de F\u00f3rmula 1 <\/strong>a disposici\u00f3n de los inquilinos.<\/p>\n<\/div>\n<div class=\"sc-80531b6b-0 chRIGJ container-text text-embed\">\n<p>Ubicado en el revalorizado barrio de Brickell, el emprendimiento estar\u00e1 terminado en 2027 y contar\u00e1 con dos torres que generar\u00e1n la mayor superficie construida para un solo proyecto inmobiliario en todo el estado de Florida. Tendr\u00e1 232.000 metros cuadrados de residencias, oficinas y hasta un hotel de lujo.<\/p>\n<\/div>\n<div class=\"sc-80531b6b-0 chRIGJ container-text text-embed\">\n<p>Bajo el nombre de Mercedes-Benz Places, se trata del <strong>segundo edificio de lujo que encara la empresa alemana<\/strong>, despu\u00e9s del \u00e9xito obtenido en Dubai, en donde se construy\u00f3 el primer emprendimiento. Todo parece indicar que repetir\u00e1 el mismo suceso.<\/p>\n<\/div>\n<div class=\"sc-80531b6b-0 chRIGJ container-text text-embed\">\n<p>Tras el lanzamiento inicial de las ventas de la Torre 1 del proyecto de Miami, a principios de 2024, se adquirieron 100 residencias en tan solo cuatro d\u00edas. Ahora se acaba de lanzar la venta de la Torre 2 y <strong>los precios arrancan en 700.000 d\u00f3lares para un monoambiente<\/strong>.<\/p>\n<\/div>\n<div class=\"sc-80531b6b-0 chRIGJ container-text text-embed\">\n<p>Los departamentos de una habitaci\u00f3n comienzan en 1,2 millones de d\u00f3lares, las unidades de dos habitaciones cuestan alrededor de 1,5 millones, y los condominios de tres habitaciones tienen un valor desde 2,7 millones de d\u00f3lares.<\/p>\n<\/div>\n<div class=\"sc-198be8ec-0 cynXbu image-embed  image-embed \"><picture class=\"sc-198be8ec-1 kOjRiQ\"><source media=\"(min-width: 975px)\" width=\"720\" height=\"480\" \/><img alt=\"Fachada del ingreso a una de las torres del Mercedes-Benz Places.\" loading=\"lazy\" width=\"720\" height=\"480\" decoding=\"async\" data-nimg=\"1\" style=\"color:transparent\" src=\"https:\/\/13.com.ar\/wp-content\/uploads\/2025\/02\/como-es-el-edificio-de-lujo-de-Mercedes-Benz.jpg\"\/><span class=\"epigraphe\">Fachada del ingreso a una de las torres del Mercedes-Benz Places.<\/span><span class=\"bkg\"\/><span class=\"picture-open\"><button class=\"open-image\" aria-label=\"Open Image\"\/><\/span><\/picture><\/div>\n<div class=\"sc-80531b6b-0 chRIGJ container-text text-embed\">\n<p>No es casualidad que la compa\u00f1\u00eda haya elegido esta ciudad y la zona de Brickell para su emplazamiento, ya que se trata de uno de los sitios mejor valorados para inversiones de <em>real estate<\/em>. En esta ciudad hay otros proyectos que <strong>mezclan autos de lujo con arquitectura, como los de Porsche, Pagani o Aston Martin<\/strong>,<\/p>\n<\/div>\n<p><h2>Lujo y estilo en Miami<\/h2>\n<\/p>\n<div class=\"sc-80531b6b-0 chRIGJ container-text text-embed\">\n<p>Junto con la puesta a la venta de la Torre 2, se inaugur\u00f3 una galer\u00eda de ventas del proyecto, una construcci\u00f3n que muestra lo m\u00e1s destacado del dise\u00f1o interior para las suites residenciales y ofrece un primer vistazo del <em>Silver Arrow Lounge<\/em>, un espacio en la terraza solo para residentes que tiene una pileta de 16 metros de largo y un amplio <em>deck <\/em>inspirados en las cl\u00e1sicas Flechas de Plata de carreras de Mercedes-Benz.<\/p>\n<\/div>\n<div class=\"sc-80531b6b-0 chRIGJ container-text text-embed\">\n<p>La llamativa<strong> torre cuboide de 67 pisos <\/strong>buscar\u00e1 encarnar la est\u00e9tica de la marca Mercedes-Benz. Seg\u00fan explicaron sus desarrolladores, su dise\u00f1o &#8220;integra a la perfecci\u00f3n la artesan\u00eda tradicional con tecnolog\u00eda avanzada, con el objetivo de establecer un nuevo punto de referencia para la precisi\u00f3n y la calidad&#8221;.<\/p>\n<\/div>\n<div class=\"sc-198be8ec-0 cynXbu image-embed  image-embed \"><picture class=\"sc-198be8ec-1 kOjRiQ\"><source media=\"(min-width: 975px)\" width=\"720\" height=\"480\" \/><img alt=\"Render final del Mercedes-Benz Places.\" loading=\"lazy\" width=\"720\" height=\"480\" decoding=\"async\" data-nimg=\"1\" style=\"color:transparent\" src=\"https:\/\/13.com.ar\/wp-content\/uploads\/2025\/02\/1739286817_509_como-es-el-edificio-de-lujo-de-Mercedes-Benz.jpg\"\/><span class=\"epigraphe\">Render final del Mercedes-Benz Places.<\/span><span class=\"bkg\"\/><span class=\"picture-open\"><button class=\"open-image\" aria-label=\"Open Image\"\/><\/span><\/picture><\/div>\n<div class=\"sc-80531b6b-0 chRIGJ container-text text-embed\">\n<p>Para tratar de lograr ese objetivo, se lo involucr\u00f3 directamente a Gorden Wagener, jefe de dise\u00f1o de la marca de autos. &#8220;Estamos transfiriendo nuestra importante experiencia en dise\u00f1o automotriz a la arquitectura y con eso hacemos una declaraci\u00f3n atemporal, fuerte y diferente&#8221; coment\u00f3 Wagener.<\/p>\n<\/div>\n<div class=\"sc-80531b6b-0 chRIGJ container-text text-embed\">\n<p>Entre los elementos que llaman la atenci\u00f3n se destacan la <em>Porte Coch\u00e8re<\/em> privada, una entrada lujosa a un vest\u00edbulo refinado. Mercedes-Benz Design inform\u00f3 que est\u00e1 colaborando con diferentes empresas para crear un espacio habitable completamente moderno. Como resultado, <strong>las residencias cuentan con ventanas de piso a techo de hasta 3 metros de alto<\/strong>, junto con cocinas y ba\u00f1os dise\u00f1ados a medida.<\/p>\n<\/div>\n<div class=\"sc-80531b6b-0 chRIGJ container-text text-embed\">\n<p>El proyecto comprende aproximadamente 800 departamentos, que van desde monoambientes hasta condominios de tres habitaciones con vistas espectaculares de Miami, la Bah\u00eda Biscayne y el Oc\u00e9ano Atl\u00e1ntico.<\/p>\n<\/div>\n<div class=\"sc-198be8ec-0 cynXbu image-embed  image-embed \"><picture class=\"sc-198be8ec-1 kOjRiQ\"><source media=\"(min-width: 975px)\" width=\"720\" height=\"480\" \/><img alt=\"Gorden Wagener, jefe de dise\u00f1o de la marca alemana, en el evento de lanzamiento de Mercedes-Benz Places.\" loading=\"lazy\" width=\"720\" height=\"480\" decoding=\"async\" data-nimg=\"1\" style=\"color:transparent\" src=\"https:\/\/13.com.ar\/wp-content\/uploads\/2025\/02\/1739286817_423_como-es-el-edificio-de-lujo-de-Mercedes-Benz.jpg\"\/><span class=\"epigraphe\">Gorden Wagener, jefe de dise\u00f1o de la marca alemana, en el evento de lanzamiento de Mercedes-Benz Places.<\/span><span class=\"bkg\"\/><span class=\"picture-open\"><button class=\"open-image\" aria-label=\"Open Image\"\/><\/span><\/picture><\/div>\n<div class=\"sc-80531b6b-0 chRIGJ container-text text-embed\">\n<p>&#8220;Mercedes-Benz Places en Miami ofrecer\u00e1 espacios, servicios y experiencias que trascienden lo ordinario&#8221; promete la empresa sobre este proyecto. El desarrollo contar\u00e1 con m\u00e1s de <strong>12.000 metros cuadrados dedicados a comodidades y hospitalidad<\/strong>, junto con 23.000 metros cuadrados adicionales de espacio de oficinas de primer nivel, instalaciones de salud y <em>fitness<\/em>, Tambi\u00e9n se contempla un hotel de 174 habitaciones. <\/p>\n<\/div>\n<div class=\"sc-80531b6b-0 chRIGJ container-text text-embed\">\n<p>El proyecto adem\u00e1s albergar\u00e1 estaciones de carga para veh\u00edculos el\u00e9ctricos, bicicletas y scooters compartidos, servicio de <em>valet parking<\/em> y autos residenciales para los residentes.<\/p>\n<\/div>\n<div class=\"sc-80531b6b-0 chRIGJ container-text text-embed\">\n<p>Esta torre forma parte del negocio de licencias de Mercedes-Benz de Mercedes\u2011Benz Customer Solutions GmbH y est\u00e1 siendo desarrollada por JDS Development Group. La empresa afirm\u00f3 que se implementar\u00e1n soluciones m\u00f3viles y digitales avanzadas en colaboraci\u00f3n con ReWyre, una plataforma tecnol\u00f3gica especializada en propiedades comerciales. <\/p>\n<\/div>\n<div class=\"sc-198be8ec-0 cynXbu image-embed  image-embed \"><picture class=\"sc-198be8ec-1 kOjRiQ\"><source media=\"(min-width: 975px)\" width=\"720\" height=\"480\" \/><img alt=\"Espacio Silver Arrow en Mercedes-Benz Places.\" loading=\"lazy\" width=\"720\" height=\"480\" decoding=\"async\" data-nimg=\"1\" style=\"color:transparent\" src=\"https:\/\/13.com.ar\/wp-content\/uploads\/2025\/02\/1739286817_53_como-es-el-edificio-de-lujo-de-Mercedes-Benz.jpg\"\/><span class=\"epigraphe\">Espacio Silver Arrow en Mercedes-Benz Places.<\/span><span class=\"bkg\"\/><span class=\"picture-open\"><button class=\"open-image\" aria-label=\"Open Image\"\/><\/span><\/picture><\/div>\n<div class=\"sc-198be8ec-0 cynXbu image-embed  image-embed \"><picture class=\"sc-198be8ec-1 kOjRiQ\"><source media=\"(min-width: 975px)\" width=\"720\" height=\"480\" \/><img alt=\"Vista de una sala en Mercedes-Benz Places.\" loading=\"lazy\" width=\"720\" height=\"480\" decoding=\"async\" data-nimg=\"1\" style=\"color:transparent\" src=\"https:\/\/13.com.ar\/wp-content\/uploads\/2025\/02\/1739286818_142_como-es-el-edificio-de-lujo-de-Mercedes-Benz.jpg\"\/><span class=\"epigraphe\">Vista de una sala en Mercedes-Benz Places.<\/span><span class=\"bkg\"\/><span class=\"picture-open\"><button class=\"open-image\" aria-label=\"Open Image\"\/><\/span><\/picture><\/div>\n<div class=\"sc-198be8ec-0 cynXbu image-embed  image-embed \"><picture class=\"sc-198be8ec-1 kOjRiQ\"><source media=\"(min-width: 975px)\" width=\"720\" height=\"480\" \/><img alt=\"Dise\u00f1o del vest\u00edbulo de entrada en Mercedes-Benz Places.\" loading=\"lazy\" width=\"720\" height=\"480\" decoding=\"async\" data-nimg=\"1\" style=\"color:transparent\" src=\"https:\/\/13.com.ar\/wp-content\/uploads\/2025\/02\/1739286818_792_como-es-el-edificio-de-lujo-de-Mercedes-Benz.jpg\"\/><span class=\"epigraphe\">Dise\u00f1o del vest\u00edbulo de entrada en Mercedes-Benz Places.<\/span><span class=\"bkg\"\/><span class=\"picture-open\"><button class=\"open-image\" aria-label=\"Open Image\"\/><\/span><\/picture><\/div>\n<div class=\"sc-198be8ec-0 cynXbu image-embed  image-embed \"><picture class=\"sc-198be8ec-1 kOjRiQ\"><source media=\"(min-width: 975px)\" width=\"720\" height=\"480\" \/><img alt=\"Simulador de F\u00f3rmula 1 en Mercedes-Benz Places.\" loading=\"lazy\" width=\"720\" height=\"480\" decoding=\"async\" data-nimg=\"1\" style=\"color:transparent\" src=\"https:\/\/13.com.ar\/wp-content\/uploads\/2025\/02\/1739286818_449_como-es-el-edificio-de-lujo-de-Mercedes-Benz.jpg\"\/><span class=\"epigraphe\">Simulador de F\u00f3rmula 1 en Mercedes-Benz Places.<\/span><span class=\"bkg\"\/><span class=\"picture-open\"><button class=\"open-image\" aria-label=\"Open Image\"\/><\/span><\/picture><\/div>\n<div class=\"sc-198be8ec-0 cynXbu image-embed  image-embed \"><picture class=\"sc-198be8ec-1 kOjRiQ\"><source media=\"(min-width: 975px)\" width=\"720\" height=\"480\" \/><img alt=\"Vista de una cocina en Mercedes-Benz Places.\" loading=\"lazy\" width=\"720\" height=\"480\" decoding=\"async\" data-nimg=\"1\" style=\"color:transparent\" src=\"https:\/\/13.com.ar\/wp-content\/uploads\/2025\/02\/1739286818_687_como-es-el-edificio-de-lujo-de-Mercedes-Benz.jpg\"\/><span class=\"epigraphe\">Vista de una cocina en Mercedes-Benz Places.<\/span><span class=\"bkg\"\/><span class=\"picture-open\"><button class=\"open-image\" aria-label=\"Open Image\"\/><\/span><\/picture><\/div>\n<div class=\"sc-198be8ec-0 cynXbu image-embed  image-embed \"><picture class=\"sc-198be8ec-1 kOjRiQ\"><source media=\"(min-width: 975px)\" width=\"720\" height=\"480\" \/><img alt=\"Microcine en Mercedes-Benz Places.\" loading=\"lazy\" width=\"720\" height=\"480\" decoding=\"async\" data-nimg=\"1\" style=\"color:transparent\" src=\"https:\/\/13.com.ar\/wp-content\/uploads\/2025\/02\/1739286818_515_como-es-el-edificio-de-lujo-de-Mercedes-Benz.jpg\"\/><span class=\"epigraphe\">Microcine en Mercedes-Benz Places.<\/span><span class=\"bkg\"\/><span class=\"picture-open\"><button class=\"open-image\" aria-label=\"Open Image\"\/><\/span><\/picture><\/div>\n<div class=\"sc-198be8ec-0 cynXbu image-embed  image-embed \"><picture class=\"sc-198be8ec-1 kOjRiQ\"><source media=\"(min-width: 975px)\" width=\"720\" height=\"480\" \/><img alt=\"Mercedes-Benz Places estar\u00e1 listo en 2027.\" loading=\"lazy\" width=\"720\" height=\"480\" decoding=\"async\" data-nimg=\"1\" style=\"color:transparent\" src=\"https:\/\/13.com.ar\/wp-content\/uploads\/2025\/02\/1739286818_65_como-es-el-edificio-de-lujo-de-Mercedes-Benz.jpg\"\/><span class=\"epigraphe\">Mercedes-Benz Places estar\u00e1 listo en 2027.<\/span><span class=\"bkg\"\/><span class=\"picture-open\"><button class=\"open-image\" aria-label=\"Open Image\"\/><\/span><\/picture><\/div>\n<div class=\"sc-4306f4f9-0 bAPCpp\">\n<div class=\"inner-card-m\">\n<div class=\"related-content\">\n<p><span class=\"body-title\">Mir\u00e1 tambi\u00e9n<\/span><\/p>\n<h3>Uno por uno, todos los autos que bajaron precios luego de los cambios en el impuesto interno<\/h3>\n<source media=\"(min-width: 975px)\" width=\"340\" height=\"340\" \/><img alt=\"Uno por uno, todos los autos que bajaron precios luego de los cambios en el impuesto interno\" loading=\"lazy\" width=\"340\" height=\"340\" decoding=\"async\" data-nimg=\"1\" style=\"color:transparent\" src=\"https:\/\/13.com.ar\/wp-content\/uploads\/2025\/02\/1739286818_662_como-es-el-edificio-de-lujo-de-Mercedes-Benz.jpg\"\/><\/div>\n<\/div>\n<\/div>\n<div class=\"sc-4306f4f9-0 bAPCpp\">\n<div class=\"inner-card-m\">\n<div class=\"related-content\">\n<p><span class=\"body-title\">Mir\u00e1 tambi\u00e9n<\/span><\/p>\n<h3>La venta de autos usados tuvo el mejor arranque de la historia: los 10 modelos m\u00e1s buscados<\/h3>\n<source media=\"(min-width: 975px)\" width=\"340\" height=\"340\" \/><img alt=\"La venta de autos usados tuvo el mejor arranque de la historia: los 10 modelos m\u00e1s buscados\" loading=\"lazy\" width=\"340\" height=\"340\" decoding=\"async\" data-nimg=\"1\" style=\"color:transparent\" src=\"https:\/\/13.com.ar\/wp-content\/uploads\/2025\/02\/1739286818_820_como-es-el-edificio-de-lujo-de-Mercedes-Benz.jpg\"\/><\/div>\n<\/div>\n<\/div>\n<\/div>\n<p><br \/>\n<br \/><a href=\"https:\/\/www.clarin.com\/autos\/simulador-formula-1-mejores-amenities-miami-edificio-lujo-mercedes-benz_0_V7fN4jq88p.html\">Fuente Clarin.com <\/a><\/p>\n","protected":false},"excerpt":{"rendered":"<p>Mercedes-Benz comenz\u00f3 la construcci\u00f3n de un edificio en la ciudad de Miami, que promete tener los mejores amenities de la ciudad, entre ellos, un simulador de F\u00f3rmula 1 a disposici\u00f3n de los inquilinos. Ubicado en el revalorizado barrio de Brickell, el emprendimiento estar\u00e1 terminado en 2027 y contar\u00e1 con dos torres que generar\u00e1n la mayor [&hellip;]<\/p>\n","protected":false},"author":1,"featured_media":3873,"comment_status":"open","ping_status":"open","sticky":false,"template":"","format":"standard","meta":{"footnotes":""},"categories":[2],"tags":[66,5900,259,3419],"class_list":["post-3872","post","type-post","status-publish","format-standard","has-post-thumbnail","hentry","category-ultimas-noticias","tag-como","tag-edificio","tag-lujo","tag-mercedesbenz"],"_links":{"self":[{"href":"https:\/\/13.com.ar\/index.php\/wp-json\/wp\/v2\/posts\/3872","targetHints":{"allow":["GET"]}}],"collection":[{"href":"https:\/\/13.com.ar\/index.php\/wp-json\/wp\/v2\/posts"}],"about":[{"href":"https:\/\/13.com.ar\/index.php\/wp-json\/wp\/v2\/types\/post"}],"author":[{"embeddable":true,"href":"https:\/\/13.com.ar\/index.php\/wp-json\/wp\/v2\/users\/1"}],"replies":[{"embeddable":true,"href":"https:\/\/13.com.ar\/index.php\/wp-json\/wp\/v2\/comments?post=3872"}],"version-history":[{"count":0,"href":"https:\/\/13.com.ar\/index.php\/wp-json\/wp\/v2\/posts\/3872\/revisions"}],"wp:featuredmedia":[{"embeddable":true,"href":"https:\/\/13.com.ar\/index.php\/wp-json\/wp\/v2\/media\/3873"}],"wp:attachment":[{"href":"https:\/\/13.com.ar\/index.php\/wp-json\/wp\/v2\/media?parent=3872"}],"wp:term":[{"taxonomy":"category","embeddable":true,"href":"https:\/\/13.com.ar\/index.php\/wp-json\/wp\/v2\/categories?post=3872"},{"taxonomy":"post_tag","embeddable":true,"href":"https:\/\/13.com.ar\/index.php\/wp-json\/wp\/v2\/tags?post=3872"}],"curies":[{"name":"wp","href":"https:\/\/api.w.org\/{rel}","templated":true}]}}