{"id":38715,"date":"2025-07-02T08:08:30","date_gmt":"2025-07-02T11:08:30","guid":{"rendered":"https:\/\/13.com.ar\/index.php\/precios-de-las-entradas-cronograma-que-dia-iria-javier-milei-y-todo-lo-que-tenes-que-saber\/"},"modified":"2025-07-02T08:08:30","modified_gmt":"2025-07-02T11:08:30","slug":"precios-de-las-entradas-cronograma-que-dia-iria-javier-milei-y-todo-lo-que-tenes-que-saber","status":"publish","type":"post","link":"https:\/\/13.com.ar\/index.php\/precios-de-las-entradas-cronograma-que-dia-iria-javier-milei-y-todo-lo-que-tenes-que-saber\/","title":{"rendered":"precios de las entradas, cronograma, qu\u00e9 d\u00eda ir\u00eda Javier Milei y todo lo que ten\u00e9s que saber"},"content":{"rendered":"<p> <br \/>\n<\/p>\n<div id=\"cuerpo\">\n<div class=\"sc-45461e9c-0 eqiBeF container-text text-embed \" id=\"element-body-0\">\n<p>La Sociedad Rural Argentina present\u00f3 oficialmente la 137\u00b0 Exposici\u00f3n de Ganader\u00eda, Agricultura e Industria Internacional, que se llevar\u00e1 a cabo del 17 al 27 de julio en el predio ferial de Palermo.<\/p>\n<\/div>\n<div class=\"sc-45461e9c-0 eqiBeF container-text text-embed \" id=\"element-body-1\">\n<p>Este a\u00f1o la muestra contar\u00e1 con <strong>m\u00e1s de 400 expositores comerciales, 15 provincias representadas, y m\u00e1s de 2200 animales en pista<\/strong>. Adem\u00e1s, se suman novedades en tecnolog\u00eda, innovaci\u00f3n, gen\u00e9tica, maquinaria y oferta gastron\u00f3mica, consolidando a la Rural como un polo de atracci\u00f3n para productores, empresarios, familias y visitantes de todo el pa\u00eds.<\/p>\n<\/div>\n<div class=\"sc-45461e9c-0 eqiBeF container-text text-embed \" id=\"element-body-2\">\n<p> Habr\u00e1 24 razas bovinas, 3 caprinas, 21 equinas, 15 ovinas y 6 porcinas. Entre las novedades, se destacan Speckle Park, Devon, Gypsy, Vanner, Holando Argentino y Merino.<\/p>\n<\/div>\n<div class=\"sc-98b114a2-0 bkqiHH image-embed  image-embed \" id=\"element-body-3\"><picture class=\"sc-98b114a2-1 jRUlDm\"><source media=\"(min-width: 975px)\" width=\"720\" height=\"480\" \/><img alt=\"Exposici\u00f3n ganadera. Foto Federico Lopez Claro.\" loading=\"lazy\" width=\"720\" height=\"480\" decoding=\"async\" data-nimg=\"1\" style=\"color:transparent\" src=\"https:\/\/13.com.ar\/wp-content\/uploads\/2025\/07\/precios-de-las-entradas-cronograma-que-dia-iria-Javier-Milei.jpg\"\/><span class=\"epigraphe\">Exposici\u00f3n ganadera. Foto Federico Lopez Claro.<\/span><span class=\"picture-open\"><button class=\"open-image\" aria-label=\"Open Image\"\/><\/span><\/picture><\/div>\n<p><h2>Algunas de las actividades m\u00e1s destacadas<\/h2>\n<\/p>\n<div class=\"sc-45461e9c-0 eqiBeF container-text text-embed \" id=\"element-body-5\">\n<p>El d\u00eda de la apertura, el jueves 17 de julio, se realizar\u00e1 un homenaje especial por los 100 a\u00f1os de la partida de los caballos criollos<strong> Gato y Mancha<\/strong> hacia su incre\u00edble traves\u00eda a Estados Unidos; un viaje que se inici\u00f3 en la Pista Central del predio, en 1925.<\/p>\n<\/div>\n<div class=\"sc-45461e9c-0 eqiBeF container-text text-embed \" id=\"element-body-6\">\n<p>Ese mismo d\u00eda tambi\u00e9n tendr\u00e1 lugar el Encuentro Interreligioso, en el que participar\u00e1n referentes del cristianismo, juda\u00edsmo e islam, entre otras religiones, como un s\u00edmbolo de unidad y diversidad en el \u00e1mbito rural. Ser\u00e1 la tercera edici\u00f3n y, este a\u00f1o especialmente, se realizar\u00e1 un homenaje al Papa Francisco.<\/p>\n<\/div>\n<div class=\"sc-45461e9c-0 eqiBeF container-text text-embed \" id=\"element-body-7\">\n<p>En relaci\u00f3n con lo acad\u00e9mico, est\u00e1 previsto el desarrollo de charlas y conferencias, organizadas por Acci\u00f3n Pol\u00edtica de la SRA, donde se analizar\u00e1n temas de inter\u00e9s para los productores: granos, sostenibilidad, carnes, seguridad rural, entre otros.<\/p>\n<\/div>\n<div class=\"sc-98b114a2-0 bkqiHH image-embed  image-embed \" id=\"element-body-8\"><picture class=\"sc-98b114a2-1 jRUlDm\"><source media=\"(min-width: 975px)\" width=\"720\" height=\"480\" \/><img alt=\"Exposici\u00f3n Rural 2024. Foto Federico Lopez Claro.\" loading=\"lazy\" width=\"720\" height=\"480\" decoding=\"async\" data-nimg=\"1\" style=\"color:transparent\" src=\"https:\/\/13.com.ar\/wp-content\/uploads\/2025\/07\/1751454510_252_precios-de-las-entradas-cronograma-que-dia-iria-Javier-Milei.jpg\"\/><span class=\"epigraphe\">Exposici\u00f3n Rural 2024. Foto Federico Lopez Claro.<\/span><span class=\"picture-open\"><button class=\"open-image\" aria-label=\"Open Image\"\/><\/span><\/picture><\/div>\n<div class=\"sc-45461e9c-0 eqiBeF container-text text-embed \" id=\"element-body-9\">\n<p>Tambi\u00e9n se destac\u00f3 que durante toda la Expo el p\u00fablico <strong>podr\u00e1 disfrutar, por las tardes, de la m\u00fasica de las bandas militares.<\/strong><\/p>\n<\/div>\n<div class=\"sc-45461e9c-0 eqiBeF container-text text-embed \" id=\"element-body-10\">\n<p>Este a\u00f1o, el acto de Inauguraci\u00f3n se realizar\u00e1 el \u00faltimo s\u00e1bado de la Exposici\u00f3n, y esa misma tarde se oficiar\u00e1 la Misa de Campo en la Pista Central. <\/p>\n<\/div>\n<div class=\"sc-45461e9c-0 eqiBeF container-text text-embed \" id=\"element-body-11\">\n<p>Se espera que participa el Presidente Javier Milei, como lo hizo el a\u00f1o pasado, que llev\u00f3 medidas concretas para el sector agropecuario.<\/p>\n<\/div>\n<div class=\"sc-98b114a2-0 bkqiHH image-embed  image-embed \" id=\"element-body-12\"><picture class=\"sc-98b114a2-1 jRUlDm\"><source media=\"(min-width: 975px)\" width=\"720\" height=\"480\" \/><img alt=\"AME5606. BUENOS AIRES (ARGENTINA), 28\/07\/2024.- Fotograf\u00eda cedida por la Presidencia de Argentina del presidente de Argentina, Javier Milei, saludando en la 136a. edici\u00f3n de la Exposici\u00f3n de Ganader\u00eda, Agricultura e Industria Internacional (Expo Rural) este domingo, que organiza la Sociedad Rural de Argentina en Buenos Aires (Argentina). Milei se comprometi\u00f3 ante una nutrida representaci\u00f3n del sector agropecuario del pa\u00eds, a una futura eliminaci\u00f3n de las retenciones impositivas al campo y de las restricciones cambiarias -el conocido 'cepo'-, aunque pidi\u00f3 &quot;paciencia&quot; para completar sus reformas. EFE\/ Presidencia de Argentina \/SOLO USO EDITORIAL\/ SOLO DISPONIBLE PARA ILUSTRAR LA NOTICIA QUE ACOMPA\u00d1A (CR\u00c9DITO OBLIGATORIO)\" loading=\"lazy\" width=\"720\" height=\"480\" decoding=\"async\" data-nimg=\"1\" style=\"color:transparent\" src=\"https:\/\/13.com.ar\/wp-content\/uploads\/2025\/07\/1751454510_268_precios-de-las-entradas-cronograma-que-dia-iria-Javier-Milei.jpg\"\/><span class=\"epigraphe\">AME5606. BUENOS AIRES (ARGENTINA), 28\/07\/2024.- Fotograf\u00eda cedida por la Presidencia de Argentina del presidente de Argentina, Javier Milei, saludando en la 136a. edici\u00f3n de la Exposici\u00f3n de Ganader\u00eda, Agricultura e Industria Internacional (Expo Rural) este domingo, que organiza la Sociedad Rural de Argentina en Buenos Aires (Argentina). Milei se comprometi\u00f3 ante una nutrida representaci\u00f3n del sector agropecuario del pa\u00eds, a una futura eliminaci\u00f3n de las retenciones impositivas al campo y de las restricciones cambiarias -el conocido &#8216;cepo&#8217;-, aunque pidi\u00f3 &#8220;paciencia&#8221; para completar sus reformas. EFE\/ Presidencia de Argentina \/SOLO USO EDITORIAL\/ SOLO DISPONIBLE PARA ILUSTRAR LA NOTICIA QUE ACOMPA\u00d1A (CR\u00c9DITO OBLIGATORIO)<\/span><span class=\"picture-open\"><button class=\"open-image\" aria-label=\"Open Image\"\/><\/span><\/picture><\/div>\n<div class=\"sc-45461e9c-0 eqiBeF container-text text-embed \" id=\"element-body-13\">\n<p> El \u00faltimo domingo de la Expo Rural 25 se contar\u00e1 con la <strong>imponente interpretaci\u00f3n de la Alegor\u00eda Hist\u00f3rica del Desierto<\/strong>. Y a continuaci\u00f3n tendr\u00e1 lugar un Remate a beneficio de la Fundaci\u00f3n Soldado.<\/p>\n<\/div>\n<p><h2>Congreso Internacional de Aviaci\u00f3n Agr\u00edcola<\/h2>\n<\/p>\n<div class=\"sc-45461e9c-0 eqiBeF container-text text-embed \" id=\"element-body-15\">\n<p>Uno de los puntos altos de esta edici\u00f3n ser\u00e1 el Congreso Internacional de Aviaci\u00f3n Agr\u00edcola, que se realizar\u00e1 el 21 y 22 de julio en el Auditorio Principal del predio. El evento es organizado por la Federaci\u00f3n Argentina de C\u00e1maras Agroa\u00e9reas (Fearca), SINDAG de Brasil, ANEPA de Uruguay y La Rural S.A..<\/p>\n<\/div>\n<div class=\"sc-45461e9c-0 eqiBeF container-text text-embed \" id=\"element-body-16\">\n<p>Con 25 expositores y m\u00e1s de 20 conferencias especializadas, el congreso buscar\u00e1 mostrar los avances tecnol\u00f3gicos del sector aeroagr\u00edcola y su transformaci\u00f3n en una herramienta fundamental para el cuidado de la poblaci\u00f3n urbana y rural.<\/p>\n<\/div>\n<div class=\"sc-45461e9c-0 eqiBeF container-text text-embed \" id=\"element-body-17\">\n<p>Los ejes tem\u00e1ticos ser\u00e1n: Seguridad alimentaria, Protecci\u00f3n ambiental, y Bienestar social.<\/p>\n<\/div>\n<p><h2>Sal\u00f3n Agtech<\/h2>\n<\/p>\n<div class=\"sc-45461e9c-0 eqiBeF container-text text-embed \" id=\"element-body-19\">\n<p>El Sal\u00f3n Agtech, que tendr\u00e1 su segunda edici\u00f3n los d\u00edas 17 y 18 de julio en el Auditorio Principal del predio ferial de Palermo.<\/p>\n<\/div>\n<div class=\"sc-98b114a2-0 bkqiHH image-embed  image-embed \" id=\"element-body-20\"><picture class=\"sc-98b114a2-1 jRUlDm\"><source media=\"(min-width: 975px)\" width=\"720\" height=\"480\" \/><img alt=\"Exposici\u00f3n rural 2024. Fotos Ariel Grinberg.\" loading=\"lazy\" width=\"720\" height=\"480\" decoding=\"async\" data-nimg=\"1\" style=\"color:transparent\" src=\"https:\/\/13.com.ar\/wp-content\/uploads\/2025\/07\/1751454510_38_precios-de-las-entradas-cronograma-que-dia-iria-Javier-Milei.jpg\"\/><span class=\"epigraphe\">Exposici\u00f3n rural 2024. Fotos Ariel Grinberg.<\/span><span class=\"picture-open\"><button class=\"open-image\" aria-label=\"Open Image\"\/><\/span><\/picture><\/div>\n<div class=\"sc-45461e9c-0 eqiBeF container-text text-embed \" id=\"element-body-21\">\n<p>La propuesta est\u00e1 pensada como un punto de encuentro para startups, empresas, inversores y referentes del sector agroalimentario y tecnol\u00f3gico, con el objetivo de visibilizar y potenciar la innovaci\u00f3n nacional aplicada al agro.<\/p>\n<\/div>\n<div class=\"sc-45461e9c-0 eqiBeF container-text text-embed \" id=\"element-body-22\">\n<p>Con la participaci\u00f3n de 20 expositores comerciales y una agenda intensa de actividades, el Sal\u00f3n Agtech 2025 buscar\u00e1 consolidarse como un espacio de referencia para la articulaci\u00f3n entre la ciencia, la tecnolog\u00eda y la producci\u00f3n.<\/p>\n<\/div>\n<div class=\"sc-98b114a2-0 bkqiHH image-embed  image-embed \" id=\"element-body-23\"><picture class=\"sc-98b114a2-1 jRUlDm\"><source media=\"(min-width: 975px)\" width=\"720\" height=\"480\" \/><img alt=\"Exposici\u00f3n Rural 2024.Prensa.\" loading=\"lazy\" width=\"720\" height=\"480\" decoding=\"async\" data-nimg=\"1\" style=\"color:transparent\" src=\"https:\/\/13.com.ar\/wp-content\/uploads\/2025\/07\/1751454510_298_precios-de-las-entradas-cronograma-que-dia-iria-Javier-Milei.jpg\"\/><span class=\"epigraphe\">Exposici\u00f3n Rural 2024.Prensa.<\/span><span class=\"picture-open\"><button class=\"open-image\" aria-label=\"Open Image\"\/><\/span><\/picture><\/div>\n<div class=\"sc-45461e9c-0 eqiBeF container-text text-embed \" id=\"element-body-25\">\n<p>-Un show de startups, con la presencia de emprendimientos de los segmentos Biotech, Agrifoodtech, Climatech y Animaltech.<\/p>\n<\/div>\n<div class=\"sc-45461e9c-0 eqiBeF container-text text-embed \" id=\"element-body-26\">\n<p>-Rondas de networking que facilitar\u00e1n el contacto entre empresas, desarrolladores, inversores y organismos p\u00fablicos.<\/p>\n<\/div>\n<div class=\"sc-45461e9c-0 eqiBeF container-text text-embed \" id=\"element-body-27\">\n<p>-Un ciclo de conferencias con especialistas nacionales e internacionales.<\/p>\n<\/div>\n<div class=\"sc-45461e9c-0 eqiBeF container-text text-embed \" id=\"element-body-28\">\n<p>-Como novedad este a\u00f1o, se suman las reuniones One to One, dise\u00f1adas para fomentar v\u00ednculos estrat\u00e9gicos y oportunidades de colaboraci\u00f3n directa entre emprendedores y actores clave del ecosistema.<\/p>\n<\/div>\n<div class=\"sc-45461e9c-0 eqiBeF container-text text-embed \" id=\"element-body-29\">\n<p>Uno de los momentos destacados ser\u00e1 la participaci\u00f3n del reconocido doctor en Ciencias Biol\u00f3gicas y divulgador cient\u00edfico <strong>Diego Golombek<\/strong>, especializado en cronobiolog\u00eda. Su presencia en el Sal\u00f3n aportar\u00e1 una mirada distinta, integrando la ciencia con el desarrollo productivo y tecnol\u00f3gico.<\/p>\n<\/div>\n<div class=\"sc-98b114a2-0 bkqiHH image-embed  image-embed \" id=\"element-body-30\"><picture class=\"sc-98b114a2-1 jRUlDm\"><source media=\"(min-width: 975px)\" width=\"720\" height=\"480\" \/><img alt=\"Inauguraci\u00f3n de la Exposici\u00f3n Ganader\u00eda Agricultura e Industria Internacional organizada por Sociedad Rural en Buenos Aires el 28 julio 2024. Foto: Mariana Nedelcu.\" loading=\"lazy\" width=\"720\" height=\"480\" decoding=\"async\" data-nimg=\"1\" style=\"color:transparent\" src=\"https:\/\/13.com.ar\/wp-content\/uploads\/2025\/07\/1751454510_702_precios-de-las-entradas-cronograma-que-dia-iria-Javier-Milei.jpg\"\/><span class=\"epigraphe\">Inauguraci\u00f3n de la Exposici\u00f3n Ganader\u00eda Agricultura e Industria Internacional organizada por Sociedad Rural en Buenos Aires el 28 julio 2024. Foto: Mariana Nedelcu.<\/span><span class=\"picture-open\"><button class=\"open-image\" aria-label=\"Open Image\"\/><\/span><\/picture><\/div>\n<p><h2>Precios de las entradas y horarios<\/h2>\n<\/p>\n<div class=\"sc-45461e9c-0 eqiBeF container-text text-embed \" id=\"element-body-32\">\n<p>La muestra abrir\u00e1 sus puertas todos los d\u00edas del 17 al 27 de julio, de 9 a 20 hs, en el predio ferial de Palermo. Las entradas pueden adquirirse online en www.exposicionrural.com.ar o en las boleter\u00edas del evento.<\/p>\n<\/div>\n<div class=\"sc-45461e9c-0 eqiBeF container-text text-embed \" id=\"element-body-33\">\n<p>&#8211;<strong>Entrada general individual (todos los d\u00edas): $12.000<\/strong><\/p>\n<\/div>\n<div class=\"sc-45461e9c-0 eqiBeF container-text text-embed \" id=\"element-body-34\">\n<p><strong>Entrada general jubilado:<\/strong><\/p>\n<\/div>\n<div class=\"sc-45461e9c-0 eqiBeF container-text text-embed \" id=\"element-body-35\">\n<p><strong>-Mi\u00e9rcoles a domingo: $7.500<\/strong><\/p>\n<\/div>\n<div class=\"sc-45461e9c-0 eqiBeF container-text text-embed \" id=\"element-body-36\">\n<p><strong>-Lunes y martes: sin cargo<\/strong><\/p>\n<\/div>\n<div class=\"sc-45461e9c-0 eqiBeF container-text text-embed \" id=\"element-body-37\">\n<p><strong>Pack Familiar 4&#215;3: $36.000. <\/strong>Ingresan 4 personas, abonan solo 3 \u2013 v\u00e1lido todos los d\u00edas<\/p>\n<\/div>\n<div class=\"sc-45461e9c-0 eqiBeF container-text text-embed \" id=\"element-body-38\">\n<p><strong>Ingresan sin cargo (todos los d\u00edas):<\/strong><\/p>\n<\/div>\n<div class=\"sc-45461e9c-0 eqiBeF container-text text-embed \" id=\"element-body-40\">\n<p>-Personas con discapacidad (presentando certificado)<\/p>\n<\/div>\n<div class=\"sc-45461e9c-0 eqiBeF container-text text-embed \" id=\"element-body-41\">\n<p>-Estudiantes de Veterinaria y Agronom\u00eda (presentando libreta)<\/p>\n<\/div>\n<\/div>\n<p><br \/>\n<br \/><a href=\"https:\/\/www.clarin.com\/rural\/rural-palermo-2025-precios-entradas-cronograma-dia-iria-javier-milei-tenes-saber_0_xpXJkXzMcJ.html\">Fuente Clarin.com <\/a><\/p>\n","protected":false},"excerpt":{"rendered":"<p>La Sociedad Rural Argentina present\u00f3 oficialmente la 137\u00b0 Exposici\u00f3n de Ganader\u00eda, Agricultura e Industria Internacional, que se llevar\u00e1 a cabo del 17 al 27 de julio en el predio ferial de Palermo. Este a\u00f1o la muestra contar\u00e1 con m\u00e1s de 400 expositores comerciales, 15 provincias representadas, y m\u00e1s de 2200 animales en pista. Adem\u00e1s, se [&hellip;]<\/p>\n","protected":false},"author":1,"featured_media":38716,"comment_status":"open","ping_status":"open","sticky":false,"template":"","format":"standard","meta":{"footnotes":""},"categories":[2],"tags":[20945,1154,745,3306,273,48,77,1064,286,2835,3896,24],"class_list":["post-38715","post","type-post","status-publish","format-standard","has-post-thumbnail","hentry","category-ultimas-noticias","tag-cronograma","tag-dia","tag-entradas","tag-iria","tag-javier","tag-las","tag-milei","tag-precios","tag-que","tag-saber","tag-tenes","tag-todo"],"_links":{"self":[{"href":"https:\/\/13.com.ar\/index.php\/wp-json\/wp\/v2\/posts\/38715","targetHints":{"allow":["GET"]}}],"collection":[{"href":"https:\/\/13.com.ar\/index.php\/wp-json\/wp\/v2\/posts"}],"about":[{"href":"https:\/\/13.com.ar\/index.php\/wp-json\/wp\/v2\/types\/post"}],"author":[{"embeddable":true,"href":"https:\/\/13.com.ar\/index.php\/wp-json\/wp\/v2\/users\/1"}],"replies":[{"embeddable":true,"href":"https:\/\/13.com.ar\/index.php\/wp-json\/wp\/v2\/comments?post=38715"}],"version-history":[{"count":0,"href":"https:\/\/13.com.ar\/index.php\/wp-json\/wp\/v2\/posts\/38715\/revisions"}],"wp:featuredmedia":[{"embeddable":true,"href":"https:\/\/13.com.ar\/index.php\/wp-json\/wp\/v2\/media\/38716"}],"wp:attachment":[{"href":"https:\/\/13.com.ar\/index.php\/wp-json\/wp\/v2\/media?parent=38715"}],"wp:term":[{"taxonomy":"category","embeddable":true,"href":"https:\/\/13.com.ar\/index.php\/wp-json\/wp\/v2\/categories?post=38715"},{"taxonomy":"post_tag","embeddable":true,"href":"https:\/\/13.com.ar\/index.php\/wp-json\/wp\/v2\/tags?post=38715"}],"curies":[{"name":"wp","href":"https:\/\/api.w.org\/{rel}","templated":true}]}}