{"id":3864,"date":"2025-02-11T12:01:35","date_gmt":"2025-02-11T15:01:35","guid":{"rendered":"https:\/\/13.com.ar\/index.php\/como-los-nuevos-aranceles-de-trump-al-acero-complican-el-plan-de-milei-para-firmar-un-acuerdo-de-libre-comercio-con-ee-uu\/"},"modified":"2025-02-11T12:01:35","modified_gmt":"2025-02-11T15:01:35","slug":"como-los-nuevos-aranceles-de-trump-al-acero-complican-el-plan-de-milei-para-firmar-un-acuerdo-de-libre-comercio-con-ee-uu","status":"publish","type":"post","link":"https:\/\/13.com.ar\/index.php\/como-los-nuevos-aranceles-de-trump-al-acero-complican-el-plan-de-milei-para-firmar-un-acuerdo-de-libre-comercio-con-ee-uu\/","title":{"rendered":"C\u00f3mo los nuevos aranceles de Trump al acero complican el plan de Milei para firmar un acuerdo de libre comercio con EE.UU."},"content":{"rendered":"<p> <br \/>\n<br \/><img decoding=\"async\" src=\"https:\/\/13.com.ar\/wp-content\/uploads\/2025\/02\/Como-los-nuevos-aranceles-de-Trump-al-acero-complican-el.jpg\" \/><\/p>\n<div id=\"cuerpo\">\n<div class=\"sc-80531b6b-0 chRIGJ container-text text-embed\">\n<p>La orden ejecutiva de Donald Trump de imponer aranceles del 25% a todas las importaciones de acero y aluminio que entren a los Estados Unidos es tambi\u00e9n un<strong> golpe a los planes de Javier Milei <\/strong>de firmar un acuerdo de libre comercio tradicional a nivel bilateral con su aliado.<\/p>\n<\/div>\n<div class=\"sc-80531b6b-0 chRIGJ container-text text-embed\">\n<p>No es solo un asunto filos\u00f3fico si se compara el proteccionismo de Trump -expuesto en la llamada <em>American First Trade Policy<\/em>, publicada el mismo 20 de enero-, con el aperturismo de Milei, que<strong> vuelve a viajar a Estados Unidos el 19 de febrero pr\u00f3ximo.<\/strong> Est\u00e1 invitado nuevamente a participar de una Conferencia de Acci\u00f3n Pol\u00edtica Conservadora (CPAC). Hasta el momento, Milei ha conseguido dos c\u00e1lidos pero breves encuentros con Trump -uno siendo este candidato y otra, electo presidente-,<strong> pero ahora el canciller Gerardo Werthein tiene el desaf\u00edo de conseguir una bilateral siendo ambos ya presidentes. <\/strong><\/p>\n<\/div>\n<div class=\"sc-80531b6b-0 chRIGJ container-text text-embed\">\n<p>Si Trump no hace excepciones con los pa\u00edses amigos o aliados -&#8220;los que respetan las leyes&#8221;, afirman en Washington-, no habr\u00eda mecanismo alguno por el que Argentina pueda firmar un TLC con Estados Unidos como el que busca Javier Milei. Podr\u00eda haber otros acuerdos. Pero especialistas consultados tambi\u00e9n especulan con que el costado pragm\u00e1tico de Milei podr\u00eda en realidad estar siendo un gui\u00f1o a<strong> lo que en realidad necesita su gobierno: un nuevo acuerdo con el Fondo Monetario que le represente al fisco argentino dinero fresco. <\/strong><\/p>\n<\/div>\n<div class=\"sc-80531b6b-0 chRIGJ container-text text-embed\">\n<p>A diferencia de los empresarios argentinos que tomaron la noticia con alarma y estudian c\u00f3mo ser\u00e1 el impacto de la orden ejecutiva emitida el lunes 10 por Trump -la que impone aranceles en el mercado estadounidense-,<strong> Milei se mostr\u00f3 despreocupado <\/strong>por el anuncio de Trump de que restringir\u00e1 con recargos la entrada de esos dos productos centrales a su pa\u00eds. Si bien su objetivo es enfrentar la competencia global de China,<strong> afecta a Canad\u00e1, Brasil y M\u00e9xico <\/strong>primero y en la Argentina <strong>golpea a exportadoras de aluminio como Aluar, y de acuerdo, como Techint.<\/strong><\/p>\n<\/div>\n<div class=\"sc-80531b6b-0 chRIGJ container-text text-embed\">\n<p>Para el caso, en una de las entrevistas que concedi\u00f3 el lunes, Milei reiter\u00f3 que su prioridad era la de acordar con Estados Unidos y que por eso le estaba<strong> reclamando al Mercosur que cada pa\u00eds \u201cpueda ir y negociar tratados de libre comercio<\/strong>\u201d. Ello no se puede hacer y ya se le ha dicho al mandatario. Argentina no se puede ir del Mercosur por orden del Presidente. Al bloque <strong>se entr\u00f3 con ratificaci\u00f3n del Congreso y se sale tambi\u00e9n con aprobaci\u00f3n parlamentaria.<\/strong><\/p>\n<\/div>\n<div class=\"sc-80531b6b-0 chRIGJ container-text text-embed\">\n<p>Lo que s\u00ed puede ocurrir, como est\u00e1 ocurriendo ahora, es que el Gobierno decida no acompa\u00f1ar o<strong> bajar el nivel de actividad en el bloque<\/strong> para seguir presionando en favor de cambiar la normativa vigente, la decisi\u00f3n 32\/00 por la que, para firmar un acuerdo de libre comercio, deben aprobarlo <strong>todos o ninguno.<\/strong> Lo intent\u00f3 Uruguay para firmar acuerdos con otros pa\u00edses y no lo apoyaron.<\/p>\n<\/div>\n<div class=\"sc-80531b6b-0 chRIGJ container-text text-embed\">\n<p>Ahora, traido a Buenos Aires por pedido la secretaria general de la Presidencia<strong> Karina Milei,<\/strong> para que le d\u00e9 &#8220;una mano&#8221; a Werthein, el embajador Luis Kreckler -cuyo cargo formal es el de c\u00f3nsul general en San Pablo- est\u00e1 abocado a &#8220;contener&#8221; el pelead\u00edsimo \u00e1mbito diplom\u00e1tico y pensar c\u00f3mo se puede firmar un TLC con Estados Unidos. Secretario de Comercio Internacional &#8220;temporal&#8221;, Kreckler -m\u00e1s especializado en vender la Argentina al mundo que en acuerdos y tratados- tiene un verdadero desaf\u00edo por delante.<\/p>\n<\/div>\n<div class=\"sc-80531b6b-0 chRIGJ container-text text-embed\">\n<p>Al momento, Estados Unidos negocia con Argentina un acuerdo de minerales, aunque hay otros problemas comerciales pendientes con Washington, como el comercio de limones y el biodi\u00e9sel. En 2024 se firm\u00f3 un memor\u00e1ndum de entendimiento sobre los llamados minerales cr\u00edticos, que incluyen al litio y al cobre, con el que EE.UU. busca neutralizar la competencia en la Argentina de China.<\/p>\n<\/div>\n<div class=\"sc-80531b6b-0 chRIGJ container-text text-embed\">\n<p>Dijo Milei el lunes luego de considerar que las dificultades para la Argentina frente a la suba de aranceles para el aluminio y el acero en los Estados Unidos eran \u201cinterpretaciones\u201d period\u00edsticas: <strong>\u201cTrump no es un proteccionista. <\/strong>Trump utiliza la pol\u00edtica comercial como instrumento de geopol\u00edtica. Despu\u00e9s a usted le puede gustar o no, pero utiliza la pol\u00edtica comercial de Estados Unidos como herramienta de negociaci\u00f3n\u201d. El Libertario puso como ejemplo las presiones arancelarias nuevas de la administraci\u00f3n republicana sobre M\u00e9xico, Canad\u00e1, Colombia, y China.<\/p>\n<\/div>\n<div class=\"sc-80531b6b-0 chRIGJ container-text text-embed\">\n<p>\u201cEl segundo punto, en lo que estamos haciendo nosotros, hay dos l\u00edneas de acci\u00f3n. Una es lo que pasa con el Mercosur. A m\u00ed me toc\u00f3 ser el presidente pro tempore ahora. \u00bfQu\u00e9 cosas propuse? Una era el tema de la lucha contra el narcotr\u00e1fico y el terrorismo, de avanzar en una soluci\u00f3n conjunta de esos problemas. Otra cosa que ped\u00ed es que puertas adentro empecemos a bajar barreras para-arancelarias. Adem\u00e1s, digamos, propongo bajar el arancel externo com\u00fan. Y que cada pa\u00eds por separado pueda ir y negociar tratados de libre comercio. Donde nosotros estamos trabajando para ir a un tratado de libre comercio con Estados Unidos, y esa es mi prioridad. <strong>Mi prioridad es el tratado de libre comercio con Estados Unidos\u201d.<\/strong><\/p>\n<\/div>\n<div class=\"sc-80531b6b-0 chRIGJ container-text text-embed\">\n<p>De acuerdo a lo que pudo saber<strong> Clar\u00edn,<\/strong> la presidencia argentina de Mercosur -que empez\u00f3 a principios de enero y termina a mediados de a\u00f1o cuando se la traspase a Brasil-  no expuso formalmente sus objetivos y tampoco propuso reuni\u00f3n alguna.<\/p>\n<\/div>\n<\/div>\n<p><br \/>\n<br \/><a href=\"https:\/\/www.clarin.com\/economia\/nuevos-aranceles-trump-complican-plan-milei-firmar-acuerdo-libre-comercio-eeuu_0_Jth6TcISZM.html\">Fuente Clarin.com <\/a><\/p>\n","protected":false},"excerpt":{"rendered":"<p>La orden ejecutiva de Donald Trump de imponer aranceles del 25% a todas las importaciones de acero y aluminio que entren a los Estados Unidos es tambi\u00e9n un golpe a los planes de Javier Milei de firmar un acuerdo de libre comercio tradicional a nivel bilateral con su aliado. No es solo un asunto filos\u00f3fico [&hellip;]<\/p>\n","protected":false},"author":1,"featured_media":3865,"comment_status":"open","ping_status":"open","sticky":false,"template":"","format":"standard","meta":{"footnotes":""},"categories":[2],"tags":[93,267,1051,2581,66,5897,18,2582,5898,4117,28,77,2318,16,33,179],"class_list":["post-3864","post","type-post","status-publish","format-standard","has-post-thumbnail","hentry","category-ultimas-noticias","tag-acero","tag-acuerdo","tag-aranceles","tag-comercio","tag-como","tag-complican","tag-con","tag-ee-uu","tag-firmar","tag-libre","tag-los","tag-milei","tag-nuevos","tag-para","tag-plan","tag-trump"],"_links":{"self":[{"href":"https:\/\/13.com.ar\/index.php\/wp-json\/wp\/v2\/posts\/3864","targetHints":{"allow":["GET"]}}],"collection":[{"href":"https:\/\/13.com.ar\/index.php\/wp-json\/wp\/v2\/posts"}],"about":[{"href":"https:\/\/13.com.ar\/index.php\/wp-json\/wp\/v2\/types\/post"}],"author":[{"embeddable":true,"href":"https:\/\/13.com.ar\/index.php\/wp-json\/wp\/v2\/users\/1"}],"replies":[{"embeddable":true,"href":"https:\/\/13.com.ar\/index.php\/wp-json\/wp\/v2\/comments?post=3864"}],"version-history":[{"count":0,"href":"https:\/\/13.com.ar\/index.php\/wp-json\/wp\/v2\/posts\/3864\/revisions"}],"wp:featuredmedia":[{"embeddable":true,"href":"https:\/\/13.com.ar\/index.php\/wp-json\/wp\/v2\/media\/3865"}],"wp:attachment":[{"href":"https:\/\/13.com.ar\/index.php\/wp-json\/wp\/v2\/media?parent=3864"}],"wp:term":[{"taxonomy":"category","embeddable":true,"href":"https:\/\/13.com.ar\/index.php\/wp-json\/wp\/v2\/categories?post=3864"},{"taxonomy":"post_tag","embeddable":true,"href":"https:\/\/13.com.ar\/index.php\/wp-json\/wp\/v2\/tags?post=3864"}],"curies":[{"name":"wp","href":"https:\/\/api.w.org\/{rel}","templated":true}]}}