{"id":3859,"date":"2025-02-11T11:34:32","date_gmt":"2025-02-11T14:34:32","guid":{"rendered":"https:\/\/13.com.ar\/index.php\/capacitaciones-gratis-para-aprender-oficios\/"},"modified":"2025-02-11T11:34:32","modified_gmt":"2025-02-11T14:34:32","slug":"capacitaciones-gratis-para-aprender-oficios","status":"publish","type":"post","link":"https:\/\/13.com.ar\/index.php\/capacitaciones-gratis-para-aprender-oficios\/","title":{"rendered":"capacitaciones gratis para aprender oficios"},"content":{"rendered":"<p> <br \/>\n<br \/><img decoding=\"async\" src=\"https:\/\/13.com.ar\/wp-content\/uploads\/2025\/02\/capacitaciones-gratis-para-aprender-oficios.jpg\" \/><\/p>\n<div>\n<p>Para ingresar al mercado de trabajo siempre es mejor contar con herramientas que permiten el desarrollo. Una de las principales es el conocimiento de la tarea a realizar. Y si no se cuenta con estudios formales existe la posibilidad de capacitarse en forma gratuita para poder ejercer algunos oficios. Una de esas chances son  los Cursos de Formaci\u00f3n Profesional para el Trabajo. La iniciativa busca brindar <strong>herramientas gratuitas <\/strong>para mejorar la empleabilidad de los vecinos y fomentar el desarrollo de oficios con alta demanda en el mercado laboral.<\/p>\n<\/div>\n<div>\n<p>La Municipalidad de Alimirante Brown inform\u00f3 que la capacidad de los cursos es limitada y finalizar\u00e1 cuando las plazas se completen.<\/p>\n<\/div>\n<div>\n<p>Los cursos se dictar\u00e1n en el Centro de Formaci\u00f3n para el Trabajo de Rafael Calzada, ubicado en Avenida San Mart\u00edn 3752. La oferta acad\u00e9mica abarca una variedad de \u00e1reas t\u00e9cnicas y productivas, incluyendo cursos de <strong>carpinter\u00eda <\/strong>inicial y avanzada, Introducci\u00f3n a la <strong>fabricaci\u00f3n de muebles<\/strong>, <strong>herrer\u00eda <\/strong>inicial y avanzada, <strong>electricidad <\/strong>domiciliaria e industrial, <strong>huerta <\/strong>urbana agroecol\u00f3gica e introducci\u00f3n a la jardiner\u00eda y paisajismo. Tambi\u00e9n hay cursos de confecci\u00f3n inicial y avanzado, molder\u00eda, serigraf\u00eda, estampados m\u00faltiples y confecci\u00f3n de ropa de beb\u00e9, entre otras opciones.<\/p>\n<\/div>\n<div>\n<p>Para acceder a la preinscripci\u00f3n, los interesados deber\u00e1n ingresar a la p\u00e1gina www.linktr.ee\/produccionbrown, donde podr\u00e1n acceder al formulario. Luego, los interesados deber\u00e1n seleccionar la opci\u00f3n \u201cPreinscripci\u00f3n: Cursos de Formaci\u00f3n Profesional Febrero 2025\u201d.<\/p>\n<\/div>\n<div>\n<p>Ah\u00ed encontrar\u00e1n el <strong>plan de estudio detallado de cada curso <\/strong>y, al final de cada uno, el enlace que los dirigir\u00e1 al formulario de inscripci\u00f3n.<\/p>\n<\/div>\n<div>\n<p>Debido a que los cupos son limitados, la Comuna recomienda leer atentamente los contenidos de cada capacitaci\u00f3n, ya que solo se podr\u00e1 elegir un curso por persona. \u201cHice el curso de electricista domiciliaria y el de carpinter\u00eda, ambos me resultaron muy \u00fatiles\u201d, dice Juliana Romero, quien asegura que las capacitaciones son muy solicitadas y recomienda anotarse con tiempo para no quedarse afuera.<\/p>\n<\/div>\n<div>\n<p>El programa est\u00e1 dirigido a personas mayores de 18 a\u00f1os que residan en Almirante Brown y que se encuentren en b\u00fasqueda activa de empleo o desempe\u00f1\u00e1ndose como trabajadores independientes.<\/p>\n<\/div>\n<div>\n<p>Adem\u00e1s, deber\u00e1n comprometerse a cumplir con al menos el <strong>75% de asistencia<\/strong> para poder recibir la certificaci\u00f3n correspondiente. Por otra parte, se pedir\u00e1 el certificado de vacunaci\u00f3n antitet\u00e1nica al d\u00eda para quienes se inscriban en los cursos de Herrer\u00eda, Carpinter\u00eda, Huerta, Jardiner\u00eda y Electricidad, por los riesgos que implican estas actividades.<\/p>\n<\/div>\n<div>\n<p>Esta medida que se lleva adelante todos los a\u00f1os en Almirante Brown busca potenciar la inserci\u00f3n laboral de los participantes a trav\u00e9s de la adquisici\u00f3n de habilidades pr\u00e1cticas.<\/p>\n<\/div>\n<div>\n<p>\u201cEstos cursos constituyen una importante herramienta para genera inclusi\u00f3n e igualdad de oportunidades a nuestros vecinos\u201d, explican desde el Municipio. w<\/p>\n<\/div>\n<p><br \/>\n<br \/><a href=\"https:\/\/www.clarin.com\/zonales\/cursos-salida-laboral-capacitaciones-gratis-aprender-oficios_0_kz169krQtR.html\">Fuente Clarin.com <\/a><\/p>\n","protected":false},"excerpt":{"rendered":"<p>Para ingresar al mercado de trabajo siempre es mejor contar con herramientas que permiten el desarrollo. Una de las principales es el conocimiento de la tarea a realizar. Y si no se cuenta con estudios formales existe la posibilidad de capacitarse en forma gratuita para poder ejercer algunos oficios. Una de esas chances son los [&hellip;]<\/p>\n","protected":false},"author":1,"featured_media":3860,"comment_status":"open","ping_status":"open","sticky":false,"template":"","format":"standard","meta":{"footnotes":""},"categories":[2],"tags":[5893,5892,61,5894,16],"class_list":["post-3859","post","type-post","status-publish","format-standard","has-post-thumbnail","hentry","category-ultimas-noticias","tag-aprender","tag-capacitaciones","tag-gratis","tag-oficios","tag-para"],"_links":{"self":[{"href":"https:\/\/13.com.ar\/index.php\/wp-json\/wp\/v2\/posts\/3859","targetHints":{"allow":["GET"]}}],"collection":[{"href":"https:\/\/13.com.ar\/index.php\/wp-json\/wp\/v2\/posts"}],"about":[{"href":"https:\/\/13.com.ar\/index.php\/wp-json\/wp\/v2\/types\/post"}],"author":[{"embeddable":true,"href":"https:\/\/13.com.ar\/index.php\/wp-json\/wp\/v2\/users\/1"}],"replies":[{"embeddable":true,"href":"https:\/\/13.com.ar\/index.php\/wp-json\/wp\/v2\/comments?post=3859"}],"version-history":[{"count":0,"href":"https:\/\/13.com.ar\/index.php\/wp-json\/wp\/v2\/posts\/3859\/revisions"}],"wp:featuredmedia":[{"embeddable":true,"href":"https:\/\/13.com.ar\/index.php\/wp-json\/wp\/v2\/media\/3860"}],"wp:attachment":[{"href":"https:\/\/13.com.ar\/index.php\/wp-json\/wp\/v2\/media?parent=3859"}],"wp:term":[{"taxonomy":"category","embeddable":true,"href":"https:\/\/13.com.ar\/index.php\/wp-json\/wp\/v2\/categories?post=3859"},{"taxonomy":"post_tag","embeddable":true,"href":"https:\/\/13.com.ar\/index.php\/wp-json\/wp\/v2\/tags?post=3859"}],"curies":[{"name":"wp","href":"https:\/\/api.w.org\/{rel}","templated":true}]}}