{"id":3847,"date":"2025-02-11T11:13:33","date_gmt":"2025-02-11T14:13:33","guid":{"rendered":"https:\/\/13.com.ar\/index.php\/fue-una-verguenza-hubo-cortes-raros\/"},"modified":"2025-02-11T11:13:33","modified_gmt":"2025-02-11T14:13:33","slug":"fue-una-verguenza-hubo-cortes-raros","status":"publish","type":"post","link":"https:\/\/13.com.ar\/index.php\/fue-una-verguenza-hubo-cortes-raros\/","title":{"rendered":"Fue una verg\u00fcenza, hubo cortes raros"},"content":{"rendered":"<p> <br \/>\n<br \/><img decoding=\"async\" src=\"https:\/\/13.com.ar\/wp-content\/uploads\/2025\/02\/Fue-una-verguenza-hubo-cortes-raros.jpg\" \/><\/p>\n<div id=\"cuerpo\">\n<div class=\"sc-80531b6b-0 chRIGJ container-text text-embed\">\n<p>Tras la queja p\u00fablica realizada por el presidente Javier Milei, al asegurar que <strong>existi\u00f3 un &#8220;sabotaje&#8221; <\/strong>durante su entrevista de este lunes en <em>A24<\/em><strong><em> <\/em><\/strong>por los reiterados cortes de sonido, el conductor <strong>Antonio Laje <\/strong>recogi\u00f3 el guante y <strong>acompa\u00f1\u00f3 esa teor\u00eda<\/strong> al sostener que fueron &#8220;raros&#8221; los incovenientes t\u00e9cnicos sufridos durante la emisi\u00f3n.<\/p>\n<\/div>\n<div class=\"sc-80531b6b-0 chRIGJ container-text text-embed\">\n<p>El Presidente fue el invitado estrella en el debut de la nueva programaci\u00f3n del canal. La franja matutina est\u00e1 liderada por Laje, quien continua al frente del noticiero de la primera ma\u00f1ana. El conductor habl\u00f3 casi una hora con el mandatario, que descarg\u00f3 su furia contra Domingo Cavallo y habl\u00f3 del d\u00f3lar, entre otros temas. Pero la charla qued\u00f3 marcada por los <strong>numerosos problemas t\u00e9cnicos con el audio, <\/strong>desde que arranc\u00f3 y a lo largo de todo el reportaje.<\/p>\n<\/div>\n<div class=\"sc-80531b6b-0 chRIGJ container-text text-embed\">\n<p>&#8220;Similar a cuando est\u00e1bamos en campa\u00f1a. En 2023 en A24 boicotearon a Milei haci\u00e9ndole ruido por cucaracha. Hoy directamente le pusieron un audio con una calidad de mierda Qu\u00e9 canal nefasto A24&#8221;, escribi\u00f3 el tuitero Esteban Glavinich, alias <em>@TraductorTeAma<\/em>, en un mensaje que fue r\u00e1pidamente reposteado  por Milei apenas termin\u00f3 la entrevista.<\/p>\n<\/div>\n<div class=\"sc-80531b6b-0 chRIGJ container-text text-embed\">\n<p>Luego, el propio mandatario se subi\u00f3 a esa versi\u00f3n al plantear que fue &#8220;una verdadera verg\u00fcenza que haya pasado algo tan bochornoso&#8221;.<\/p>\n<\/div>\n<div class=\"sc-80531b6b-0 chRIGJ container-text text-embed\">\n<p><strong>&#8220;No me sorprende, porque adem\u00e1s el estudio estaba lleno de gente haciendo ruido.<\/strong> Parece que las ma\u00f1as que utilizaron en la campa\u00f1a electoral del 2023 intentaron replicarlas&#8221;, sostuvo el libertario, en di\u00e1logo con Jonatan Viale y Cristina P\u00e9rez en <em>Radio Rivadavia<\/em>.<\/p>\n<\/div>\n<div class=\"sc-80531b6b-0 chRIGJ container-text text-embed\">\n<p>Esta ma\u00f1ana, en su segundo programa al aire, Laje recogi\u00f3 el guante y habl\u00f3 del tema. All\u00ed pidi\u00f3 perd\u00f3n al Presidente y a los espectadores. Pero, lejos de negar las acusaciones de sabotaje, abog\u00f3 la teor\u00eda al afirmar que los cortes fueron &#8220;raros&#8221;.<\/p>\n<\/div>\n<div class=\"sc-80531b6b-0 chRIGJ container-text text-embed\">\n<p>&#8220;Quiero contar un poco de lo que pas\u00f3 ayer, que les debemos explicaciones a los televidentes que nos acompa\u00f1aron. Empezamos ayer, siempre todos los estrenos tienen algunos problemas. Siempre. Ayer tuvimos muchos problemas.<strong> Lo que pas\u00f3 ayer no puede pasar<\/strong>. Puede haber algunos, lo que pas\u00f3 ayer no tiene ninguna disculpa porque no ten\u00eda que haber pasado, mucho menos en una entrevista con un presidente&#8221;, comenz\u00f3 el periodista.<\/p>\n<\/div>\n<div class=\"sc-80531b6b-0 chRIGJ container-text text-embed\">\n<p><strong>&#8220;No s\u00e9 qu\u00e9 pas\u00f3&#8221;<\/strong>, confes\u00f3 Laje. &#8220;Yo me enter\u00e9 cuando termin\u00f3 el programa que hab\u00eda habido cortes de audio <strong>muy raros, extremadamente raros.<\/strong> Todav\u00eda no tengo respuesta, todav\u00eda no vino alguien a decir &#8216;pas\u00f3 esto&#8217;. En alg\u00fan momento alguien va a poder contarnos qu\u00e9 pas\u00f3, pero fue extremadamente raro&#8221;, desliz\u00f3 el conductor, quien en ning\u00fan momento neg\u00f3 la versi\u00f3n del Presidente.<\/p>\n<\/div>\n<div class=\"sc-80531b6b-0 chRIGJ container-text text-embed\">\n<p>Laje tambi\u00e9n indic\u00f3 que el estudio estaba sobrepoblado de gente. &#8220;\u00bfPueden pasar irregularidades, pueden pasar desajustes? S\u00ed, porque es todo nuevo. Pero no semejante barbaridad. <strong>Con un estudio extra\u00f1amente lleno de gente, raro. Sobrepasado de gente<\/strong>&#8220;, agreg\u00f3, antes de pedir perd\u00f3n a los televidentes y al propio Milei.<\/p>\n<\/div>\n<div class=\"sc-80531b6b-0 chRIGJ container-text text-embed\">\n<p>Milei y Laje no registraron en el momento los problemas que ten\u00eda la entrevista. Tampoco se dieron cuenta los operadores t\u00e9cnicos del canal. Eran interrupciones del sonido, con frases que se le escuchaban entrecortadas al Presidente, por ejemplo, durante los primeros minutos de la entrevista, que arranc\u00f3 a las 8.52 horas de la ma\u00f1ana, cuando hablaba del super\u00e1vit fiscal, las reservas y el precio del d\u00f3lar, entre otros temas.<\/p>\n<\/div>\n<div class=\"sc-80531b6b-0 chRIGJ container-text text-embed\">\n<p>El mandatario ten\u00eda dos micr\u00f3fonos corbateros, pero se entrecortaba a veces lo que dec\u00eda, aunque nadie lo notaba en el canal. Incluso, los cr\u00edticos destacaron que los t\u00e9cnicos del canal le pusieron luego una m\u00fasica de fondo, a las 9.30, que dificultaba entender las palabras de Milei.<\/p>\n<\/div>\n<p><h2>El agradecimiento de Milei a Laje<\/h2>\n<\/p>\n<div class=\"sc-80531b6b-0 chRIGJ container-text text-embed\">\n<p>Luego del descargo del conductor esta ma\u00f1ana, el Presidente se volc\u00f3 a sus redes para agradecerle por el gesto y la aclaraci\u00f3n.<\/p>\n<\/div>\n<div class=\"sc-80531b6b-0 chRIGJ container-text text-embed\">\n<p>&#8220;Muchas gracias por tu grandeza. Tal como se\u00f1al\u00e1s, a pesar de todas las dificultades de tipo t\u00e9cnico y humanas, <strong>la nota dej\u00f3 clara la hoja de ruta para MAGA<\/strong> (Make Argentina Great Again)&#8221;, poste\u00f3 Milei en un mensaje en X, donde tambi\u00e9n arrob\u00f3 al periodista.<\/p>\n<\/div>\n<\/div>\n<p><br \/>\n<br \/><a href=\"https:\/\/www.clarin.com\/politica\/antonio-laje-hablo-entrevista-milei-a24-abogo-teoria-sabotaje-verguenza-cortes-raros_0_2tUr6iFFCc.html\">Fuente Clarin.com <\/a><\/p>\n","protected":false},"excerpt":{"rendered":"<p>Tras la queja p\u00fablica realizada por el presidente Javier Milei, al asegurar que existi\u00f3 un &#8220;sabotaje&#8221; durante su entrevista de este lunes en A24 por los reiterados cortes de sonido, el conductor Antonio Laje recogi\u00f3 el guante y acompa\u00f1\u00f3 esa teor\u00eda al sostener que fueron &#8220;raros&#8221; los incovenientes t\u00e9cnicos sufridos durante la emisi\u00f3n. El Presidente [&hellip;]<\/p>\n","protected":false},"author":1,"featured_media":3848,"comment_status":"open","ping_status":"open","sticky":false,"template":"","format":"standard","meta":{"footnotes":""},"categories":[2],"tags":[2269,105,1633,3870,73,3874],"class_list":["post-3847","post","type-post","status-publish","format-standard","has-post-thumbnail","hentry","category-ultimas-noticias","tag-cortes","tag-fue","tag-hubo","tag-raros","tag-una","tag-verguenza"],"_links":{"self":[{"href":"https:\/\/13.com.ar\/index.php\/wp-json\/wp\/v2\/posts\/3847","targetHints":{"allow":["GET"]}}],"collection":[{"href":"https:\/\/13.com.ar\/index.php\/wp-json\/wp\/v2\/posts"}],"about":[{"href":"https:\/\/13.com.ar\/index.php\/wp-json\/wp\/v2\/types\/post"}],"author":[{"embeddable":true,"href":"https:\/\/13.com.ar\/index.php\/wp-json\/wp\/v2\/users\/1"}],"replies":[{"embeddable":true,"href":"https:\/\/13.com.ar\/index.php\/wp-json\/wp\/v2\/comments?post=3847"}],"version-history":[{"count":0,"href":"https:\/\/13.com.ar\/index.php\/wp-json\/wp\/v2\/posts\/3847\/revisions"}],"wp:featuredmedia":[{"embeddable":true,"href":"https:\/\/13.com.ar\/index.php\/wp-json\/wp\/v2\/media\/3848"}],"wp:attachment":[{"href":"https:\/\/13.com.ar\/index.php\/wp-json\/wp\/v2\/media?parent=3847"}],"wp:term":[{"taxonomy":"category","embeddable":true,"href":"https:\/\/13.com.ar\/index.php\/wp-json\/wp\/v2\/categories?post=3847"},{"taxonomy":"post_tag","embeddable":true,"href":"https:\/\/13.com.ar\/index.php\/wp-json\/wp\/v2\/tags?post=3847"}],"curies":[{"name":"wp","href":"https:\/\/api.w.org\/{rel}","templated":true}]}}