{"id":3843,"date":"2025-02-11T10:52:29","date_gmt":"2025-02-11T13:52:29","guid":{"rendered":"https:\/\/13.com.ar\/index.php\/el-gobierno-aun-no-oficializo-los-4-aumentos-aprobados-desde-septiembre-2024\/"},"modified":"2025-02-11T10:52:29","modified_gmt":"2025-02-11T13:52:29","slug":"el-gobierno-aun-no-oficializo-los-4-aumentos-aprobados-desde-septiembre-2024","status":"publish","type":"post","link":"https:\/\/13.com.ar\/index.php\/el-gobierno-aun-no-oficializo-los-4-aumentos-aprobados-desde-septiembre-2024\/","title":{"rendered":"el Gobierno a\u00fan no oficializ\u00f3 los 4 aumentos aprobados desde septiembre 2024"},"content":{"rendered":"<p> <br \/>\n<br \/><img decoding=\"async\" src=\"https:\/\/13.com.ar\/wp-content\/uploads\/2025\/02\/el-Gobierno-aun-no-oficializo-los-4-aumentos-aprobados-desde.jpg\" \/><\/p>\n<div id=\"cuerpo\">\n<div class=\"sc-80531b6b-0 chRIGJ container-text text-embed\">\n<p>Los<strong> salarios del personal dom\u00e9stico<\/strong> <strong>no se ajustan oficialmente desde agosto <\/strong>del a\u00f1o pasado, pese a que se anunciaron aumentos para septiembre (3,2%), octubre (2,8%), diciembre (1,3%) y enero (1,2%) tras las reuniones de la <strong>Comisi\u00f3n de Trabajadores de Casas Particulares.<\/strong><\/p>\n<\/div>\n<div class=\"sc-80531b6b-0 chRIGJ container-text text-embed\">\n<p>Por esa raz\u00f3n, en el sitio <strong>ARCA (ex AFIP) se mantienen los valores de agosto <\/strong>2024 para el c\u00e1lculo de aportes y recibos de sueldo del personal dom\u00e9stico.<\/p>\n<\/div>\n<div class=\"sc-80531b6b-0 chRIGJ container-text text-embed\">\n<p><strong>\u00bfQu\u00e9 deben hacer los empleadores y empleados? \u00bfAplican o no los aumentos? <\/strong>En el caso de los empleadores que <strong>no est\u00e9n pagando<\/strong> estos cuatro incrementos, desde el sindicato UPAC (Uni\u00f3n Personal Auxiliar de Casas Particulares) aconsejan a las empleadas que firmen el recibo, agregando,<strong> &#8220;en disconformidad,<\/strong> a cuenta de la mayor cantidad que me corresponde por los aumentos no abonados. <strong>Reservo derechos&#8221;<\/strong>.<\/p>\n<\/div>\n<div class=\"sc-80531b6b-0 chRIGJ container-text text-embed\">\n<p>Esto es porque en el pasado <strong>hubo demoras en la homologaci\u00f3n<\/strong>, aunque no tan extendidas. Si el empleador no abona ahora, deber\u00e1 hacerlo retroactivamente una vez que se oficialice el ajuste.<\/p>\n<\/div>\n<div class=\"sc-80531b6b-0 chRIGJ container-text text-embed\">\n<p>Mientras la inflaci\u00f3n acumulada en 2024 alcanz\u00f3 el 117,8%, y tomando en cuenta los aumentos a\u00fan no oficializados, los salarios de las empleadas dom\u00e9sticas subieron un 96,2%. Representa un retroceso del poder de compra de casi el 10%, por encima de las p\u00e9rdidas de los a\u00f1os anteriores. Y adem\u00e1s arranca el 2025 con un incremento en enero del 1,2%, inferior a la inflaci\u00f3n.<\/p>\n<\/div>\n<div class=\"sc-80531b6b-0 chRIGJ container-text text-embed\">\n<p>Para la categor\u00eda m\u00e1s numerosa \u2013 de tareas generales- se acord\u00f3 para <strong>diciembre 2024 en $ 2.780 la hora<\/strong> con retiro y $ 2.998,50 sin retiro. En diciembre 2023 eran $ 1.416,50 la hora con retiro y de $ 1.528 la hora sin retiro.<strong> Desde febrero, la hora arranca en un m\u00ednimo de $ 2.849,50 la hora para las con retiro.<\/strong><\/p>\n<\/div>\n<div class=\"sc-80531b6b-0 chRIGJ container-text text-embed\">\n<p>En el caso de los mensualizados con retiro, pas\u00f3 de $ 173.758 a $ 340.930 entre los diciembre de 2023 y 2024. Y sin retiro de $ 193.217 a $ 379.111. <strong>En febrero<\/strong>, para quienes cobran por mes, los valores parten de los $ 349.506 con retiro y de $ 388.648 sin retiro.<\/p>\n<\/div>\n<div class=\"sc-80531b6b-0 chRIGJ container-text text-embed\">\n<p>No obstante esta p\u00e9rdida salarial, hay una <strong>fuerte ca\u00edda del personal dom\u00e9stico registrado<\/strong> por el retroceso tambi\u00e9n de los ingresos de los empleadores, en su mayor\u00eda sectores de clase media asalariada o profesional, por el fuerte impacto de los incrementos de precios y tarifas de los servicios p\u00fablicos y privados.<\/p>\n<\/div>\n<div class=\"sc-80531b6b-0 chRIGJ container-text text-embed\">\n<p>Seg\u00fan la Secretaria de Trabajo, en noviembre 2024 (\u00faltimo dato oficial) las empleadas de Casas Particulares  registradas sumaban 448.983 por debajo de las 464.504 de noviembre 2023. Y menor a las 500.235 de noviembre 2019.<\/p>\n<\/div>\n<div class=\"sc-80531b6b-0 chRIGJ container-text text-embed\">\n<p>Seg\u00fan INDEC, <strong>hay 1.173.000 de puestos de trabajo del personal dom\u00e9stico \u201cno registrados\u201d.<\/strong><\/p>\n<\/div>\n<div class=\"sc-80531b6b-0 chRIGJ container-text text-embed\">\n<p>Por su parte, y con el fin de adecuar los valores a los del r\u00e9gimen del Monotributo, ARCA (ex AFIP) increment\u00f3 entre un 22,86% y 64,52% los aportes y contribuciones del personal de Casas Particulares que pagan los empleadores.<\/p>\n<\/div>\n<div class=\"sc-80531b6b-0 chRIGJ container-text text-embed\">\n<p>De acuerdo a las horas semanales trabajadas, y seg\u00fan la Resoluci\u00f3n 5645\/2025 del organismo, los importes variaron :<\/p>\n<\/div>\n<div class=\"sc-80531b6b-0 chRIGJ container-text text-embed\">\n<ul>\n<li><strong>Menos de 12 horas semanales:<\/strong> de $ 5.547.71 a $ 6.816,05. Una suba del 22,86%.<\/li>\n<\/ul>\n<\/div>\n<div class=\"sc-80531b6b-0 chRIGJ container-text text-embed\">\n<ul>\n<li><strong>Entre 12 y menos 16 horas:<\/strong> de $ 8.467,56 a $ 10.735,77. Un aumento del 26,88%.<\/li>\n<\/ul>\n<\/div>\n<div class=\"sc-80531b6b-0 chRIGJ container-text text-embed\">\n<ul>\n<li><strong>16 o m\u00e1s horas: <\/strong>de $ 17.437.92 a $ 28,688,55. Un incremento del 64,52%.<\/li>\n<\/ul>\n<\/div>\n<div class=\"sc-80531b6b-0 chRIGJ container-text text-embed\">\n<p>Esos valores incluyen los aportes y contribuciones de jubilaci\u00f3n, obra social y la cuota de la ART. Y se abonan por mes devengado.<\/p>\n<\/div>\n<\/div>\n<p><br \/>\n<br \/><a href=\"https:\/\/www.clarin.com\/economia\/empleadas-domesticas-gobierno-oficializo-4-aumentos-aprobados-septiembre-2024_0_PQ5zMY7ZvR.html\">Fuente Clarin.com <\/a><\/p>\n","protected":false},"excerpt":{"rendered":"<p>Los salarios del personal dom\u00e9stico no se ajustan oficialmente desde agosto del a\u00f1o pasado, pese a que se anunciaron aumentos para septiembre (3,2%), octubre (2,8%), diciembre (1,3%) y enero (1,2%) tras las reuniones de la Comisi\u00f3n de Trabajadores de Casas Particulares. Por esa raz\u00f3n, en el sitio ARCA (ex AFIP) se mantienen los valores de [&hellip;]<\/p>\n","protected":false},"author":1,"featured_media":3844,"comment_status":"open","ping_status":"open","sticky":false,"template":"","format":"standard","meta":{"footnotes":""},"categories":[2],"tags":[5879,868,5288,2184,71,28,4396,5880],"class_list":["post-3843","post","type-post","status-publish","format-standard","has-post-thumbnail","hentry","category-ultimas-noticias","tag-aprobados","tag-aumentos","tag-aun","tag-desde","tag-gobierno","tag-los","tag-oficializo","tag-septiembre"],"_links":{"self":[{"href":"https:\/\/13.com.ar\/index.php\/wp-json\/wp\/v2\/posts\/3843","targetHints":{"allow":["GET"]}}],"collection":[{"href":"https:\/\/13.com.ar\/index.php\/wp-json\/wp\/v2\/posts"}],"about":[{"href":"https:\/\/13.com.ar\/index.php\/wp-json\/wp\/v2\/types\/post"}],"author":[{"embeddable":true,"href":"https:\/\/13.com.ar\/index.php\/wp-json\/wp\/v2\/users\/1"}],"replies":[{"embeddable":true,"href":"https:\/\/13.com.ar\/index.php\/wp-json\/wp\/v2\/comments?post=3843"}],"version-history":[{"count":0,"href":"https:\/\/13.com.ar\/index.php\/wp-json\/wp\/v2\/posts\/3843\/revisions"}],"wp:featuredmedia":[{"embeddable":true,"href":"https:\/\/13.com.ar\/index.php\/wp-json\/wp\/v2\/media\/3844"}],"wp:attachment":[{"href":"https:\/\/13.com.ar\/index.php\/wp-json\/wp\/v2\/media?parent=3843"}],"wp:term":[{"taxonomy":"category","embeddable":true,"href":"https:\/\/13.com.ar\/index.php\/wp-json\/wp\/v2\/categories?post=3843"},{"taxonomy":"post_tag","embeddable":true,"href":"https:\/\/13.com.ar\/index.php\/wp-json\/wp\/v2\/tags?post=3843"}],"curies":[{"name":"wp","href":"https:\/\/api.w.org\/{rel}","templated":true}]}}