{"id":3841,"date":"2025-02-11T10:49:35","date_gmt":"2025-02-11T13:49:35","guid":{"rendered":"https:\/\/13.com.ar\/index.php\/como-le-fue-a-gran-hermano-con-la-llegada-de-los-nuevos-ocho-participantes\/"},"modified":"2025-02-11T10:49:35","modified_gmt":"2025-02-11T13:49:35","slug":"como-le-fue-a-gran-hermano-con-la-llegada-de-los-nuevos-ocho-participantes","status":"publish","type":"post","link":"https:\/\/13.com.ar\/index.php\/como-le-fue-a-gran-hermano-con-la-llegada-de-los-nuevos-ocho-participantes\/","title":{"rendered":"\u00bfC\u00f3mo le fue a Gran Hermano con la llegada de los nuevos ocho participantes?"},"content":{"rendered":"<p> <br \/>\n<\/p>\n<div id=\"cuerpo\">\n<div class=\"sc-80531b6b-0 chRIGJ container-text text-embed\">\n<p>Y, s\u00ed, claro. Que entren ocho personas a tu casa sin avisar es para preocuparse. Y m\u00e1s si no ten\u00e9s idea de que algo as\u00ed va a suceder. A eso, sumale que desde diciembre pasado no sab\u00e9s nada de lo que sucede fuera del \u00e1mbito de esas cuatro paredes. As\u00ed que s\u00ed, es comprensible la revoluci\u00f3n que provocaron los ocho nuevos participantes que ingresaron este lunes 10 de febrero a la casa de <strong>Gran Hermano<\/strong>.<\/p>\n<\/div>\n<div class=\"sc-80531b6b-0 chRIGJ container-text text-embed\">\n<p><strong>Saif Yousef, Gabriela Gianatassio, Santiago Larrivey, Selva P\u00e9rez, Lorenzo de Zuani, Luc\u00eda Jazm\u00edn Patrone, Eugenia Ruiz <\/strong>y <strong>Marcelo Carro<\/strong> son los nuevos nombres a los que hay que acostumbrarse en el reality de Telefe que conduce Santiago del Moro.<\/p>\n<\/div>\n<div class=\"sc-80531b6b-0 chRIGJ container-text text-embed\">\n<p>Adem\u00e1s, Delfina de Lellis, la primera eliminada de esta edici\u00f3n, ingres\u00f3 en reemplazo de Claudio Di Lorenzo, m\u00e1s conocido como \u201cPapucho\u201d, quien tuvo que abandonar <strong>Gran Hermano<\/strong> por un problema de salud.<\/p>\n<\/div>\n<div class=\"sc-80531b6b-0 chRIGJ container-text text-embed\">\n<p>Con todos estos ingredientes, no fue sorpresa que<em> Gran Hermano<\/em> -y sus ciclos sat\u00e9lites- se mantuvieran como lo m\u00e1s visto del d\u00eda.<\/p>\n<\/div>\n<div class=\"sc-80531b6b-0 chRIGJ container-text text-embed\">\n<p><em>Gran Hermano<\/em> marc\u00f3 14,9 puntos de rating. <em>Gran Hermano espiando la casa <\/em>fue segundo en las mediciones, con 12,3. <em>Gran Hermano II <\/em>(dividen el programa en dos, antes y despu\u00e9s de la tanda, para que no les baje el n\u00famero de la primera parte) marc\u00f3 11 puntos y fue tercero. <\/p>\n<\/div>\n<div class=\"sc-80531b6b-0 chRIGJ container-text text-embed\">\n<p>En realidad, <strong>todo el Top Five fue para Telef<\/strong>e, ya que <em>Telefe Noticias <\/em>se ubic\u00f3 cuarto con 7,4, y <em>Gran Hermano espiando la casa II<\/em> (mismo truco que el anterior), 6,7.<\/p>\n<\/div>\n<div class=\"sc-198be8ec-0 cynXbu image-embed  image-embed \"><picture class=\"sc-198be8ec-1 kOjRiQ\"><source media=\"(min-width: 975px)\" width=\"720\" height=\"480\" \/><img alt=\"Los 8 nuevos participantes de Gran Hermano.\" loading=\"lazy\" width=\"720\" height=\"480\" decoding=\"async\" data-nimg=\"1\" style=\"color:transparent\" src=\"https:\/\/13.com.ar\/wp-content\/uploads\/2025\/02\/\u00bfComo-le-fue-a-Gran-Hermano-con-la-llegada-de.jpg\"\/><span class=\"epigraphe\">Los 8 nuevos participantes de Gran Hermano.<\/span><span class=\"bkg\"\/><span class=\"picture-open\"><button class=\"open-image\" aria-label=\"Open Image\"\/><\/span><\/picture><\/div>\n<p><h2>Los dem\u00e1s canales<\/h2>\n<\/p>\n<div class=\"sc-80531b6b-0 chRIGJ container-text text-embed\">\n<p>En eltrece, <em>El encargado<\/em> (la serie con Guillermo Francella) y <em>The Floor, la conquista<\/em> (el ciclo de entretenimientos con Guido Kazcka) fueron los de mayor audiencia de la emisora, ambos con 4,7 puntos de rating. <em>El Zorro<\/em>, con 4,1; y <em>Telenoche<\/em>, con 4, fueron los que los siguieron.<\/p>\n<\/div>\n<div class=\"sc-80531b6b-0 chRIGJ container-text text-embed\">\n<p><em>LAM<\/em>, el programa de chimentos que conduce <strong>\u00c1ngel de Brito<\/strong>, result\u00f3 lo m\u00e1s visto de Am\u00e9rica, con 3,1 puntos de rating. <em>Intrusos <\/em>hizo 2,9 y <em>DDM<\/em>, 2,5.<\/p>\n<\/div>\n<div class=\"sc-80531b6b-0 chRIGJ container-text text-embed\">\n<p><em>Bendita<\/em>, con Beto Casella, result\u00f3 el programa de mayor audiencia de elnueve, con 2,3. Los informativos del canal &#8211;<em>Tele 9 Central<\/em> y <em>Tele 9 al mediod\u00eda<\/em>&#8211; marcaron 2 puntos cada uno.<\/p>\n<\/div>\n<div class=\"sc-198be8ec-0 cynXbu image-embed  image-embed \"><picture class=\"sc-198be8ec-1 kOjRiQ\"><source media=\"(min-width: 975px)\" width=\"720\" height=\"480\" \/><img alt=\"Guillermo Francella es Eliseo en &quot;El encargado&quot;, la serie que ahora transmite El Trece.\" loading=\"lazy\" width=\"720\" height=\"480\" decoding=\"async\" data-nimg=\"1\" style=\"color:transparent\" src=\"https:\/\/13.com.ar\/wp-content\/uploads\/2025\/02\/1739281775_21_\u00bfComo-le-fue-a-Gran-Hermano-con-la-llegada-de.jpg\"\/><span class=\"epigraphe\">Guillermo Francella es Eliseo en &#8220;El encargado&#8221;, la serie que ahora transmite El Trece.<\/span><span class=\"bkg\"\/><span class=\"picture-open\"><button class=\"open-image\" aria-label=\"Open Image\"\/><\/span><\/picture><\/div>\n<div class=\"sc-80531b6b-0 chRIGJ container-text text-embed\">\n<p><em>Se siente Argentina,<\/em> con la transmisi\u00f3n de festivales musicales de todo el pa\u00eds, fue lo m\u00e1s visto de la TV P\u00fablica, con 0,8 puntos. <em>Aguas adentro<\/em> tuvo un rating de 0,5; y <em>Viajeros ciencia<\/em>, de 0,4.<\/p>\n<\/div>\n<div class=\"sc-80531b6b-0 chRIGJ container-text text-embed\">\n<p>En Net TV, el programa de m\u00e1s audiencia fue <em>El se\u00f1or de los cielos<\/em>, con un rating de 0,3 puntos. <em>El impertinente<\/em>, <em>Gossip<\/em>, <em>Ispa todo al rev\u00e9s<\/em>, <em>Reperfilar <\/em>y <em>Cine Net <\/em>hicieron 0,2 puntos cada uno.<\/p>\n<\/div>\n<div class=\"sc-80531b6b-0 chRIGJ container-text text-embed\">\n<p>En Bravo TV, los ciclos m\u00e1s vistos (<em>Esmeralda, Destilando amor, Enfermeras, La venganza de Anal\u00eda<\/em> y <em>Primera Dama<\/em>) apenas marcaron 0,1 puntos de rating.<\/p>\n<\/div>\n<p><h2>Los promedios generales<\/h2>\n<\/p>\n<div class=\"sc-80531b6b-0 chRIGJ container-text text-embed\">\n<p><strong>Telefe se llev\u00f3 las tres franjas<\/strong> y duplic\u00f3 la segunda tarde de eltrece, mientras que el prime time casi lo triplica. En el d\u00eda se diferenciaron por 4.4 puntos. <\/p>\n<\/div>\n<div class=\"sc-80531b6b-0 chRIGJ container-text text-embed\">\n<p>Por otro lado, Am\u00e9rica le gan\u00f3 las tres franjas a elnueve y se diferenciaron por 6 d\u00e9cimas en el promedio diario. TVP se ubic\u00f3 en quinto lugar 1 d\u00e9cima arriba de NET TV.<\/p>\n<\/div>\n<div class=\"sc-80531b6b-0 chRIGJ container-text text-embed\">\n<p>Estos fueron los promedios generales: Telefe, 7,7 puntos; eltrece, 3,3; Am\u00e9rica, 2,2; elnueve, 1,6; TV P\u00fablica, 0,3; Net TV, 0,2; y Bravo TV, 0 puntos.<\/p>\n<\/div>\n<\/div>\n<p><br \/>\n<br \/><a href=\"https:\/\/www.clarin.com\/espectaculos\/rating-lunes-gran-hermano-llegada-nuevos-participantes_0_BcGS9wNGPQ.html\">Fuente Clarin.com <\/a><\/p>\n","protected":false},"excerpt":{"rendered":"<p>Y, s\u00ed, claro. Que entren ocho personas a tu casa sin avisar es para preocuparse. Y m\u00e1s si no ten\u00e9s idea de que algo as\u00ed va a suceder. A eso, sumale que desde diciembre pasado no sab\u00e9s nada de lo que sucede fuera del \u00e1mbito de esas cuatro paredes. As\u00ed que s\u00ed, es comprensible la [&hellip;]<\/p>\n","protected":false},"author":1,"featured_media":3842,"comment_status":"open","ping_status":"open","sticky":false,"template":"","format":"standard","meta":{"footnotes":""},"categories":[2],"tags":[66,18,105,925,926,457,28,2318,1074,3375],"class_list":["post-3841","post","type-post","status-publish","format-standard","has-post-thumbnail","hentry","category-ultimas-noticias","tag-como","tag-con","tag-fue","tag-gran","tag-hermano","tag-llegada","tag-los","tag-nuevos","tag-ocho","tag-participantes"],"_links":{"self":[{"href":"https:\/\/13.com.ar\/index.php\/wp-json\/wp\/v2\/posts\/3841","targetHints":{"allow":["GET"]}}],"collection":[{"href":"https:\/\/13.com.ar\/index.php\/wp-json\/wp\/v2\/posts"}],"about":[{"href":"https:\/\/13.com.ar\/index.php\/wp-json\/wp\/v2\/types\/post"}],"author":[{"embeddable":true,"href":"https:\/\/13.com.ar\/index.php\/wp-json\/wp\/v2\/users\/1"}],"replies":[{"embeddable":true,"href":"https:\/\/13.com.ar\/index.php\/wp-json\/wp\/v2\/comments?post=3841"}],"version-history":[{"count":0,"href":"https:\/\/13.com.ar\/index.php\/wp-json\/wp\/v2\/posts\/3841\/revisions"}],"wp:featuredmedia":[{"embeddable":true,"href":"https:\/\/13.com.ar\/index.php\/wp-json\/wp\/v2\/media\/3842"}],"wp:attachment":[{"href":"https:\/\/13.com.ar\/index.php\/wp-json\/wp\/v2\/media?parent=3841"}],"wp:term":[{"taxonomy":"category","embeddable":true,"href":"https:\/\/13.com.ar\/index.php\/wp-json\/wp\/v2\/categories?post=3841"},{"taxonomy":"post_tag","embeddable":true,"href":"https:\/\/13.com.ar\/index.php\/wp-json\/wp\/v2\/tags?post=3841"}],"curies":[{"name":"wp","href":"https:\/\/api.w.org\/{rel}","templated":true}]}}