{"id":3839,"date":"2025-02-11T10:40:37","date_gmt":"2025-02-11T13:40:37","guid":{"rendered":"https:\/\/13.com.ar\/index.php\/como-recibira-el-publico-de-boca-al-colombiano-que-tiene-sed-de-revancha\/"},"modified":"2025-02-11T10:40:37","modified_gmt":"2025-02-11T13:40:37","slug":"como-recibira-el-publico-de-boca-al-colombiano-que-tiene-sed-de-revancha","status":"publish","type":"post","link":"https:\/\/13.com.ar\/index.php\/como-recibira-el-publico-de-boca-al-colombiano-que-tiene-sed-de-revancha\/","title":{"rendered":"c\u00f3mo recibir\u00e1 el p\u00fablico de Boca al colombiano, que tiene sed de revancha"},"content":{"rendered":"<p> <br \/>\n<\/p>\n<div id=\"cuerpo\">\n<div class=\"sc-80531b6b-0 chRIGJ container-text text-embed\">\n<p>En medio de la incertidumbre que atraviesa <strong>Boca<\/strong>, este martes recibe a Independiente Rivadavia de Mendoza por la quinta jornada del Torneo Apertura 2025. Tras la dura derrota con Racing, el equipo de <strong>Fernando Gago<\/strong> se enfrenta al conjunto cuyano con el objetivo de volver a la senda de la victoria y escalar varias posiciones en la tabla. Sin embargo,<strong> enfrente hay un viejo conocido que regresa a La Bombonera&#8230;<\/strong><\/p>\n<\/div>\n<div class=\"sc-80531b6b-0 chRIGJ container-text text-embed\">\n<p>Ese condimento especial que tendr\u00e1 el encuentro es la presencia de <strong>Sebasti\u00e1n Villa<\/strong>. El colombiano, con un reciente pasado con la camiseta azul y oro, pisar\u00e1 por primera vez el campo de juego de Boca como visitante luego de lo que fue su ca\u00f3tica salida del club. Aquel hombre fundamental de cada entrenador que lo dirigi\u00f3, ahora se convirti\u00f3 en rival y preocupa a <em>Pintita<\/em>.<\/p>\n<\/div>\n<div class=\"sc-80531b6b-0 chRIGJ container-text text-embed\">\n<p>El delantero de 28 a\u00f1os se march\u00f3 de Boca en medio de varios esc\u00e1ndalos que lo tuvieron como protagonista. Dos causas judiciales por violencia de g\u00e9nero,<strong> una condena por violencia de g\u00e9nero<\/strong> y algunos problemas m\u00e1s por viajes repentinos a su pa\u00eds de origen cuando deb\u00eda entrenarse con el resto de sus compa\u00f1eros. Eso llev\u00f3 a que su salida estuviera lejos de ser la m\u00e1s pac\u00edfica.<\/p>\n<\/div>\n<div class=\"sc-198be8ec-0 cynXbu image-embed  image-embed \"><picture class=\"sc-198be8ec-1 kOjRiQ\"><source media=\"(min-width: 975px)\" width=\"720\" height=\"480\" \/><img alt=\"Sebastian Villa durante el juicio. (Foto Maxi Failla)\" loading=\"lazy\" width=\"720\" height=\"480\" decoding=\"async\" data-nimg=\"1\" style=\"color:transparent\" src=\"https:\/\/13.com.ar\/wp-content\/uploads\/2025\/02\/como-recibira-el-publico-de-Boca-al-colombiano-que-tiene.jpg\"\/><span class=\"epigraphe\">Sebastian Villa durante el juicio. (Foto Maxi Failla)<\/span><span class=\"bkg\"\/><span class=\"picture-open\"><button class=\"open-image\" aria-label=\"Open Image\"\/><\/span><\/picture><\/div>\n<div class=\"sc-80531b6b-0 chRIGJ container-text text-embed\">\n<p>Adem\u00e1s de haberse roto la relaci\u00f3n con los hinchas por todo lo sucedido, lo mismo sucedi\u00f3 con la dirigencia. Y es que aunque Juan Rom\u00e1n Riquelme elogiaba sus condiciones futbol\u00edsticas y hasta lleg\u00f3 a decir <strong><em>&#8220;Villa los baila a todos&#8221;<\/em><\/strong>, tras ser declarado culpable el club opt\u00f3 por marginarlo del plantel. Luego, naci\u00f3 otro conflicto por su situaci\u00f3n contractual.<\/p>\n<\/div>\n<div class=\"sc-80531b6b-0 chRIGJ container-text text-embed\">\n<p>Al irse de Boca a mediados de 2023, tuvo un paso muy breve por el f\u00fatbol de Bulgaria, donde represent\u00f3 a Beroe Stara Zagora. Pero r\u00e1pidamente regres\u00f3 a Argentina para vestir la camiseta de La Lepra mendocina. All\u00ed volvi\u00f3 a recuperar ese nivel que mostraba en La Bombonera y que lo ayud\u00f3 a codearse con las grandes estrellas colombianas en la selecci\u00f3n cafetera.<\/p>\n<\/div>\n<div class=\"sc-80531b6b-0 chRIGJ container-text text-embed\">\n<p>Pese a los problemas que protagoniz\u00f3 y que le abri\u00f3 frentes de batalla con la c\u00fapula directiva y los fan\u00e1ticos Xeneizes, Villa sostiene la ilusi\u00f3n de volver a vestir la azul y oro. <strong>&#8220;No le cierro las puertas a Boca Juniors&#8221;<\/strong>, manifest\u00f3 hace algunos meses en la previa de un enfrentamiento ante River, donde convirti\u00f3 un gol y brind\u00f3 la asistencia en la \u00faltima jugada para ganar el partido.<\/p>\n<\/div>\n<div class=\"sc-80531b6b-0 chRIGJ container-text text-embed\">\n<p>Tambi\u00e9n, antes de aquella hist\u00f3rica victoria de Independiente Rivadavia ante el elenco de Marcelo Gallardo, el veloz extremo confes\u00f3: <strong>&#8220;Todos saben que soy 100% bostero. Viv\u00ed a\u00f1os muy bonitos y tengo muchos amigos ah\u00ed&#8221;<\/strong>. De todas maneras, al menos en el corto plazo, no parece estar latente la posibilidad de un regreso del ex Deportes Tolima.<\/p>\n<\/div>\n<div class=\"sc-80531b6b-0 chRIGJ container-text text-embed\">\n<p>En su extensa estad\u00eda ininterrumpida por seis a\u00f1os en Brandsen 805, Villa disput\u00f3 172 partidos oficiales. En esos encuentros convirti\u00f3 29 goles, brind\u00f3 33 asistencias y se consagr\u00f3 campe\u00f3n en siete oportunidades, todos en el \u00e1mbito local.<\/p>\n<\/div>\n<div class=\"sc-198be8ec-0 cynXbu image-embed  image-embed \"><picture class=\"sc-198be8ec-1 kOjRiQ\"><source media=\"(min-width: 975px)\" width=\"720\" height=\"480\" \/><img alt=\"Sebasti\u00e1n Villa junto a Frank Fabra en Boca. (EFE\/Juan Ignacio Roncoroni)\" loading=\"lazy\" width=\"720\" height=\"480\" decoding=\"async\" data-nimg=\"1\" style=\"color:transparent\" src=\"https:\/\/13.com.ar\/wp-content\/uploads\/2025\/02\/1739281237_308_como-recibira-el-publico-de-Boca-al-colombiano-que-tiene.jpg\"\/><span class=\"epigraphe\">Sebasti\u00e1n Villa junto a Frank Fabra en Boca. (EFE\/Juan Ignacio Roncoroni)<\/span><span class=\"bkg\"\/><span class=\"picture-open\"><button class=\"open-image\" aria-label=\"Open Image\"\/><\/span><\/picture><\/div>\n<div class=\"sc-80531b6b-0 chRIGJ container-text text-embed\">\n<p>El delantero colombiano llega a este duelo contra Boca en un gran momento personal. Es que est\u00e1 segundo en la tabla de goleadores del campeonato con tres tantos, solo por detr\u00e1s de Adri\u00e1n <em>Maravilla <\/em>Mart\u00ednez (4) de Racing. La fecha anterior le anot\u00f3 un golazo a Estudiantes de La Plata a falta de pocos minutos, que sirvi\u00f3 para rescatar un valioso empate.<\/p>\n<\/div>\n<div class=\"sc-80531b6b-0 chRIGJ container-text text-embed\">\n<p>Pero el buen presente tambi\u00e9n se vive a nivel colectivo. Independiente Rivadavia llega invicto en lo que va del torneo, con dos triunfos y dos empates. Adem\u00e1s, con esas ocho unidades se encuentra tres puntos por encima de Boca en la Zona A, lo que demuestra el momento que atraviesa cada una de las instituciones.<\/p>\n<\/div>\n<p><h2>El antecedente de Villa vs Boca<\/h2>\n<\/p>\n<div class=\"sc-80531b6b-0 chRIGJ container-text text-embed\">\n<p>En su vuelta al pa\u00eds para vestir la casaca de La Lepra, el 10 de agosto de 2024 enfrent\u00f3 a su ex equipo pero en Mendoza. En los primeros minutos del partido, Villa se hizo cargo de un penal pero <em>Chiquito <\/em>Romero evit\u00f3 la &#8216;Ley del ex&#8217;. Aquel encuentro termin\u00f3 igualado 1-1, pero el desempe\u00f1o individual del extremo preocup\u00f3 constantemente a la defensa Xeneize.<\/p>\n<\/div>\n<div class=\"sc-80531b6b-0 chRIGJ container-text text-embed\">\n<p>Esta vez, Villa llega con sed de revancha. En su cuenta de Instagram, el futbolista public\u00f3 la foto de un le\u00f3n con sangre en la boca, minutos despu\u00e9s de cazar a su presa, en clara alusi\u00f3n al partido que se disputar\u00e1 este martes. Habr\u00e1 que ver c\u00f3mo lo recibe el p\u00fablico de Boca, que en el \u00faltimo tiempo lo despidi\u00f3 con silbidos y con mucho fastidio por el bajo nivel del colombiano.<\/p>\n<\/div>\n<\/div>\n<p><br \/>\n<br \/><a href=\"https:\/\/www.clarin.com\/deportes\/regreso-sebastian-villa-bombonera-recibira-publico-boca-colombiano-revancha_0_da4Ro6Rv2L.html\">Fuente Clarin.com <\/a><\/p>\n","protected":false},"excerpt":{"rendered":"<p>En medio de la incertidumbre que atraviesa Boca, este martes recibe a Independiente Rivadavia de Mendoza por la quinta jornada del Torneo Apertura 2025. Tras la dura derrota con Racing, el equipo de Fernando Gago se enfrenta al conjunto cuyano con el objetivo de volver a la senda de la victoria y escalar varias posiciones [&hellip;]<\/p>\n","protected":false},"author":1,"featured_media":3840,"comment_status":"open","ping_status":"open","sticky":false,"template":"","format":"standard","meta":{"footnotes":""},"categories":[2],"tags":[707,5877,66,641,5876,5447,5878,1486],"class_list":["post-3839","post","type-post","status-publish","format-standard","has-post-thumbnail","hentry","category-ultimas-noticias","tag-boca","tag-colombiano","tag-como","tag-publico","tag-recibira","tag-revancha","tag-sed","tag-tiene"],"_links":{"self":[{"href":"https:\/\/13.com.ar\/index.php\/wp-json\/wp\/v2\/posts\/3839","targetHints":{"allow":["GET"]}}],"collection":[{"href":"https:\/\/13.com.ar\/index.php\/wp-json\/wp\/v2\/posts"}],"about":[{"href":"https:\/\/13.com.ar\/index.php\/wp-json\/wp\/v2\/types\/post"}],"author":[{"embeddable":true,"href":"https:\/\/13.com.ar\/index.php\/wp-json\/wp\/v2\/users\/1"}],"replies":[{"embeddable":true,"href":"https:\/\/13.com.ar\/index.php\/wp-json\/wp\/v2\/comments?post=3839"}],"version-history":[{"count":0,"href":"https:\/\/13.com.ar\/index.php\/wp-json\/wp\/v2\/posts\/3839\/revisions"}],"wp:featuredmedia":[{"embeddable":true,"href":"https:\/\/13.com.ar\/index.php\/wp-json\/wp\/v2\/media\/3840"}],"wp:attachment":[{"href":"https:\/\/13.com.ar\/index.php\/wp-json\/wp\/v2\/media?parent=3839"}],"wp:term":[{"taxonomy":"category","embeddable":true,"href":"https:\/\/13.com.ar\/index.php\/wp-json\/wp\/v2\/categories?post=3839"},{"taxonomy":"post_tag","embeddable":true,"href":"https:\/\/13.com.ar\/index.php\/wp-json\/wp\/v2\/tags?post=3839"}],"curies":[{"name":"wp","href":"https:\/\/api.w.org\/{rel}","templated":true}]}}