{"id":3835,"date":"2025-02-11T10:34:37","date_gmt":"2025-02-11T13:34:37","guid":{"rendered":"https:\/\/13.com.ar\/index.php\/no-se-como-pero-la-voy-a-levantar-la-voluntad-de-los-que-perdieron-todo-por-el-fuego\/"},"modified":"2025-02-11T10:34:37","modified_gmt":"2025-02-11T13:34:37","slug":"no-se-como-pero-la-voy-a-levantar-la-voluntad-de-los-que-perdieron-todo-por-el-fuego","status":"publish","type":"post","link":"https:\/\/13.com.ar\/index.php\/no-se-como-pero-la-voy-a-levantar-la-voluntad-de-los-que-perdieron-todo-por-el-fuego\/","title":{"rendered":"&#8220;No s\u00e9 c\u00f3mo pero la voy a levantar&#8221;, la voluntad de los que perdieron todo por el fuego"},"content":{"rendered":"<p> <br \/>\n<\/p>\n<div id=\"cuerpo\">\n<div class=\"sc-80531b6b-0 chRIGJ container-text text-embed\">\n<p>La tierra sobre la que camina tiene sectores color negro, se detiene y se\u00f1ala un rect\u00e1ngulo en el suelo que tiene algunos cascotes. &#8220;<strong>Esa era mi casa<\/strong>&#8220;, suelta Paulino Montesinos (59), a la vera de la ruta provincial 86, en el<strong> Mall\u00edn Ahogado<\/strong>. El primer d\u00eda del incendio en <strong>El Bols\u00f3n<\/strong>, <strong>R\u00edo Negro<\/strong>, el fuego entr\u00f3 a su lote, destruy\u00f3 su vivienda, el galp\u00f3n y otras dos casitas, esquiv\u00f3 la huerta. El terreno ardi\u00f3 una semana porque la tierra segu\u00eda caliente, pero <strong>la voluntad de reconstrucci\u00f3n supera al dolor<\/strong>.<\/p>\n<\/div>\n<div class=\"sc-80531b6b-0 chRIGJ container-text text-embed\">\n<p><strong>&#8220;No s\u00e9 c\u00f3mo, pero la voy a levantar&#8221;<\/strong>, repite Paulino parado en el ingreso de sus dos hect\u00e1reas. Su principal preocupaci\u00f3n es conseguir una motobomba. En la parte baja de la chacra pasa una vertiente y necesita volver a sacar agua para regar las frambuesas, moras y el sector de hortalizas en el terreno que tiene hace 13 a\u00f1os.<\/p>\n<\/div>\n<div class=\"sc-80531b6b-0 chRIGJ container-text text-embed\">\n<p><strong>Horticultor y trabajador de la construcci\u00f3n<\/strong>, en la tarde del jueves 30 de enero estaba en El Bols\u00f3n. &#8220;Vi humo a lo lejos, cort\u00e9 todo y me vine. Los brigadistas me frenaron abajo, no pod\u00eda pasar. En un punto creo que es mejor porque no pod\u00eda creer el tama\u00f1o de las llamas. <strong>Reci\u00e9n pude entrar al otro d\u00eda a las 6.30 de la ma\u00f1ana<\/strong>&#8220;, le cuenta Paulino a <strong>Clar\u00edn<\/strong>, mientras avanza en la limpieza del terreno.<\/p>\n<\/div>\n<div class=\"sc-80531b6b-0 chRIGJ container-text text-embed\">\n<p>&#8220;En ese momento uno no atina a nada, se queda como en shock. Te preguntas:<em> <\/em>&#8216;\u00bfQu\u00e9 hago?&#8217;. <strong>No se salv\u00f3 nada<\/strong>&#8220;, dice e interrumpe el relato para mostrar c\u00f3mo quedaron chamuscados los tomates amarillos de una variedad que ten\u00eda en la huerta.<\/p>\n<\/div>\n<div class=\"sc-80531b6b-0 chRIGJ container-text text-embed\">\n<p>El d\u00eda despu\u00e9s del desastre tambi\u00e9n le deja curiosidades sobre c\u00f3mo devora el fuego y su aliado, el viento patag\u00f3nico. &#8220;El tanque qued\u00f3 derretido, pero se salv\u00f3 el mangrullo de madera. <strong>Las gallinas se salvaron y protegieron a sus pollitos<\/strong>. Estaba preocupado por mi gato. Al otro d\u00eda lo empec\u00e9 a llamar a la ma\u00f1ana, cuando toda la zona estaba quemada y el Negrito apareci\u00f3 caminando&#8221;, cuenta y esboza la primera sonrisa en un rato.<\/p>\n<\/div>\n<div class=\"sc-80531b6b-0 chRIGJ container-text text-embed\">\n<p>Est\u00e1 parando en un lugarcito de amigos en El Bols\u00f3n y percibe que <strong>la ayuda ser\u00e1 lenta<\/strong>. &#8220;Aunque sea hay que rehacer algo provisorio, aunque sea una peque\u00f1a casita como para restablecerse otra vez y empezarle a dar. Dijeron que nos iban ayudar para levantar la casa de vuelta, nos vinieron a censar&#8221;, comenta, pero no se quedar\u00e1 de brazos cruzados a esperar.<\/p>\n<\/div>\n<div class=\"sc-198be8ec-0 cynXbu image-embed  image-embed \"><picture class=\"sc-198be8ec-1 kOjRiQ\"><source media=\"(min-width: 975px)\" width=\"720\" height=\"480\" \/><img alt=\"Paulino Montesinos muestra c\u00f3mo el fuego destruy\u00f3 su casa y la huerta en Mallin Ahogado, El Bols\u00f3n. Foto: Euge Neme\" loading=\"lazy\" width=\"720\" height=\"480\" decoding=\"async\" data-nimg=\"1\" style=\"color:transparent\" src=\"https:\/\/13.com.ar\/wp-content\/uploads\/2025\/02\/No-se-como-pero-la-voy-a-levantar-la-voluntad.jpg\"\/><span class=\"epigraphe\">Paulino Montesinos muestra c\u00f3mo el fuego destruy\u00f3 su casa y la huerta en Mallin Ahogado, El Bols\u00f3n. Foto: Euge Neme<\/span><span class=\"bkg\"\/><span class=\"picture-open\"><button class=\"open-image\" aria-label=\"Open Image\"\/><\/span><\/picture><\/div>\n<div class=\"sc-80531b6b-0 chRIGJ container-text text-embed\">\n<p>Criado en la zona de Osorno, Chile, hace 40 a\u00f1os vive en El Bols\u00f3n y vivi\u00f3 de cerca el incendio de 2021 en Golondrinas, la localidad de Chubut pegada a R\u00edo Negro. La ayuda entonces lleg\u00f3 a cuenta gotas.<\/p>\n<\/div>\n<div class=\"sc-80531b6b-0 chRIGJ container-text text-embed\">\n<p>Su fuerza de voluntad parece inquebrantable, ten\u00eda un punto d\u00e9bil y se asegur\u00f3 de sacarlo de su vista. Cuando regres\u00f3 a su casa humeante, us\u00f3 su experiencia como trabajador de la construcci\u00f3n para <strong>derribar las paredes que quedaban<\/strong>.<\/p>\n<\/div>\n<div class=\"sc-198be8ec-0 cynXbu image-embed  image-embed \"><picture class=\"sc-198be8ec-1 kOjRiQ\"><source media=\"(min-width: 975px)\" width=\"720\" height=\"480\" \/><img alt=\"Paulino Montesinos parado exactamente en lo que era su casa en el Mall\u00edn Ahogado, el Bols\u00f3n. Foto: Euge Neme\" loading=\"lazy\" width=\"720\" height=\"480\" decoding=\"async\" data-nimg=\"1\" style=\"color:transparent\" src=\"https:\/\/13.com.ar\/wp-content\/uploads\/2025\/02\/1739280877_129_No-se-como-pero-la-voy-a-levantar-la-voluntad.jpg\"\/><span class=\"epigraphe\">Paulino Montesinos parado exactamente en lo que era su casa en el Mall\u00edn Ahogado, el Bols\u00f3n. Foto: Euge Neme<\/span><span class=\"bkg\"\/><span class=\"picture-open\"><button class=\"open-image\" aria-label=\"Open Image\"\/><\/span><\/picture><\/div>\n<div class=\"sc-80531b6b-0 chRIGJ container-text text-embed\">\n<p>&#8220;Vino la Municipalidad a retirar la chatarra. La cocina quemada, lavarropas, chapas que ya no serv\u00edan. Les ped\u00ed que se lleven tambi\u00e9n los escombros, verlos me daba mala espina&#8221;, confiesa. Sin embargo, se quiso quedar un achicharrado motocultivador, con el que arm\u00f3 su huerta.<\/p>\n<\/div>\n<div class=\"sc-80531b6b-0 chRIGJ container-text text-embed\">\n<p>La <strong>solidaridad <\/strong>sigue intacta y se fortalece en este tipo de situaciones. Paulino ayud\u00f3 su vecino a armar la malla de hierro para hacer el hormig\u00f3n de la base de la casa nueva. En 10 d\u00edas de incendios en El Bols\u00f3n, la comuna contabiliz\u00f3 <strong>147 viviendas destruidas<\/strong>, las llamas del domingo sumaron las \u00faltimas dos.<\/p>\n<\/div>\n<div class=\"sc-198be8ec-0 cynXbu image-embed  image-embed \"><picture class=\"sc-198be8ec-1 kOjRiQ\"><source media=\"(min-width: 975px)\" width=\"720\" height=\"480\" \/><img alt=\"La motocultivadora achicharrada que Paulino se quiso quedar. Foto: Euge Neme\" loading=\"lazy\" width=\"720\" height=\"480\" decoding=\"async\" data-nimg=\"1\" style=\"color:transparent\" src=\"https:\/\/13.com.ar\/wp-content\/uploads\/2025\/02\/1739280877_858_No-se-como-pero-la-voy-a-levantar-la-voluntad.jpg\"\/><span class=\"epigraphe\">La motocultivadora achicharrada que Paulino se quiso quedar. Foto: Euge Neme<\/span><span class=\"bkg\"\/><span class=\"picture-open\"><button class=\"open-image\" aria-label=\"Open Image\"\/><\/span><\/picture><\/div>\n<p><h2>La sacaron en andas en medio del fuego <\/h2>\n<\/p>\n<div class=\"sc-80531b6b-0 chRIGJ container-text text-embed\">\n<p>Viviana Mestre acaba de cumplir 60 a\u00f1os. Desde hace 16 vive cerca de Wharton, dentro del Mall\u00edn Ahogado, y 10 d\u00edas despu\u00e9s de haber perdido todo se alegra de haber festejado su cumplea\u00f1os con una gran fiesta. <strong>&#8220;Lo material va por otro lado&#8221;<\/strong>, comenta con un optimismo que parece el combustible de la esperanza.<\/p>\n<\/div>\n<div class=\"sc-80531b6b-0 chRIGJ container-text text-embed\">\n<p>Parada en medio de un bosque negro, recuerda ese jueves que <strong>termin\u00f3 llevada en andas <\/strong>cuando el fuego estaba descontrolado. Le hizo dos propuestas a su sobrino, ir a pasar la tarde al r\u00edo o ir hasta El Bols\u00f3n a ver un festival, pero le advirti\u00f3 que no ten\u00eda dieron para un remise a la vuelta. Eligieron el r\u00edo: no llegaron a bajar.<\/p>\n<\/div>\n<div class=\"sc-198be8ec-0 cynXbu image-embed  image-embed \"><picture class=\"sc-198be8ec-1 kOjRiQ\"><source media=\"(min-width: 975px)\" width=\"720\" height=\"480\" \/><img alt=\"Viviana Mestre en la puerta de lo que era su casa en Wharton, dentro del Mall\u00edn Ahogado. Foto: Euge Neme\" loading=\"lazy\" width=\"720\" height=\"480\" decoding=\"async\" data-nimg=\"1\" style=\"color:transparent\" src=\"https:\/\/13.com.ar\/wp-content\/uploads\/2025\/02\/1739280877_85_No-se-como-pero-la-voy-a-levantar-la-voluntad.jpg\"\/><span class=\"epigraphe\">Viviana Mestre en la puerta de lo que era su casa en Wharton, dentro del Mall\u00edn Ahogado. Foto: Euge Neme<\/span><span class=\"bkg\"\/><span class=\"picture-open\"><button class=\"open-image\" aria-label=\"Open Image\"\/><\/span><\/picture><\/div>\n<div class=\"sc-80531b6b-0 chRIGJ container-text text-embed\">\n<p>&#8220;De golpe veo <strong>cuatro columnas de humo<\/strong>, en el chat de vecinos dicen que hay fuego del otro lado. Estaba tranquila porque lo ve\u00eda lejos. Era en la zona del \u00c1rea Natural Protegida R\u00edo Azul Lago Escondido (ANPRALE). Es un \u00e1rea protegida, la van a proteger y seguro que se activa un protocolo r\u00e1pido, pens\u00e9&#8221;, relata Viviana, que fue empleada administrativa y costurera.<\/p>\n<\/div>\n<div class=\"sc-80531b6b-0 chRIGJ container-text text-embed\">\n<p>&#8220;En cuesti\u00f3n de minutos el humo no nos dejaba ver nada, <strong>el fuego estaba ac\u00e1 y yo no me quer\u00eda ir<\/strong>. Hice fuerza me qued\u00e9 hasta que no pude m\u00e1s y un vecino me sac\u00f3&#8221;, dice parada al lado de una carretilla que encabeza una fila de escombros, vidrios, y un lavarropas quemado. El fuego arras\u00f3 el taller que le alquilaba a unas chicas, pero esquiv\u00f3 su casa.<\/p>\n<\/div>\n<div class=\"sc-80531b6b-0 chRIGJ container-text text-embed\">\n<p>Cuando volvi\u00f3 de Espa\u00f1a en los tempranos &#8217;90, por consejo de su madre, que muri\u00f3 hace un a\u00f1o, invirti\u00f3 los 300 d\u00f3lares y compr\u00f3 el terreno. Era un lote lleno de pino y a cambio de le\u00f1a empez\u00f3 la construcci\u00f3n de la casa. La hizo como pudo, no tiene vigas y el fuego no la termin\u00f3 por destruir, pero la debilit\u00f3.<\/p>\n<\/div>\n<div class=\"sc-198be8ec-0 cynXbu image-embed  image-embed \"><picture class=\"sc-198be8ec-1 kOjRiQ\"><source media=\"(min-width: 975px)\" width=\"720\" height=\"480\" \/><img alt=\"Viviana Mestre junto a los restos de su casa en Wharton. Foto: Euge Neme\" loading=\"lazy\" width=\"720\" height=\"480\" decoding=\"async\" data-nimg=\"1\" style=\"color:transparent\" src=\"https:\/\/13.com.ar\/wp-content\/uploads\/2025\/02\/1739280877_490_No-se-como-pero-la-voy-a-levantar-la-voluntad.jpg\"\/><span class=\"epigraphe\">Viviana Mestre junto a los restos de su casa en Wharton. Foto: Euge Neme<\/span><span class=\"bkg\"\/><span class=\"picture-open\"><button class=\"open-image\" aria-label=\"Open Image\"\/><\/span><\/picture><\/div>\n<div class=\"sc-80531b6b-0 chRIGJ container-text text-embed\">\n<p>Antes de que la sacaran de las llamas, los brigadistas del Servicio de Prevenci\u00f3n y Lucha contra Incendios Forestales (SPLIF) lograron mojar la casa de su hija, la \u00fanica que se salv\u00f3 en el terreno.<\/p>\n<\/div>\n<div class=\"sc-80531b6b-0 chRIGJ container-text text-embed\">\n<p>Tuvo el fuego frente a sus ojos. Cuenta la vivencia con \u00e9nfasis, pero asegura que no le salen l\u00e1grimas. <strong>La vuelta de p\u00e1gina es la reconstrucci\u00f3n.<\/strong><\/p>\n<\/div>\n<div class=\"sc-80531b6b-0 chRIGJ container-text text-embed\">\n<p>Recibe la ayuda Mariano Sylvester, uno de los vecinos que empez\u00f3 con las colectas virtuales por Instagram y junto <strong>un pu\u00f1ado de millones de pesos<\/strong>. Es productor audiovisual, sus videos de la primera l\u00ednea de fuego a\u00fan se viralizan. Adem\u00e1s, tiene el \u00fanico dron que ayuda al SPLIF para saber si el fuego les cierra el camino de escape en medio de las llamas.<\/p>\n<\/div>\n<div class=\"sc-198be8ec-0 cynXbu image-embed  image-embed \"><picture class=\"sc-198be8ec-1 kOjRiQ\"><source media=\"(min-width: 975px)\" width=\"720\" height=\"480\" \/><img alt=\"Viviana Mestre, junto a la ventana de lo que era su casa en el Mall\u00edn Ahogado, El Bols\u00f3n. Foto: Euge Neme\" loading=\"lazy\" width=\"720\" height=\"480\" decoding=\"async\" data-nimg=\"1\" style=\"color:transparent\" src=\"https:\/\/13.com.ar\/wp-content\/uploads\/2025\/02\/1739280877_565_No-se-como-pero-la-voy-a-levantar-la-voluntad.jpg\"\/><span class=\"epigraphe\">Viviana Mestre, junto a la ventana de lo que era su casa en el Mall\u00edn Ahogado, El Bols\u00f3n. Foto: Euge Neme<\/span><span class=\"bkg\"\/><span class=\"picture-open\"><button class=\"open-image\" aria-label=\"Open Image\"\/><\/span><\/picture><\/div>\n<div class=\"sc-80531b6b-0 chRIGJ container-text text-embed\">\n<p>Con ese dron <strong>salvaron una casa el domingo<\/strong> porque logr\u00f3 detectar que el fuego, escondido en una meseta, acechaba una casas. Mand\u00f3 las im\u00e1genes al SPLIF y con un seguimiento en vivo pudieron atacar el fuego y salvar la vivienda.<\/p>\n<\/div>\n<div class=\"sc-80531b6b-0 chRIGJ container-text text-embed\">\n<p><strong>El dron cay\u00f3 el domingo a la noche y se rompi\u00f3<\/strong>. Hasta ese momento Mariano hac\u00eda pasadas diarias y remit\u00eda los videos y fotos como un parte para tener el estado de situaci\u00f3n geolocalizado, m\u00e1s preciso que mirar desde la avioneta. Hoy muestra el WhatsApp con consultas sobre ese parte, que espera poder volver a dar, pero la reparaci\u00f3n de dron no es barata.<\/p>\n<\/div>\n<\/div>\n<p><br \/>\n<br \/><a href=\"https:\/\/www.clarin.com\/sociedad\/incendios-bolson-voy-levantar-voluntad-perdieron-fuego_0_elQduEwKL1.html\">Fuente Clarin.com <\/a><\/p>\n","protected":false},"excerpt":{"rendered":"<p>La tierra sobre la que camina tiene sectores color negro, se detiene y se\u00f1ala un rect\u00e1ngulo en el suelo que tiene algunos cascotes. &#8220;Esa era mi casa&#8220;, suelta Paulino Montesinos (59), a la vera de la ruta provincial 86, en el Mall\u00edn Ahogado. El primer d\u00eda del incendio en El Bols\u00f3n, R\u00edo Negro, el fuego [&hellip;]<\/p>\n","protected":false},"author":1,"featured_media":3836,"comment_status":"open","ping_status":"open","sticky":false,"template":"","format":"standard","meta":{"footnotes":""},"categories":[2],"tags":[66,853,5873,28,5665,265,142,911,24,5874,5872],"class_list":["post-3835","post","type-post","status-publish","format-standard","has-post-thumbnail","hentry","category-ultimas-noticias","tag-como","tag-fuego","tag-levantar","tag-los","tag-perdieron","tag-pero","tag-por","tag-se","tag-todo","tag-voluntad","tag-voy"],"_links":{"self":[{"href":"https:\/\/13.com.ar\/index.php\/wp-json\/wp\/v2\/posts\/3835","targetHints":{"allow":["GET"]}}],"collection":[{"href":"https:\/\/13.com.ar\/index.php\/wp-json\/wp\/v2\/posts"}],"about":[{"href":"https:\/\/13.com.ar\/index.php\/wp-json\/wp\/v2\/types\/post"}],"author":[{"embeddable":true,"href":"https:\/\/13.com.ar\/index.php\/wp-json\/wp\/v2\/users\/1"}],"replies":[{"embeddable":true,"href":"https:\/\/13.com.ar\/index.php\/wp-json\/wp\/v2\/comments?post=3835"}],"version-history":[{"count":0,"href":"https:\/\/13.com.ar\/index.php\/wp-json\/wp\/v2\/posts\/3835\/revisions"}],"wp:featuredmedia":[{"embeddable":true,"href":"https:\/\/13.com.ar\/index.php\/wp-json\/wp\/v2\/media\/3836"}],"wp:attachment":[{"href":"https:\/\/13.com.ar\/index.php\/wp-json\/wp\/v2\/media?parent=3835"}],"wp:term":[{"taxonomy":"category","embeddable":true,"href":"https:\/\/13.com.ar\/index.php\/wp-json\/wp\/v2\/categories?post=3835"},{"taxonomy":"post_tag","embeddable":true,"href":"https:\/\/13.com.ar\/index.php\/wp-json\/wp\/v2\/tags?post=3835"}],"curies":[{"name":"wp","href":"https:\/\/api.w.org\/{rel}","templated":true}]}}