{"id":38301,"date":"2025-06-30T19:31:30","date_gmt":"2025-06-30T22:31:30","guid":{"rendered":"https:\/\/13.com.ar\/index.php\/persecucion-politica-el-argumento-que-se-volvio-un-bumeran-para-pedro-sanchez\/"},"modified":"2025-06-30T19:31:30","modified_gmt":"2025-06-30T22:31:30","slug":"persecucion-politica-el-argumento-que-se-volvio-un-bumeran-para-pedro-sanchez","status":"publish","type":"post","link":"https:\/\/13.com.ar\/index.php\/persecucion-politica-el-argumento-que-se-volvio-un-bumeran-para-pedro-sanchez\/","title":{"rendered":"&#8220;persecuci\u00f3n pol\u00edtica&#8221;, el argumento que se volvi\u00f3 un &#8220;b\u00fameran&#8221; para Pedro S\u00e1nchez"},"content":{"rendered":"<p> <br \/>\n<\/p>\n<div id=\"cuerpo\">\n<div class=\"sc-45461e9c-0 eqiBeF container-text text-embed \" id=\"element-body-0\">\n<p><strong>Prisi\u00f3n preventiva y sin fianza.<\/strong> Fue lo que dictamin\u00f3 el juez este lunes para Santos Cerd\u00e1n, el ex alto cargo del Partido Socialista Obrero Espa\u00f1ol (PSOE) que lidera el presidente Pedro S\u00e1nchez, por considerarlo una pieza clave en la trama corrupta que cobraba coimas a cambio de adjudicar obras p\u00fabicas en diferentes municipios de Espa\u00f1a.<\/p>\n<\/div>\n<div class=\"sc-45461e9c-0 eqiBeF container-text text-embed \" id=\"element-body-1\">\n<p>Cerd\u00e1n era el secretario de organizaci\u00f3n del PSOE,<strong> el tercer puesto en importancia del partido y un hombre de extrema confianza para S\u00e1nchez,<\/strong> quien la asignaba tareas delicadas. Como fue la negociaci\u00f3n fuera de Espa\u00f1a con el ex presidente catal\u00e1n Carles Puigdemont para que su partido independentista apoyara la reelecci\u00f3n de S\u00e1nchez en 2023.<\/p>\n<\/div>\n<div class=\"sc-45461e9c-0 eqiBeF container-text text-embed \" id=\"element-body-2\">\n<p>El ex secretario de organizaci\u00f3n socialista se present\u00f3 este lunes en el Tribunal Supremo para declarar en una investigaci\u00f3n que lleva adelante el juez Leopoldo Puente a partir de un informe de la Guardia Civil que apunta a Cerd\u00e1n, al ex ministro de Transportes, Jos\u00e9 Luis Abalos, y a su ex chofer y asesor, Koldo Garc\u00eda. <strong>Se los se\u00f1ala como presuntos integrantes de una asociaci\u00f3n il\u00edcita que se quedaba con \u201cmordidas\u201d<\/strong> a cambio de conceder a empresas privadas la construcci\u00f3n de obras con dinero p\u00fablico. Est\u00e1n acusado de cohecho, organizaci\u00f3n criminal y tr\u00e1fico de influencias.<\/p>\n<\/div>\n<div class=\"sc-45461e9c-0 eqiBeF container-text text-embed \" id=\"element-body-3\">\n<p>La detenci\u00f3n de Cerd\u00e1n profundiza la grieta dentro del PSOE, donde algunos referentes de peso, como el ex presidente Felipe Gonz\u00e1lez o el presidente regional de Castilla-La Mancha, Emiliano Garc\u00eda-Page, archivaron los eufemismos para expresar su rechazo a la actitud del secretario general del PSOE.<strong> Abiertamente le piden a S\u00e1nchez que abandone la conducci\u00f3n del Partido Socialista<\/strong> y que, como jefe del gobierno de Espa\u00f1a, convoque nuevas elecciones.<\/p>\n<\/div>\n<p><h2>Estrategia<\/h2>\n<\/p>\n<div class=\"sc-45461e9c-0 eqiBeF container-text text-embed \" id=\"element-body-5\">\n<p>El fin de semana el PSOE celebrar\u00e1 un comit\u00e9 federal para reemplazar a Santos Cerd\u00e1n y hay expectativa sobre lo que S\u00e1nchez pueda proponer o hasta d\u00f3nde se har\u00e1 cargo del esc\u00e1ndalo.<\/p>\n<\/div>\n<div class=\"sc-45461e9c-0 eqiBeF container-text text-embed \" id=\"element-body-6\">\n<p>En su plan estrat\u00e9gico, el presidente del gobierno de Espa\u00f1a fue logrando que algunos de sus ministros se conviertan en jefes del PSOE de las comunidades aut\u00f3nomas de las que proceden. Hoy, <strong>son su \u00fanico refugio pol\u00edtico<\/strong> y quienes salen a dar la cara por un gobierno al que le suben cada vez m\u00e1s los gl\u00f3bulos blancos de la infecci\u00f3n que padece.<\/p>\n<\/div>\n<div class=\"sc-45461e9c-0 eqiBeF container-text text-embed \" id=\"element-body-7\">\n<p>\u201cPara nada\u201d, fueron las palabras con las que este lunes desestim\u00f3 la posibilidad de un adelanto electoral la vicepresidenta primera y ministra de Hacienda, Mar\u00eda Jes\u00fas Montero. Montero lidera, adem\u00e1s, el PSOE de Andaluc\u00eda, su tierra.<\/p>\n<\/div>\n<div class=\"sc-98b114a2-0 bkqiHH image-embed  image-embed \" id=\"element-body-8\"><picture class=\"sc-98b114a2-1 jRUlDm\"><source media=\"(min-width: 975px)\" width=\"720\" height=\"480\" \/><img alt=\"Pedro S\u00e1nchez y Santos Cerd\u00e1n, en otros tiempos.\" loading=\"lazy\" width=\"720\" height=\"480\" decoding=\"async\" data-nimg=\"1\" style=\"color:transparent\" src=\"https:\/\/13.com.ar\/wp-content\/uploads\/2025\/06\/persecucion-politica-el-argumento-que-se-volvio-un-bumeran-para.jpg\"\/><span class=\"epigraphe\">Pedro S\u00e1nchez y Santos Cerd\u00e1n, en otros tiempos.<\/span><span class=\"picture-open\"><button class=\"open-image\" aria-label=\"Open Image\"\/><\/span><\/picture><\/div>\n<p><h2>\u201cNo me he llevado ni un duro\u201d<\/h2>\n<\/p>\n<div class=\"sc-45461e9c-0 eqiBeF container-text text-embed \" id=\"element-body-10\">\n<p>\u201cNo me llevado ni un euro\u201d, dijo Santos Cerd\u00e1n en su declaraci\u00f3n en el Tribunal Supremo este lunes. Horas despu\u00e9s, abandon\u00f3 el juzgado en un auto policial q<strong>ue lo aloj\u00f3 en la prisi\u00f3n de Soto del Real, 44 kil\u00f3metros al norte del centro de Madrid.<\/strong><\/p>\n<\/div>\n<div class=\"sc-45461e9c-0 eqiBeF container-text text-embed \" id=\"element-body-11\">\n<p>El juez accedi\u00f3 al pedido de la Fiscal\u00eda Anticorrupci\u00f3n, que le solicit\u00f3 la detenci\u00f3n de Cerd\u00e1n ante el riesgo de que destruya pruebas o se fugue. A\u00fan quedan por investigar su patrimonio y sus cuentas bancarias.<\/p>\n<\/div>\n<div class=\"sc-45461e9c-0 eqiBeF container-text text-embed \" id=\"element-body-12\">\n<p>El gobierno de coalici\u00f3n de izquierda PSOE-Sumar <strong>no se esperaba la detenci\u00f3n del ex secretario de organizaci\u00f3n socialista<\/strong>. Los otros dos imputados, el ex ministro Abalos y su asesor Koldo, declararon la semana pasada pero quedaron en libertad con medidas cautelares.<\/p>\n<\/div>\n<div class=\"sc-45461e9c-0 eqiBeF container-text text-embed \" id=\"element-body-13\">\n<p>Cerd\u00e1n utiliz\u00f3 el mismo argumento del que ech\u00f3 mano el gobierno cuando habla de <strong>persecuci\u00f3n pol\u00edtica<\/strong> por parte de la derecha y de la ultraderecha espa\u00f1ola en los casos que involucran investigaciones judiciales en el entorno familiar -la esposa, el hermano- de Pedro S\u00e1nchez.<\/p>\n<\/div>\n<div class=\"sc-45461e9c-0 eqiBeF container-text text-embed \" id=\"element-body-14\">\n<p>El ex n\u00famero tres del PSOE asegur\u00f3 que hay una campa\u00f1a en su contra por haber sido quien llev\u00f3 adelante l<strong>as negociaciones con los independentistas catalanes y vascos<\/strong> para lograr que apoyaran la designaci\u00f3n de S\u00e1nchez como jefe del gobierno, una vez m\u00e1s, despu\u00e9s de las elecciones de julio de 2023.<\/p>\n<\/div>\n<div class=\"sc-98b114a2-0 bkqiHH image-embed  image-embed \" id=\"element-body-15\"><picture class=\"sc-98b114a2-1 jRUlDm\"><source media=\"(min-width: 975px)\" width=\"720\" height=\"480\" \/><img alt=\"El presidente del Gobierno y l\u00edder del PSOE, Pedro S\u00e1nchez. Foto EFE\" loading=\"lazy\" width=\"720\" height=\"480\" decoding=\"async\" data-nimg=\"1\" style=\"color:transparent\" src=\"https:\/\/13.com.ar\/wp-content\/uploads\/2025\/06\/1751322690_144_persecucion-politica-el-argumento-que-se-volvio-un-bumeran-para.jpg\"\/><span class=\"epigraphe\">El presidente del Gobierno y l\u00edder del PSOE, Pedro S\u00e1nchez. Foto EFE<\/span><span class=\"picture-open\"><button class=\"open-image\" aria-label=\"Open Image\"\/><\/span><\/picture><\/div>\n<div class=\"sc-45461e9c-0 eqiBeF container-text text-embed \" id=\"element-body-16\">\n<p>Y apunt\u00f3 a que otro ministro que tambi\u00e9n particip\u00f3 en el armado de apoyos parlamentarios de otros partidos a la investidura de Pedro S\u00e1nchez podr\u00eda ser el pr\u00f3ximo en caer en desgracia.<strong> Se refer\u00eda a F\u00e9lix Bola\u00f1os<\/strong>, actual ministro de la Presidencia, Justicia y Relaciones con las Cortes.<\/p>\n<\/div>\n<div class=\"sc-45461e9c-0 eqiBeF container-text text-embed \" id=\"element-body-17\">\n<p>Que un expulsado del partido convertido en un collar de sand\u00edas perfecto para hundir la reputaci\u00f3n del PSOE utilice los mismos argumentos enfurece al gobierno y los convierte en un b\u00fameran.<\/p>\n<\/div>\n<p><h2>Un bot\u00edn de cinco millones de euros<\/h2>\n<\/p>\n<div class=\"sc-45461e9c-0 eqiBeF container-text text-embed \" id=\"element-body-19\">\n<p>El presidente S\u00e1nchez, sin embargo, <strong>no est\u00e1 dispuesto a paga<\/strong>r -por ahora- ning\u00fan costo pol\u00edtico por la corrupci\u00f3n que corroe al PSOE.<\/p>\n<\/div>\n<div class=\"sc-45461e9c-0 eqiBeF container-text text-embed \" id=\"element-body-20\">\n<p>Acorazado detr\u00e1s de su manual de resistencia, Pedro S\u00e1nchez pidi\u00f3 perd\u00f3n <strong>\u201cpor haber confiado en quienes no deb\u00eda confiar<\/strong>\u201d y reemplaz\u00f3 interinamente el rol de secretario de organizaci\u00f3n por un grupo de cuatro cargos del partido.<\/p>\n<\/div>\n<div class=\"sc-45461e9c-0 eqiBeF container-text text-embed \" id=\"element-body-21\">\n<p>Desde Sevilla, donde oficia de anfitri\u00f3n de la IV Conferencia Internacional sobre la Financiaci\u00f3n para el Desarrollo de las Naciones Unidas, insisti\u00f3 con que el PSOE tuvo buenos reflejos para expulsar a Cerd\u00e1n del partido y que ahora \u201ces el tiempo de la Justicia\u201d.<\/p>\n<\/div>\n<div class=\"sc-45461e9c-0 eqiBeF container-text text-embed \" id=\"element-body-22\">\n<p>El juez que instruye la causa, sin embargo, dej\u00f3 la puerta abierta a que <strong>\u201cm\u00e1s personas, f\u00edsicas o jur\u00eddicas\u201d<\/strong> hubieran podido gozar de las mieles de las coimas. El juez Puente habla de \u201cun bot\u00edn\u201d que podr\u00eda rondar los cinco millones de euros.<\/p>\n<\/div>\n<\/div>\n<p><br \/>\n<br \/><a href=\"https:\/\/www.clarin.com\/mundo\/arresto-espana-poderoso-ex-dirigente-psoe-persecucion-politica-argumento-volvio-bumeran-pedro-sanchez_0_4OQUgCmv2t.html\">Fuente Clarin.com <\/a><\/p>\n","protected":false},"excerpt":{"rendered":"<p>Prisi\u00f3n preventiva y sin fianza. Fue lo que dictamin\u00f3 el juez este lunes para Santos Cerd\u00e1n, el ex alto cargo del Partido Socialista Obrero Espa\u00f1ol (PSOE) que lidera el presidente Pedro S\u00e1nchez, por considerarlo una pieza clave en la trama corrupta que cobraba coimas a cambio de adjudicar obras p\u00fabicas en diferentes municipios de Espa\u00f1a. [&hellip;]<\/p>\n","protected":false},"author":1,"featured_media":38302,"comment_status":"open","ping_status":"open","sticky":false,"template":"","format":"standard","meta":{"footnotes":""},"categories":[2],"tags":[10911,22592,16,302,4586,208,303,504],"class_list":["post-38301","post","type-post","status-publish","format-standard","has-post-thumbnail","hentry","category-ultimas-noticias","tag-argumento","tag-bumeran","tag-para","tag-pedro","tag-persecucion","tag-politica","tag-sanchez","tag-volvio"],"_links":{"self":[{"href":"https:\/\/13.com.ar\/index.php\/wp-json\/wp\/v2\/posts\/38301","targetHints":{"allow":["GET"]}}],"collection":[{"href":"https:\/\/13.com.ar\/index.php\/wp-json\/wp\/v2\/posts"}],"about":[{"href":"https:\/\/13.com.ar\/index.php\/wp-json\/wp\/v2\/types\/post"}],"author":[{"embeddable":true,"href":"https:\/\/13.com.ar\/index.php\/wp-json\/wp\/v2\/users\/1"}],"replies":[{"embeddable":true,"href":"https:\/\/13.com.ar\/index.php\/wp-json\/wp\/v2\/comments?post=38301"}],"version-history":[{"count":0,"href":"https:\/\/13.com.ar\/index.php\/wp-json\/wp\/v2\/posts\/38301\/revisions"}],"wp:featuredmedia":[{"embeddable":true,"href":"https:\/\/13.com.ar\/index.php\/wp-json\/wp\/v2\/media\/38302"}],"wp:attachment":[{"href":"https:\/\/13.com.ar\/index.php\/wp-json\/wp\/v2\/media?parent=38301"}],"wp:term":[{"taxonomy":"category","embeddable":true,"href":"https:\/\/13.com.ar\/index.php\/wp-json\/wp\/v2\/categories?post=38301"},{"taxonomy":"post_tag","embeddable":true,"href":"https:\/\/13.com.ar\/index.php\/wp-json\/wp\/v2\/tags?post=38301"}],"curies":[{"name":"wp","href":"https:\/\/api.w.org\/{rel}","templated":true}]}}