{"id":38297,"date":"2025-06-30T19:26:02","date_gmt":"2025-06-30T22:26:02","guid":{"rendered":"https:\/\/13.com.ar\/index.php\/hay-mas-de-300-vacantes-sin-cubrir-y-el-gobierno-ahora-admite-mas-demoras\/"},"modified":"2025-06-30T19:26:02","modified_gmt":"2025-06-30T22:26:02","slug":"hay-mas-de-300-vacantes-sin-cubrir-y-el-gobierno-ahora-admite-mas-demoras","status":"publish","type":"post","link":"https:\/\/13.com.ar\/index.php\/hay-mas-de-300-vacantes-sin-cubrir-y-el-gobierno-ahora-admite-mas-demoras\/","title":{"rendered":"hay m\u00e1s de 300 vacantes sin cubrir y el Gobierno ahora admite m\u00e1s demoras"},"content":{"rendered":"<p> <br \/>\n<br \/><img decoding=\"async\" src=\"https:\/\/13.com.ar\/wp-content\/uploads\/2025\/06\/hay-mas-de-300-vacantes-sin-cubrir-y-el-Gobierno.jpg\" \/><\/p>\n<div id=\"cuerpo\">\n<div class=\"sc-45461e9c-0 eqiBeF container-text text-embed \" id=\"element-body-0\">\n<p>En el informe presentado ante el Senado, el jefe de Gabinete, Guillermo Francos, admiti\u00f3 que <strong>los 222 pliegos que retiene el Ministerio de Justicia hace un a\u00f1o y medio a\u00fan no se enviar\u00e1n al Congreso<\/strong>. Adem\u00e1s, el Gobierno contabiliz\u00f3 <strong>330 puestos vacantes: es el 32,93%<\/strong>. La cifra hace dos a\u00f1os era del 30,5%. Eso es sin contabilizar el 40% de puestos sin cubrir en el Ministerio P\u00fablico Fiscal.<\/p>\n<\/div>\n<div class=\"sc-45461e9c-0 eqiBeF container-text text-embed \" id=\"element-body-1\">\n<p>La <strong>crisis al interior del Poder Judicial<\/strong> como de la Procuraci\u00f3n respecto a la cantidad de cargos sin cubrir no tiene precedente. Los sillones de<strong> jueces y fiscales<\/strong> se convirtieron -una vez m\u00e1s-, una carta de <strong>negociaci\u00f3n entre el Gobierno y el Congreso<\/strong>. Los pliegos remitidos por el Consejo de la Magistratura, \u00f3rgano responsable de tomar los ex\u00e1menes, evaluarlos y conformar las ternas que se env\u00edan al Poder Ejecutivo, requieren la aprobaci\u00f3n del Senado para la posterior designaci\u00f3n.<\/p>\n<\/div>\n<div class=\"sc-45461e9c-0 eqiBeF container-text text-embed \" id=\"element-body-2\">\n<p>Las estad\u00edsticas oficiales exponen que la crisis s\u00f3lo contin\u00faa agrav\u00e1ndose. Del 30,5% de sillones de jueces y juezas sin cubrir en la justicia nacional, federal de la Capital Federal y del interior, hoy <strong>se contabiliza un 32,93%<\/strong>.<\/p>\n<\/div>\n<div class=\"sc-45461e9c-0 eqiBeF container-text text-embed \" id=\"element-body-3\">\n<p>\u201cNo pasa nadie con este Congreso\u201d, fue el mensaje que lleg\u00f3 al Ministerio de Justicia, donde desde hace m\u00e1s de un a\u00f1o y medio retienen 222 pliegos de jueces, fiscales y defensores oficiales. El plante\u00f3 fren\u00f3, una vez m\u00e1s y pese a reiteradas promesas p\u00fablicas, el env\u00edo de los pliegos para reducir la crisis de vacantes la Justicia.<\/p>\n<\/div>\n<div class=\"sc-45461e9c-0 eqiBeF container-text text-embed \" id=\"element-body-4\">\n<p>Es la instancia, admiten fuentes oficiales, \u201cm\u00e1s compleja\u201d. En la Casa Rosada saben que <strong>la conformaci\u00f3n actual del Congreso es un escenario dif\u00edcil de sortear<\/strong> para obtener la aprobaci\u00f3n de las ternas que env\u00ede el Poder Ejecutivo. \u201cNo se descarta esperar a la nueva conformaci\u00f3n de la C\u00e1mara Alta para volver a hablar y enviar los pliegos\u201d, explic\u00f3 una fuente del ministerio de Justicia a <strong>Clar\u00edn<\/strong>.<\/p>\n<\/div>\n<div class=\"sc-45461e9c-0 eqiBeF container-text text-embed \" id=\"element-body-5\">\n<p>Un total de 222 pliegos se encuentran en manos del Gobierno, que ya fueron enviados por el Consejo de la Magistratura que preside el juez Horacio Rosatti -cabeza de la Corte Suprema de Justicia-. De ese universo 156 corresponden a sillones de jueces y juezas de diversos fueros, los restantes a fiscales y defensores.<\/p>\n<\/div>\n<div class=\"sc-45461e9c-0 eqiBeF container-text text-embed \" id=\"element-body-6\">\n<p>En el informe que Francos present\u00f3 ante el Senado se indic\u00f3 al respecto: \u201cEl Ministerio de Justicia informa que el proceso de selecci\u00f3n de magistrados constituye un procedimiento complejo en el que intervienen distintos estamentos de los tres poderes del Estado: el Poder Judicial, a trav\u00e9s del Consejo de la Magistratura; el Poder Ejecutivo, mediante la intervenci\u00f3n del Ministerio de Justicia; y el Poder Legislativo, a trav\u00e9s de la Honorable C\u00e1mara de Senadores de la Naci\u00f3n\u201d.<\/p>\n<\/div>\n<div class=\"sc-45461e9c-0 eqiBeF container-text text-embed \" id=\"element-body-7\">\n<p>En relaci\u00f3n con las designaciones, se detall\u00f3 que el Ejecutivo se encuentra \u201cevaluando las ternas de candidatos remitidas por el Consejo de la Magistratura y el Ministerio P\u00fablico Fiscal, con el fin de avanzar en la cobertura de las vacantes correspondientes\u201d.<\/p>\n<\/div>\n<div class=\"sc-45461e9c-0 eqiBeF container-text text-embed \" id=\"element-body-8\">\n<p>Y se\u00f1ala que, si bien el ordenamiento jur\u00eddico vigente no establece un plazo espec\u00edfico para la culminaci\u00f3n de este procedimiento, \u201cse dar\u00e1 curso al tr\u00e1mite para cubrir las vacantes existentes en la Justicia Nacional y Federal <strong>a la mayor brevedad posible<\/strong>\u201d.<\/p>\n<\/div>\n<div class=\"sc-45461e9c-0 eqiBeF container-text text-embed \" id=\"element-body-9\">\n<p>Sin embargo, el Gobierno contin\u00faa sin especificar la fecha despu\u00e9s de sendas promesas de env\u00edo al Congreso de los pliegos, los cargos contin\u00faan vacantes y en el Poder Judicial sostienen que la crisis<\/p>\n<\/div>\n<div class=\"sc-45461e9c-0 eqiBeF container-text text-embed \" id=\"element-body-10\">\n<p>Cuando se le consult\u00f3 la cantidad de cargos vacantes que tiene el Poder Judicial, el Gobierno entreg\u00f3 una planilla que consigna que en la <strong>Justicia Naciona<\/strong>l de la <strong>Ciudad Aut\u00f3noma de Buenos Aires<\/strong>, hay <strong>178 cargos sin cubrir de un total de 517<\/strong>. Respecto a la <strong>Justicia Federal<\/strong> de CABA de los <strong>159 puestos con los que cuenta, 46 se encuentran sin jueces<\/strong> designados en car\u00e1cter de titular y finalmente, en la <strong>Justicia Federal del Interior de los 326 sillones, 106 contin\u00faan vacantes.<\/strong><\/p>\n<\/div>\n<div class=\"sc-45461e9c-0 eqiBeF container-text text-embed \" id=\"element-body-11\">\n<p>Los n\u00fameros consignados arrojan un total de <strong>330 cargos sin cubrir dentro del Poder Judicial<\/strong>. Poco m\u00e1s de la mitad de esos puestos podr\u00edan tener jueces, juezas en car\u00e1cter de titular si el Gobierno remitiera las ternas al Congreso.<\/p>\n<\/div>\n<div class=\"sc-45461e9c-0 eqiBeF container-text text-embed \" id=\"element-body-12\">\n<p>Cuando el presidente Javier Milei inaugur\u00f3 el a\u00f1o legislativo el pasado 1\u00b0 de marzo, le dedic\u00f3 unas l\u00edneas al problema: \u201cNo podremos resolver la crisis de delincuencia en nuestro pa\u00eds sin una Justicia independiente, pero efectiva. Y la Justicia no va a funcionar correctamente hasta que la pol\u00edtica se decida a dejar de politizar los nombramientos de los jueces, fiscales y defensores p\u00fablicos\u201d.<\/p>\n<\/div>\n<div class=\"sc-45461e9c-0 eqiBeF container-text text-embed \" id=\"element-body-13\">\n<p>El Jefe de Estado, a\u00f1adi\u00f3: &#8220;tenemos la intenci\u00f3n de avanzar en el env\u00edo de los pliegos de todos los cargos vacantes de la Justicia Federal, incluidos el procurador general, el defensor general, el defensor del pueblo, todos los juzgados federales, todas las fiscal\u00edas y todos los defensores p\u00fablicos que hoy faltan designar, que son alrededor del 40% de los magistrados de la Justicia Federal\u201d.<\/p>\n<\/div>\n<div class=\"sc-45461e9c-0 eqiBeF container-text text-embed \" id=\"element-body-14\">\n<p>Pese al discurso oficial, <strong>durante todo el 2024 el Gobierno no design\u00f3 ning\u00fan juez.<\/strong><\/p>\n<\/div>\n<div class=\"sc-45461e9c-0 eqiBeF container-text text-embed \" id=\"element-body-15\">\n<p>Durante el \u00faltimo plenario del Consejo de la Magistratura del 2024, se aprobaron 23 ternas para cubrir cargos vacantes en diversos fueros. Ninguna corresponde a los cargos sin cubrir en Comodoro Py, el fuero al que m\u00e1s atenci\u00f3n le presta la pol\u00edtica.<\/p>\n<\/div>\n<div class=\"sc-45461e9c-0 eqiBeF container-text text-embed \" id=\"element-body-16\">\n<p>Sin embargo, en esa lista hay fueros sumamente relevantes como el Civil y Comercial, el Penal Econ\u00f3mico, cargos electorales, entre otros -como as\u00ed tambi\u00e9n, las C\u00e1maras revisoras-, que aguardan la decisi\u00f3n del Poder Ejecutivo.<\/p>\n<\/div>\n<p><h2>C\u00f3mo se designa a un juez<\/h2>\n<\/p>\n<div class=\"sc-45461e9c-0 eqiBeF container-text text-embed \" id=\"element-body-18\">\n<p>El <strong>proceso para designar un juez<\/strong> comienza en el Consejo de la Magistratura, el \u00f3rgano que elabora los ex\u00e1menes, realizar los tr\u00e1mites administrativos para conformar los jurados evaluadores, lleva adelante las entrevistas con los candidatos y finalmente confecciona el orden de m\u00e9rito que luego es remitido al Poder Ejecutivo en las ternas.<\/p>\n<\/div>\n<div class=\"sc-45461e9c-0 eqiBeF container-text text-embed \" id=\"element-body-19\">\n<p>El Gobierno debe seleccionar un candidato de cada terna y enviar los pliegos al Senado para su evaluaci\u00f3n en la Comisi\u00f3n de Acuerdos, y luego su aprobaci\u00f3n en el recinto. Una vez votados, los nuevos jueces son designados formalmente por el presidente con un decreto que es publicado en el Bolet\u00edn Oficial.<\/p>\n<\/div>\n<div class=\"sc-45461e9c-0 eqiBeF container-text text-embed \" id=\"element-body-20\">\n<p>En el Poder Judicial sostienen que <strong>el proceso \u201cse traba en la pol\u00edtica\u201d<\/strong>, ya que muchas de las ternas enviadas al Ejecutivo, o de los candidatos remitidos luego al Senado, quedan sin votar o directamente fueron retirados por el gobierno siguiente.<\/p>\n<\/div>\n<div class=\"sc-45461e9c-0 eqiBeF container-text text-embed \" id=\"element-body-21\">\n<p>A las pocas ternas que el Poder Ejecutivo envi\u00f3 al Senado durante los \u00faltimos a\u00f1os, se sum\u00f3 otra realidad: 175 jueces y juezas cesaron en sus cargos por diversos motivos. Esto increment\u00f3 la crisis de los sillones vac\u00edos.<\/p>\n<\/div>\n<div class=\"sc-45461e9c-0 eqiBeF container-text text-embed \" id=\"element-body-22\">\n<p>La cifra fue increment\u00e1ndose: s\u00f3lo en 2024 se mandaron al Gobierno 96 ternas. Se acumularon con otras que ya ten\u00eda el PEN en su poder y el n\u00famero -a la fecha-, asciende a 222 pliegos que est\u00e1n en manos del Ministerio de Justicia.<\/p>\n<\/div>\n<div class=\"sc-45461e9c-0 eqiBeF container-text text-embed \" id=\"element-body-23\">\n<p>Ese extenso listado que incluye 156 puestos de jueces suple los pliegos retirados de la C\u00e1mara Alta por parte del Ministerio de Justicia cuando asumi\u00f3 el gobierno libertario. Tambi\u00e9n hay en esas planillas cargos del Ministerio P\u00fablico Fiscal, que atraviesa su peor crisis: el 42% de sus puestos est\u00e1n vacantes.<\/p>\n<\/div>\n<div class=\"sc-45461e9c-0 eqiBeF container-text text-embed \" id=\"element-body-24\">\n<p>En esas ternas tambi\u00e9n hay designaciones para cubrir puestos en el Ministerio P\u00fablico de la Defensa.<\/p>\n<\/div>\n<div class=\"sc-45461e9c-0 eqiBeF container-text text-embed \" id=\"element-body-25\">\n<p>Las planillas que hab\u00eda dejado el gobierno de Alberto Fern\u00e1ndez fueron revisadas y modificadas por el Ministerio que conduce Mariano C\u00faneo Libarona.<\/p>\n<\/div>\n<div class=\"sc-45461e9c-0 eqiBeF container-text text-embed \" id=\"element-body-26\">\n<p>Fuentes oficiales indicaron a <strong>Clar\u00edn<\/strong> que las ternas \u201cse encuentran bajo estudio nuevamente\u201d, sin embargo el motivo principal de retener los pliegos es pol\u00edtico y tiene que ver con la mayor\u00eda de bancas en el Senado que est\u00e1n en manos del kirchnerismo.<\/p>\n<\/div>\n<\/div>\n<p><br \/>\n<br \/><a href=\"https:\/\/www.clarin.com\/politica\/justicia-medias-300-vacantes-cubrir-gobierno-ahora-admite-demoras_0_8bpkgeHO1x.html\">Fuente Clarin.com <\/a><\/p>\n","protected":false},"excerpt":{"rendered":"<p>En el informe presentado ante el Senado, el jefe de Gabinete, Guillermo Francos, admiti\u00f3 que los 222 pliegos que retiene el Ministerio de Justicia hace un a\u00f1o y medio a\u00fan no se enviar\u00e1n al Congreso. Adem\u00e1s, el Gobierno contabiliz\u00f3 330 puestos vacantes: es el 32,93%. La cifra hace dos a\u00f1os era del 30,5%. Eso es [&hellip;]<\/p>\n","protected":false},"author":1,"featured_media":38298,"comment_status":"open","ping_status":"open","sticky":false,"template":"","format":"standard","meta":{"footnotes":""},"categories":[2],"tags":[8188,1412,5018,245,71,942,155,882,8267],"class_list":["post-38297","post","type-post","status-publish","format-standard","has-post-thumbnail","hentry","category-ultimas-noticias","tag-admite","tag-ahora","tag-cubrir","tag-demoras","tag-gobierno","tag-hay","tag-mas","tag-sin","tag-vacantes"],"_links":{"self":[{"href":"https:\/\/13.com.ar\/index.php\/wp-json\/wp\/v2\/posts\/38297","targetHints":{"allow":["GET"]}}],"collection":[{"href":"https:\/\/13.com.ar\/index.php\/wp-json\/wp\/v2\/posts"}],"about":[{"href":"https:\/\/13.com.ar\/index.php\/wp-json\/wp\/v2\/types\/post"}],"author":[{"embeddable":true,"href":"https:\/\/13.com.ar\/index.php\/wp-json\/wp\/v2\/users\/1"}],"replies":[{"embeddable":true,"href":"https:\/\/13.com.ar\/index.php\/wp-json\/wp\/v2\/comments?post=38297"}],"version-history":[{"count":0,"href":"https:\/\/13.com.ar\/index.php\/wp-json\/wp\/v2\/posts\/38297\/revisions"}],"wp:featuredmedia":[{"embeddable":true,"href":"https:\/\/13.com.ar\/index.php\/wp-json\/wp\/v2\/media\/38298"}],"wp:attachment":[{"href":"https:\/\/13.com.ar\/index.php\/wp-json\/wp\/v2\/media?parent=38297"}],"wp:term":[{"taxonomy":"category","embeddable":true,"href":"https:\/\/13.com.ar\/index.php\/wp-json\/wp\/v2\/categories?post=38297"},{"taxonomy":"post_tag","embeddable":true,"href":"https:\/\/13.com.ar\/index.php\/wp-json\/wp\/v2\/tags?post=38297"}],"curies":[{"name":"wp","href":"https:\/\/api.w.org\/{rel}","templated":true}]}}