{"id":38295,"date":"2025-06-30T18:59:30","date_gmt":"2025-06-30T21:59:30","guid":{"rendered":"https:\/\/13.com.ar\/index.php\/cambio-climatico-un-gravoso-dano-intergeneracional\/"},"modified":"2025-06-30T18:59:30","modified_gmt":"2025-06-30T21:59:30","slug":"cambio-climatico-un-gravoso-dano-intergeneracional","status":"publish","type":"post","link":"https:\/\/13.com.ar\/index.php\/cambio-climatico-un-gravoso-dano-intergeneracional\/","title":{"rendered":"Cambio clim\u00e1tico, un gravoso da\u00f1o intergeneracional"},"content":{"rendered":"<p> <br \/>\n<br \/><img decoding=\"async\" src=\"https:\/\/13.com.ar\/wp-content\/uploads\/2025\/06\/Cambio-climatico-un-gravoso-dano-intergeneracional.jpg\" \/><\/p>\n<div id=\"element-body-0\">\n<p>El clima mundial est\u00e1 cambiando de manera acelerada. La Tierra viene experimentando desde la Revoluci\u00f3n Industrial un proceso continuo de aumento de la temperatura global: se prev\u00e9 un significativo calentamiento adicional en los pr\u00f3ximos a\u00f1os, si no se aplican ya medidas acordadas internacionalmente.<\/p>\n<\/div>\n<div id=\"element-body-1\">\n<p>La Revoluci\u00f3n Industrial <strong>impuls\u00f3 la producci\u00f3n mundial, ese aumento de la producci\u00f3n de bienes y servicios i<\/strong>mpuls\u00f3 el crecimiento del consumo energ\u00e9tico, este mayor consumo fue satisfecho principalmente con energ\u00edas contaminantes de origen f\u00f3sil (carb\u00f3n, petr\u00f3leo y gas). As\u00ed, vienen creciendo a\u00f1o a a\u00f1o las emisiones contaminantes, principalmente el CO2.<\/p>\n<\/div>\n<div id=\"element-body-2\">\n<p>Hace ya 18 a\u00f1os que Nicholas Stern escribi\u00f3 su informe sobre el cambio clim\u00e1tico mundial donde alertaba: \u201cLas pruebas cient\u00edficas son incuestionables: el cambio clim\u00e1tico constituye una seria amenaza mundial que exige urgentemente una respuesta asimismo mundial, y examinar la conveniencia de cambios importantes y no simplemente marginales\u201d.<\/p>\n<\/div>\n<div id=\"element-body-3\">\n<p>Este cambio clim\u00e1tico es una consecuencia de las actividades humanas sobre la naturaleza, comenzando por el proceso de aumento de la poblaci\u00f3n mundial. Baste tener presente que en la actualidad viven en esta tierra 35 veces m\u00e1s habitantes que en el a\u00f1o 1900.<\/p>\n<\/div>\n<div id=\"element-body-4\">\n<p>Estamos enfrentando hoy <strong>un desaf\u00edo planetario, ya que las condiciones ambientales se han deteriorado <\/strong>y seguir\u00e1n empeorando de persistir las tendencias actuales, El cambio clim\u00e1tico constituye un problema global, porque los gases de efecto invernadero tienen un impacto negativo no siendo importante d\u00f3nde se emiten. Las tendencias energ\u00e9ticas existentes no contribuyen a estabilizar el clima a los niveles de los \u00faltimos a\u00f1os.<\/p>\n<\/div>\n<div id=\"element-body-5\">\n<p>El cambio clim\u00e1tico pone en evidencia que una parte de la rentabilidad del uso de los combustibles f\u00f3siles,<strong> se logra a expensas del clima del mundo.<\/strong> Estamos frente a una creciente amenaza global hacia la Tierra que exige ser encarada mediante acciones implementadas por todos los pa\u00edses, en el marco de negociaciones internacionales.<\/p>\n<\/div>\n<div id=\"element-body-6\">\n<p>Esta amenaza ambiental global, requiere una soluci\u00f3n global con compromisos de todas las naciones. El cambio clim\u00e1tico es un da\u00f1o intergeneracional, y es un gravoso pasivo que nuestra generaci\u00f3n le est\u00e1 dejando a la pr\u00f3xima. que hoy no tiene voz defensiva.<\/p>\n<\/div>\n<div id=\"element-body-7\">\n<p>El sistema energ\u00e9tico mundial es la base de las econom\u00edas y sociedades modernas, pero la producci\u00f3n y el consumo de energ\u00eda tambi\u00e9n son responsables de alrededor de \u00be  de las emisiones de gases de efecto invernadero, lo que los convierte en el principal impulsor del cambio clim\u00e1tico.<\/p>\n<\/div>\n<div id=\"element-body-8\">\n<p>A medida que las temperaturas en todo el mundo contin\u00faan batiendo r\u00e9cords, los argumentos para transformar r\u00e1pidamente el sistema energ\u00e9tico mundial nunca han sido m\u00e1s fuertes.<\/p>\n<\/div>\n<div id=\"element-body-9\">\n<p>El r\u00e1pido crecimiento de las energ\u00edas limpias en los \u00faltimos a\u00f1os y nuevas tecnolog\u00edas como los coches el\u00e9ctricos, han sido eventos positivos pero se requerir\u00eda un progreso mucho m\u00e1s r\u00e1pido a una escala mucho mayor, con una mayor cooperaci\u00f3n internacional y ambici\u00f3n por parte de los responsables pol\u00edticos, as\u00ed como la implementaci\u00f3n r\u00e1pida y completa de los compromisos energ\u00e9ticos ya asumidos.<\/p>\n<\/div>\n<div id=\"element-body-10\">\n<p>La Tierra est\u00e1 sufriendo cambios clim\u00e1ticos que amenazan cada vez m\u00e1s con crecientes tormentas tropicales, inundaciones, sequias, incendios, aumento del nivel del mar y deterioro de la producci\u00f3n de alimentos.<\/p>\n<\/div>\n<div id=\"element-body-11\">\n<p>Mantener las temperaturas en niveles seguros exige reducir las emisiones de carbono a casi cero de aqu\u00ed a mediados de siglo, pero iniciando ya sin demoras esta reducci\u00f3n. La transici\u00f3n hacia una econom\u00eda con bajas emisiones requiere expandir las energ\u00edas limpias, porque las emisiones de gases de efecto invernadero conducir\u00e1n a un aumento del calentamiento global, en el corto plazo.<\/p>\n<\/div>\n<div id=\"element-body-12\">\n<p>Las reducciones r\u00e1pidas y sostenidas de las emisiones de gases de efecto invernadero conducir\u00edan a una desaceleraci\u00f3n del calentamiento global. La transici\u00f3n globalmente impulsada hacia un futuro con energ\u00edas limpias no ser\u00e1 una tarea simple, pero no encararla provocar\u00e1 mayores costos afectando gravemente a las generaciones por venir. Estamos enfrentando crecientes amenazas clim\u00e1ticas ya que en muchas regiones del mundo est\u00e1 aumentando la tendencia al calentamiento.<\/p>\n<\/div>\n<div id=\"element-body-13\">\n<p>La  Conferencia de las Naciones Unidas sobre el Cambio Clim\u00e1tico de 2025, tambi\u00e9n llamada COP30, es la 30\u00aa   conferencia de las Naciones Unidas sobre el Cambio Clim\u00e1tico, prevista para noviembre de 2025, en la ciudad de  Bel\u00e9m, en  Brasil. Esta COP marcar\u00e1 20 a\u00f1os desde la entrada en vigor del  Protocolo de Kioto,  un acuerdo internacional que busc\u00f3 reducir las emisiones de gases de efecto invernadero , y 10 a\u00f1os desde la adopci\u00f3n del  Acuerdo de Par\u00eds, el tratado internacional que buscaba limitar el calentamiento global.<\/p>\n<\/div>\n<div id=\"element-body-14\">\n<p>Como hemos avanzado poco, a\u00fan queda mucho por hacer para la preservaci\u00f3n de nuestro planeta que es un<strong> bien p\u00fablico globa<\/strong>l. Ya es hora de cuidar el futuro de las pr\u00f3ximas generaciones.<\/p>\n<\/div>\n<p><br \/>\n<br \/><a href=\"https:\/\/www.clarin.com\/opinion\/cambio-climatico-gravoso-dano-intergeneracional_0_0uEYC8Pzxf.html\">Fuente Clarin.com <\/a><\/p>\n","protected":false},"excerpt":{"rendered":"<p>El clima mundial est\u00e1 cambiando de manera acelerada. La Tierra viene experimentando desde la Revoluci\u00f3n Industrial un proceso continuo de aumento de la temperatura global: se prev\u00e9 un significativo calentamiento adicional en los pr\u00f3ximos a\u00f1os, si no se aplican ya medidas acordadas internacionalmente. La Revoluci\u00f3n Industrial impuls\u00f3 la producci\u00f3n mundial, ese aumento de la producci\u00f3n [&hellip;]<\/p>\n","protected":false},"author":1,"featured_media":38296,"comment_status":"open","ping_status":"open","sticky":false,"template":"","format":"standard","meta":{"footnotes":""},"categories":[2],"tags":[809,2610,7827,22589,22590],"class_list":["post-38295","post","type-post","status-publish","format-standard","has-post-thumbnail","hentry","category-ultimas-noticias","tag-cambio","tag-climatico","tag-dano","tag-gravoso","tag-intergeneracional"],"_links":{"self":[{"href":"https:\/\/13.com.ar\/index.php\/wp-json\/wp\/v2\/posts\/38295","targetHints":{"allow":["GET"]}}],"collection":[{"href":"https:\/\/13.com.ar\/index.php\/wp-json\/wp\/v2\/posts"}],"about":[{"href":"https:\/\/13.com.ar\/index.php\/wp-json\/wp\/v2\/types\/post"}],"author":[{"embeddable":true,"href":"https:\/\/13.com.ar\/index.php\/wp-json\/wp\/v2\/users\/1"}],"replies":[{"embeddable":true,"href":"https:\/\/13.com.ar\/index.php\/wp-json\/wp\/v2\/comments?post=38295"}],"version-history":[{"count":0,"href":"https:\/\/13.com.ar\/index.php\/wp-json\/wp\/v2\/posts\/38295\/revisions"}],"wp:featuredmedia":[{"embeddable":true,"href":"https:\/\/13.com.ar\/index.php\/wp-json\/wp\/v2\/media\/38296"}],"wp:attachment":[{"href":"https:\/\/13.com.ar\/index.php\/wp-json\/wp\/v2\/media?parent=38295"}],"wp:term":[{"taxonomy":"category","embeddable":true,"href":"https:\/\/13.com.ar\/index.php\/wp-json\/wp\/v2\/categories?post=38295"},{"taxonomy":"post_tag","embeddable":true,"href":"https:\/\/13.com.ar\/index.php\/wp-json\/wp\/v2\/tags?post=38295"}],"curies":[{"name":"wp","href":"https:\/\/api.w.org\/{rel}","templated":true}]}}