{"id":3807,"date":"2025-02-11T09:49:31","date_gmt":"2025-02-11T12:49:31","guid":{"rendered":"https:\/\/13.com.ar\/index.php\/la-union-europea-advierte-que-los-aranceles-de-donald-trump-no-quedaran-sin-respuesta\/"},"modified":"2025-02-11T09:49:31","modified_gmt":"2025-02-11T12:49:31","slug":"la-union-europea-advierte-que-los-aranceles-de-donald-trump-no-quedaran-sin-respuesta","status":"publish","type":"post","link":"https:\/\/13.com.ar\/index.php\/la-union-europea-advierte-que-los-aranceles-de-donald-trump-no-quedaran-sin-respuesta\/","title":{"rendered":"La Uni\u00f3n Europea advierte que los aranceles de Donald Trump &#8220;no quedar\u00e1n sin respuesta&#8221;"},"content":{"rendered":"<p> <br \/>\n<\/p>\n<div id=\"cuerpo\">\n<div class=\"sc-80531b6b-0 chRIGJ container-text text-embed\">\n<p>La presidenta de la Comisi\u00f3n Europea, Ursula von der Leyen, prometi\u00f3 el martes que los <strong>aranceles estadounidenses sobre el acero y el aluminio<\/strong> \u201cno quedar\u00e1n sin respuesta\u201d y que desencadenar\u00e1n severas medidas rec\u00edprocas por parte del bloque de 27 naciones.<\/p>\n<\/div>\n<div class=\"sc-80531b6b-0 chRIGJ container-text text-embed\">\n<p>&#8220;La UE actuar\u00e1 para proteger sus intereses econ\u00f3micos\u201d, afirm\u00f3 von der Leyen en un comunicado en respuesta a la medida decretada por el presidente de Estados Unidos, <strong>Donald Trump<\/strong>, el lunes.<\/p>\n<\/div>\n<div class=\"sc-80531b6b-0 chRIGJ container-text text-embed\">\n<p>\u201cLos aranceles son impuestos, malos para los negocios, peores para los consumidores\u201d, agreg\u00f3 la presidenta de la Comisi\u00f3n Europea. \u201cLos aranceles injustificados sobre la UE no quedar\u00e1n sin respuesta, <strong>desencadenar\u00e1n contramedidas firmes y proporcionadas\u201d.<\/strong><\/p>\n<\/div>\n<div class=\"sc-80531b6b-0 chRIGJ container-text text-embed\">\n<p>En Alemania, la mayor econom\u00eda del bloque, el canciller, Olaf Scholz, dijo al Parlamento que \u201csi Estados Unidos no nos deja otra opci\u00f3n, entonces la Uni\u00f3n Europea reaccionar\u00e1 unida\u201d, y agreg\u00f3 que \u201cen \u00faltima instancia, las guerras comerciales siempre afectan a la prosperidad de ambas partes\u201d.<\/p>\n<\/div>\n<div class=\"sc-80531b6b-0 chRIGJ container-text text-embed\">\n<p>Trump impuso aranceles del 25% al acero y aluminio extranjero con la esperanza de que aliviar la situaci\u00f3n de los productores estadounidenses frente a la intensa competencia global, permiti\u00e9ndoles elevar los precios. <\/p>\n<\/div>\n<div class=\"sc-80531b6b-0 chRIGJ container-text text-embed\">\n<p>Ya decret\u00f3 una medida similar durante su primera presidencia, que da\u00f1\u00f3 las relaciones con importantes aliados de Washington y aument\u00f3 los costos para los fabricantes del sector secundarios que compran acero y aluminio.<\/p>\n<\/div>\n<div class=\"sc-198be8ec-0 cynXbu image-embed  image-embed \"><picture class=\"sc-198be8ec-1 kOjRiQ\"><source media=\"(min-width: 975px)\" width=\"720\" height=\"480\" \/><img alt=\"Paneles de alumnio, en un un dep\u00f3sito de Wuxi, en China. Foto: BLOOMBERG \" loading=\"lazy\" width=\"720\" height=\"480\" decoding=\"async\" data-nimg=\"1\" style=\"color:transparent\" src=\"https:\/\/13.com.ar\/wp-content\/uploads\/2025\/02\/La-Union-Europea-advierte-que-los-aranceles-de-Donald-Trump.jpg\"\/><span class=\"epigraphe\">Paneles de alumnio, en un un dep\u00f3sito de Wuxi, en China. Foto: BLOOMBERG <\/span><span class=\"bkg\"\/><span class=\"picture-open\"><button class=\"open-image\" aria-label=\"Open Image\"\/><\/span><\/picture><\/div>\n<div class=\"sc-80531b6b-0 chRIGJ container-text text-embed\">\n<p>No est\u00e1 claro qu\u00e9 medidas podr\u00eda aplicar el bloque, pero funcionarios y observadores indicaron que <strong>podr\u00edan apuntar a estados controlados por los republicanos <\/strong>y a las exportaciones estadounidenses tradicionalmente fuertes.<\/p>\n<\/div>\n<p><h2>Los aranceles de 2018<\/h2>\n<\/p>\n<div class=\"sc-80531b6b-0 chRIGJ container-text text-embed\">\n<p>Cuando Trump impuso aranceles al acero en 2018, la UE respondi\u00f3 gravando las motocicletas, el bourbon, la manteca de man\u00ed y los jeans estadounidenses, entre otros art\u00edculos.<\/p>\n<\/div>\n<div class=\"sc-80531b6b-0 chRIGJ container-text text-embed\">\n<p>\n              El vicepresidente de la Comisi\u00f3n Europea, Maro\u0161 \u0160ef\u010dovi\u010d, dijo el martes que los aranceles son \u201cecon\u00f3micamente contraproducentes, especialmente ante las cadenas de producci\u00f3n profundamente integradas establecidas a trav\u00e9s de nuestros extensos lazos comerciales y de inversi\u00f3n transatl\u00e1nticos\u201d. <\/p>\n<\/div>\n<div class=\"sc-80531b6b-0 chRIGJ container-text text-embed\">\n<p>\n              \u201cProtegeremos a nuestros trabajadores, empresas y consumidores\u201d, a\u00f1adi\u00f3 \u0160ef\u010dovi\u010d, que reconoci\u00f3 que este \u201cno es nuestro escenario preferido. Seguimos comprometidos con el di\u00e1logo constructivo. Estamos listos para negociar y encontrar soluciones mutuamente beneficiosas donde sea posible\u201d. <\/p>\n<\/div>\n<div class=\"sc-198be8ec-0 cynXbu image-embed  image-embed \"><picture class=\"sc-198be8ec-1 kOjRiQ\"><source media=\"(min-width: 975px)\" width=\"720\" height=\"480\" \/><img alt=\"El presidente Donald Trump firm\u00f3 el lunes el decreto con los aranceles a las importaciones de acero y aluminio. Foto: EFE \" loading=\"lazy\" width=\"720\" height=\"480\" decoding=\"async\" data-nimg=\"1\" style=\"color:transparent\" src=\"https:\/\/13.com.ar\/wp-content\/uploads\/2025\/02\/1739278171_573_La-Union-Europea-advierte-que-los-aranceles-de-Donald-Trump.jpg\"\/><span class=\"epigraphe\">El presidente Donald Trump firm\u00f3 el lunes el decreto con los aranceles a las importaciones de acero y aluminio. Foto: EFE <\/span><span class=\"bkg\"\/><span class=\"picture-open\"><button class=\"open-image\" aria-label=\"Open Image\"\/><\/span><\/picture><\/div>\n<div class=\"sc-80531b6b-0 chRIGJ container-text text-embed\">\n<p>La UE estima que el volumen del comercio entre ambas partes asciende a unos 1,5 billones de d\u00f3lares, que representa aproximadamente<strong> el 30% del comercio global. <\/strong>\u201cHay mucho en juego para ambas partes\u201d, afirm\u00f3 \u0160ef\u010dovi\u010d ante el Parlamento de la UE.<\/p>\n<\/div>\n<div class=\"sc-80531b6b-0 chRIGJ container-text text-embed\">\n<p>\n              Aunque la UE tiene un super\u00e1vit sustancial en exportaci\u00f3n de bienes, se\u00f1ala que se compensa parcialmente con el super\u00e1vit estadounidense en el comercio de servicios. <\/p>\n<\/div>\n<div class=\"sc-80531b6b-0 chRIGJ container-text text-embed\">\n<p>Bruselas afirma que el comercio de bienes alcanz\u00f3 los 851.000 millones de euros (878.000 millones de d\u00f3lares) en 2023, con un super\u00e1vit comercial de 156.000 millones de euros (161.000 millones de d\u00f3lares) para el bloque. <\/p>\n<\/div>\n<div class=\"sc-80531b6b-0 chRIGJ container-text text-embed\">\n<p>El comercio de servicios fue de 688.000 millones de euros (710.000 millones de d\u00f3lares), con un d\u00e9ficit comercial de 104.000 millones de euros (107.000 millones) para la UE.<\/p>\n<\/div>\n<\/div>\n<p><br \/>\n<br \/><a href=\"https:\/\/www.clarin.com\/mundo\/union-europea-advierte-aranceles-donald-trump-quedaran-respuesta_0_NH4vtqwGha.html\">Fuente Clarin.com <\/a><\/p>\n","protected":false},"excerpt":{"rendered":"<p>La presidenta de la Comisi\u00f3n Europea, Ursula von der Leyen, prometi\u00f3 el martes que los aranceles estadounidenses sobre el acero y el aluminio \u201cno quedar\u00e1n sin respuesta\u201d y que desencadenar\u00e1n severas medidas rec\u00edprocas por parte del bloque de 27 naciones. &#8220;La UE actuar\u00e1 para proteger sus intereses econ\u00f3micos\u201d, afirm\u00f3 von der Leyen en un comunicado [&hellip;]<\/p>\n","protected":false},"author":1,"featured_media":3808,"comment_status":"open","ping_status":"open","sticky":false,"template":"","format":"standard","meta":{"footnotes":""},"categories":[2],"tags":[4128,1051,178,4200,28,5841,3482,882,179,4199],"class_list":["post-3807","post","type-post","status-publish","format-standard","has-post-thumbnail","hentry","category-ultimas-noticias","tag-advierte","tag-aranceles","tag-donald","tag-europea","tag-los","tag-quedaran","tag-respuesta","tag-sin","tag-trump","tag-union"],"_links":{"self":[{"href":"https:\/\/13.com.ar\/index.php\/wp-json\/wp\/v2\/posts\/3807","targetHints":{"allow":["GET"]}}],"collection":[{"href":"https:\/\/13.com.ar\/index.php\/wp-json\/wp\/v2\/posts"}],"about":[{"href":"https:\/\/13.com.ar\/index.php\/wp-json\/wp\/v2\/types\/post"}],"author":[{"embeddable":true,"href":"https:\/\/13.com.ar\/index.php\/wp-json\/wp\/v2\/users\/1"}],"replies":[{"embeddable":true,"href":"https:\/\/13.com.ar\/index.php\/wp-json\/wp\/v2\/comments?post=3807"}],"version-history":[{"count":0,"href":"https:\/\/13.com.ar\/index.php\/wp-json\/wp\/v2\/posts\/3807\/revisions"}],"wp:featuredmedia":[{"embeddable":true,"href":"https:\/\/13.com.ar\/index.php\/wp-json\/wp\/v2\/media\/3808"}],"wp:attachment":[{"href":"https:\/\/13.com.ar\/index.php\/wp-json\/wp\/v2\/media?parent=3807"}],"wp:term":[{"taxonomy":"category","embeddable":true,"href":"https:\/\/13.com.ar\/index.php\/wp-json\/wp\/v2\/categories?post=3807"},{"taxonomy":"post_tag","embeddable":true,"href":"https:\/\/13.com.ar\/index.php\/wp-json\/wp\/v2\/tags?post=3807"}],"curies":[{"name":"wp","href":"https:\/\/api.w.org\/{rel}","templated":true}]}}