{"id":3805,"date":"2025-02-11T09:46:37","date_gmt":"2025-02-11T12:46:37","guid":{"rendered":"https:\/\/13.com.ar\/index.php\/cristina-kirchner-le-dijo-al-presidente-que-esta-hecho-todo-un-politico-de-la-casta-y-que-luis-caputo-se-lleva-el-premio-al-econochanta\/"},"modified":"2025-02-11T09:46:37","modified_gmt":"2025-02-11T12:46:37","slug":"cristina-kirchner-le-dijo-al-presidente-que-esta-hecho-todo-un-politico-de-la-casta-y-que-luis-caputo-se-lleva-el-premio-al-econochanta","status":"publish","type":"post","link":"https:\/\/13.com.ar\/index.php\/cristina-kirchner-le-dijo-al-presidente-que-esta-hecho-todo-un-politico-de-la-casta-y-que-luis-caputo-se-lleva-el-premio-al-econochanta\/","title":{"rendered":"Cristina Kirchner le dijo al Presidente que &#8220;est\u00e1 hecho todo un pol\u00edtico de la casta&#8221; y que Luis Caputo &#8220;se lleva el premio al econochanta&#8221;"},"content":{"rendered":"<p> <br \/>\n<br \/><img decoding=\"async\" src=\"https:\/\/13.com.ar\/wp-content\/uploads\/2025\/02\/Cristina-Kirchner-le-dijo-al-Presidente-que-esta-hecho-todo.jpg\" \/><\/p>\n<div>\n<p>La expresidenta <strong>Cristina Kirchner <\/strong>volvi\u00f3 a apelar a su ya repetida zaga de cartas abiertas contra <strong>Javier Milei <\/strong>en redes sociales y este martes se subi\u00f3 a los cuestionamientos contra el mandatario tras la decisi\u00f3n del libertario de echar al titular de la ANSES y tambi\u00e9n a la hija de Domingo Cavallo, embajadora de la OEA. Sin embargo, la cr\u00edtica m\u00e1s dura fue contra el ministro de Econom\u00eda, <strong>Luis Caputo<\/strong>, a quien calific\u00f3 de &#8220;econochanta&#8221;.<\/p>\n<\/div>\n<div>\n<p>La ex mandataria comenz\u00f3 su nuevo descargo con el foco puesto en la reciente decisi\u00f3n de Milei de echar a Sonia Cavallo, quien se desempe\u00f1aba como embajadora ante la OEA, por las advertencias que en materia econ\u00f3mica hace su padre, el ex ministro de Econom\u00eda de Carlos Menem y Fernando De la R\u00faa.<\/p>\n<\/div>\n<div>\n<p>&#8220;Le cortaste la cabeza a Sonia Cavallo, la hija del Mingo\u2026 que, como te critic\u00f3, <strong>pasaste de considerarlo &#8216;el mejor ministro de la historia&#8217; a decir que es un impresentable&#8221;<\/strong>, lo cruz\u00f3, y sigui\u00f3 con una chicana: &#8220;Y pensar que los que tenemos la fama de malos, violentos, autoritarios y vengativos somos los  peronistas&#8221;.<\/p>\n<\/div>\n<div>\n<p>En el mismo sentido se pronunci\u00f3 sobre la decisi\u00f3n del Presidente de echar a Mariano De los Heros de la ANSES. &#8220;\u00a1Te dije que era un burro! <strong>S\u00f3lo a ese animalito se le puede ocurrir decir, en un a\u00f1o electoral, que va a subir la edad jubilatoria<\/strong>&#8220;, sentenci\u00f3.<\/p>\n<\/div>\n<div>\n<p>&#8220;Est\u00e1s hecho todo un pol\u00edtico de la casta, cuidando votos a cualquier costo, a\u00fan el de planchar el d\u00f3lar como Mart\u00ednez de Hoz y Cavallo. Aunque tendr\u00edas que buscar mejores argumentos para rebatir las cr\u00edticas&#8221;, sentenci\u00f3 Cristina Kirchner sobre las decisiones del mandatario.<\/p>\n<\/div>\n<p><br \/>\n<br \/><a href=\"https:\/\/www.clarin.com\/politica\/che-milei-cristina-kirchner-dijo-presidente-hecho-politico-casta-luis-caputo-lleva-premio-econochanta_0_6ntrRyi6p1.html\">Fuente Clarin.com <\/a><\/p>\n","protected":false},"excerpt":{"rendered":"<p>La expresidenta Cristina Kirchner volvi\u00f3 a apelar a su ya repetida zaga de cartas abiertas contra Javier Milei en redes sociales y este martes se subi\u00f3 a los cuestionamientos contra el mandatario tras la decisi\u00f3n del libertario de echar al titular de la ANSES y tambi\u00e9n a la hija de Domingo Cavallo, embajadora de la [&hellip;]<\/p>\n","protected":false},"author":1,"featured_media":3806,"comment_status":"open","ping_status":"open","sticky":false,"template":"","format":"standard","meta":{"footnotes":""},"categories":[2],"tags":[45,5839,497,1572,5840,300,971,1381,2365,1251,1125,2000,135,24],"class_list":["post-3805","post","type-post","status-publish","format-standard","has-post-thumbnail","hentry","category-ultimas-noticias","tag-caputo","tag-casta","tag-cristina","tag-dijo","tag-econochanta","tag-esta","tag-hecho","tag-kirchner","tag-lleva","tag-luis","tag-politico","tag-premio","tag-presidente","tag-todo"],"_links":{"self":[{"href":"https:\/\/13.com.ar\/index.php\/wp-json\/wp\/v2\/posts\/3805","targetHints":{"allow":["GET"]}}],"collection":[{"href":"https:\/\/13.com.ar\/index.php\/wp-json\/wp\/v2\/posts"}],"about":[{"href":"https:\/\/13.com.ar\/index.php\/wp-json\/wp\/v2\/types\/post"}],"author":[{"embeddable":true,"href":"https:\/\/13.com.ar\/index.php\/wp-json\/wp\/v2\/users\/1"}],"replies":[{"embeddable":true,"href":"https:\/\/13.com.ar\/index.php\/wp-json\/wp\/v2\/comments?post=3805"}],"version-history":[{"count":0,"href":"https:\/\/13.com.ar\/index.php\/wp-json\/wp\/v2\/posts\/3805\/revisions"}],"wp:featuredmedia":[{"embeddable":true,"href":"https:\/\/13.com.ar\/index.php\/wp-json\/wp\/v2\/media\/3806"}],"wp:attachment":[{"href":"https:\/\/13.com.ar\/index.php\/wp-json\/wp\/v2\/media?parent=3805"}],"wp:term":[{"taxonomy":"category","embeddable":true,"href":"https:\/\/13.com.ar\/index.php\/wp-json\/wp\/v2\/categories?post=3805"},{"taxonomy":"post_tag","embeddable":true,"href":"https:\/\/13.com.ar\/index.php\/wp-json\/wp\/v2\/tags?post=3805"}],"curies":[{"name":"wp","href":"https:\/\/api.w.org\/{rel}","templated":true}]}}